{"id":2029,"date":"2016-12-23T11:18:03","date_gmt":"2016-12-23T10:18:03","guid":{"rendered":"http:\/\/www.lintelligentdabidjan.info\/news\/?p=2029"},"modified":"2016-12-23T11:18:03","modified_gmt":"2016-12-23T10:18:03","slug":"stade-olympique-debimpe-duncan-lance-les-travaux-apres-42-ans-dattente-et-de-doute","status":"publish","type":"post","link":"https:\/\/www.lintelligentdabidjan.info\/news\/stade-olympique-debimpe-duncan-lance-les-travaux-apres-42-ans-dattente-et-de-doute\/","title":{"rendered":"Stade Olympique d\u2019Ebimp\u00e9 : Duncan lance les travaux apr\u00e8s 42 ans d\u2019attente et de doute"},"content":{"rendered":"<p>Le Premier ministre Daniel Kablan Duncan  a proc\u00e9d\u00e9,  le jeudi 22 d\u00e9cembre 2016 au  lancement des travaux  du stade olympique d\u2019Ebimp\u00e9  dans  la commune d\u2019Anyama. Un premier coup de pioche qui a mis fin \u00e0 une longue attente de 42 ans.<!--more--><\/p>\n<p> La C\u00f4te d\u2019Ivoire  aura  dans un d\u00e9lai de 34  mois un  nouvel  \u00e9difice  sportif ;  le stade Olympique d\u2019Ebimp\u00e9.  Une infrastructure  sportive  d\u2019une capacit\u00e9 de 60 000 places, pour un co\u00fbt de r\u00e9alisation de 67,5 milliards FCFA. C\u2019est un don de la R\u00e9publique populaire de Chine \u00e0 la C\u00f4te d\u2019Ivoire. Le  stade olympique d\u2019Ebimp\u00e9  sera  construit  avec du b\u00eaton  et du m\u00e9tal. Il   aura 51,40  M  de hauteur,  avec 3 niveaux  pour les  spectateurs, 10 couloirs  de piste pour l\u2019athl\u00e9tisme   et une toiture  en membrane. En proc\u00e9dant au lancement des travaux de ce joyau architectural, le  Premier ministre, Daniel Kablan Duncan  donne forme \u00e0 un projet  du p\u00e8re-fondateur de la C\u00f4te d\u2019Ivoire, feu F\u00e9lix Houphou\u00ebt-Boigny.  \u00ab   L\u2019id\u00e9e de la r\u00e9alisation de ce projet, qui date de 1974 a \u00e9t\u00e9 con\u00e7u  par  le pr\u00e9sident F\u00e9lix Houphou\u00ebt-Boigny, p\u00e8re-b\u00e2tisseur de la C\u00f4te d\u2019Ivoire  moderne. Ce projet fait parti du programme  de d\u00e9veloppement  con\u00e7u par  le pr\u00e9sident Aim\u00e9 Henri Konan B\u00e9di\u00e9. Aujourd\u2019hui,  le pr\u00e9sident Alassane Ouattara, grand b\u00e2tisseur vient traduire  en r\u00e9alit\u00e9 concr\u00e8te ce v\u0153u cher  au  p\u00e8re de la nation et \u00e0 son successeur \u00bb a rappel\u00e9  le patron du Gouvernement. Pour qui  ce moment  indique que la C\u00f4te d\u2019Ivoire est engag\u00e9e dans  le processus d\u2019organisation de la CAN 2021. \u00ab C\u2019est donc un moyen exceptionnel  voir historique  que nous vivons  avec  le lancement  de travaux. Moment exceptionnel  car il nous laisse entrevoir  que la C\u00f4te d\u2019Ivoire est en ordre de bataille  pour la CAN 2021.  Moment historique,  parce que la construction  du stade s\u2019inscrit dans le processus de r\u00e9alisation d\u2019infrastructures adapt\u00e9es  aux comp\u00e9titions de haut niveau   dont notre pays entend se doter \u00bb, a  soulign\u00e9  Daniel Kablan Duncan.  Au-del\u00e0   de  la CAN 2021, il s\u2019agit aussi,  dira  le Premier ministre de d\u00e9velopper  l\u2019activit\u00e9  physique. Le ministre des Sports et Loisirs, Amichia Fran\u00e7ois  voit en  la construction de ce stade, l\u2019excellente  coop\u00e9ration sino-ivoirienne. \u00ab Nous sommes donc r\u00e9unis aujourd\u2019hui pour d\u2019abord c\u00e9l\u00e9brer l\u2019excellence des relations d\u2019amiti\u00e9 et de coop\u00e9ration qui unissent la cote d\u2019ivoire \u00e0 la R\u00e9publique populaire de Chine. Ce stade est le projet phare qui t\u00e9moigne de l\u2019excellence de cette coop\u00e9ration bilat\u00e9rale \u00bb, a soulign\u00e9 le ministre des Sports.  Pour qui cet  ouvrage  va cr\u00e9er plus de 1500  emplois directs avec une priorit\u00e9 aux jeunes de la localit\u00e9.   \u00ab  D\u2019ici 3 ans  la C\u00f4te d\u2019Ivoire  sera dot\u00e9e du plus grand  stade d\u2019Afrique de l\u2019ouest \u00bb,  a confi\u00e9  Qian Li Xia, charg\u00e9 d\u2019affaire  de l\u2019ambassade de la Chine en C\u00f4te d\u2019Ivoire. <\/p>\n<p>Ange Kouadio <\/p>\n","protected":false},"excerpt":{"rendered":"<p>Le Premier ministre Daniel Kablan Duncan a proc\u00e9d\u00e9, le jeudi 22 d\u00e9cembre 2016 au lancement des travaux du stade olympique d\u2019Ebimp\u00e9 dans la commune d\u2019Anyama. Un premier coup de pioche qui a mis fin \u00e0 une longue attente de 42 ans.<\/p>\n","protected":false},"author":2,"featured_media":2030,"comment_status":"closed","ping_status":"closed","sticky":false,"template":"","format":"standard","meta":{"_monsterinsights_skip_tracking":false,"_monsterinsights_sitenote_active":false,"_monsterinsights_sitenote_note":"","_monsterinsights_sitenote_category":0,"footnotes":""},"categories":[18,3],"tags":[],"class_list":["post-2029","post","type-post","status-publish","format-standard","has-post-thumbnail","hentry","category-economie","category-societe"],"_links":{"self":[{"href":"https:\/\/www.lintelligentdabidjan.info\/news\/wp-json\/wp\/v2\/posts\/2029","targetHints":{"allow":["GET"]}}],"collection":[{"href":"https:\/\/www.lintelligentdabidjan.info\/news\/wp-json\/wp\/v2\/posts"}],"about":[{"href":"https:\/\/www.lintelligentdabidjan.info\/news\/wp-json\/wp\/v2\/types\/post"}],"author":[{"embeddable":true,"href":"https:\/\/www.lintelligentdabidjan.info\/news\/wp-json\/wp\/v2\/users\/2"}],"replies":[{"embeddable":true,"href":"https:\/\/www.lintelligentdabidjan.info\/news\/wp-json\/wp\/v2\/comments?post=2029"}],"version-history":[{"count":1,"href":"https:\/\/www.lintelligentdabidjan.info\/news\/wp-json\/wp\/v2\/posts\/2029\/revisions"}],"predecessor-version":[{"id":2031,"href":"https:\/\/www.lintelligentdabidjan.info\/news\/wp-json\/wp\/v2\/posts\/2029\/revisions\/2031"}],"wp:featuredmedia":[{"embeddable":true,"href":"https:\/\/www.lintelligentdabidjan.info\/news\/wp-json\/wp\/v2\/media\/2030"}],"wp:attachment":[{"href":"https:\/\/www.lintelligentdabidjan.info\/news\/wp-json\/wp\/v2\/media?parent=2029"}],"wp:term":[{"taxonomy":"category","embeddable":true,"href":"https:\/\/www.lintelligentdabidjan.info\/news\/wp-json\/wp\/v2\/categories?post=2029"},{"taxonomy":"post_tag","embeddable":true,"href":"https:\/\/www.lintelligentdabidjan.info\/news\/wp-json\/wp\/v2\/tags?post=2029"}],"curies":[{"name":"wp","href":"https:\/\/api.w.org\/{rel}","templated":true}]}}