{"id":2032,"date":"2016-12-23T11:20:26","date_gmt":"2016-12-23T10:20:26","guid":{"rendered":"http:\/\/www.lintelligentdabidjan.info\/news\/?p=2032"},"modified":"2016-12-23T11:20:26","modified_gmt":"2016-12-23T10:20:26","slug":"sangare-souleymane-mecanicien-garagiste-cest-a-nous-de-professionnaliser-le-metier-et-letat-va-nous-suivre","status":"publish","type":"post","link":"https:\/\/www.lintelligentdabidjan.info\/news\/sangare-souleymane-mecanicien-garagiste-cest-a-nous-de-professionnaliser-le-metier-et-letat-va-nous-suivre\/","title":{"rendered":"Sangar\u00e9 Souleymane, m\u00e9canicien-garagiste :  &#8220;C\u2019est \u00e0 nous de professionnaliser le m\u00e9tier et l\u2019Etat va nous suivre&#8221;"},"content":{"rendered":"<p>Souleymane Sangar\u00e9 est un v\u00e9ritable \u00ab succ\u00e8s story \u00bb dans son domaine. M\u00e9canicien, il est propri\u00e9taire d\u2019un garage depuis quelques ann\u00e9es et embauche 14 personnes dont un directeur charg\u00e9 de la politique manag\u00e9riale de sa boite et une commerciale.<!--more--><\/p>\n<p> Dans cette interview, il invite les m\u00e9caniciens \u00e0 professionnaliser le milieu. ce qui, selon lui, obligera le Gouvernement \u00e0 d\u00e9velopper ce secteur.<br \/>\nQu\u2019est-ce qui vous a pouss\u00e9 \u00e0 vous lancer dans la m\u00e9canique ?<br \/>\nDepuis mon enfance, j\u2019aimais d\u00e9j\u00e0 les engins. Pendant la No\u00ebl, lorsque ma m\u00e8re me donnait des cadeaux, ils ne duraient pas parce que je passais  mon temps \u00e0 les d\u00e9monter pour savoir ce qu\u2019il y a dans ces engins. Depuis ce moment, les v\u00e9hicules sont devenus pour moi une passion.  <\/p>\n<p><strong>Votre amour pour la m\u00e9canique n\u2019est-il pas la r\u00e9sultante d\u2019un \u00e9chec scolaire ?<\/strong><br \/>\nNon ce n\u2019est pas le cas. Je suis all\u00e9 \u00e0 l\u2019\u00e9cole pour m\u2019orienter. C\u2019est vrai j\u2019ai arr\u00eat\u00e9 en classe de 6\u00e8me mais ce n\u2019\u00e9tait pas \u00e0 cause d\u2019un quelconque \u00e9chec que je me suis retir\u00e9 de l\u2019\u00e9cole. Etant \u00e0 l\u2019\u00e9cole les jours f\u00e9ri\u00e9s j\u2019allais dans un garage pour apprendre le m\u00e9tier qui me passionne. Ma fili\u00e8re, c\u2019est la m\u00e9canique. J\u2019ai aim\u00e9 et tr\u00e8s t\u00f4t je me suis lanc\u00e9 dans ce qui me pla\u00eet. Le parcours scolaire ne m\u2019a rien dit. J\u2019ai mis toute ma passion dans la m\u00e9canique. Je n\u2019avais personne dans la famille qui faisait ce m\u00e9tier mais je l\u2019aimais. Certes, l\u2019\u00e9cole te rattrape un jour mais moi c\u2019est pour simplement m\u2019orienter  dans ma vie que je suis all\u00e9 \u00e0 l\u2019\u00e9cole<\/p>\n<p><strong>Comment se faisait votre formation? <\/strong><br \/>\nLa formation \u00e9tait typiquement pratique. Quand j\u2019ai eu une petite exp\u00e9rience dans le domaine, j\u2019ai vu que je devais \u00eatre form\u00e9 de mani\u00e8re th\u00e9orique parce que les v\u00e9hicules \u00e9taient automatiques. C\u2019est \u00e0 ce moment que, tu sens que l\u2019\u00e9cole va te rattraper parce que tu as besoin de la th\u00e9orie pour connaitre comment certaines pi\u00e8ces d\u2019une voiture fonctionnent. Alors je me suis fait former chez un patron de garage qui \u00e9tait professeur \u00e9galement dans une \u00e9cole technique. C\u2019est celui-l\u00e0 qui m\u2019a donn\u00e9 des enseignements pratiques et th\u00e9oriques. Pendant les p\u00e9riodes creuses, il nous faisait la th\u00e9orie. Il nous apprenait le fonctionnement par exemple d\u2019une bougie, d\u2019un piston. Chacun notait \u00e9galement et \u00e0 la descente on \u00e9tudiait les le\u00e7ons comme une \u00e9cole normale. Aussi, dans notre groupe on avait des \u00e9l\u00e8ves qui venaient directement de l\u2019\u00e9cole technique. Ils nous apprenaient la th\u00e9orie et nous qui n\u2019avons pas fait l\u2019\u00e9cole technique, on leur apprenait la pratique. C\u2019\u00e9tait du donnant-donnant. Il faut dire aussi que j\u2019ai eu la chance de c\u00f4toyer des patrons tr\u00e8s qualifi\u00e9s. Dans le garage o\u00f9 j\u2019\u00e9tais \u00e0 Marcory, il \u00e9tait pr\u00e9vu que je fasse 3 ans de formation. Mais comme j\u2019\u00e9tais le meilleur dans notre groupe je n\u2019ai pas fini mes 3 ans et on m\u2019a affect\u00e9 \u00e0 Yopougon. L\u00e0-bas, on me donnait des primes d\u2019encouragement qui me permettait de payer ma carte de bus et  me nourrir. Je suis rest\u00e9 au garage de Yopougon pendant 17 ans. J\u2019ai fait toute ma vie dans la m\u00e9canique. <\/p>\n<p><strong>Quelle est la difficult\u00e9 en m\u00e9canique?<\/strong><br \/>\nPour moi, dans la formation, il n\u2019y a pas de difficult\u00e9. Quand tu te formes, c\u2019est pour obtenir quelque chose. Ce n\u2019est pas facile. Dire que je marchais,  je ne mangeais pas de la journ\u00e9e, pour moi, ce ne sont pas des difficult\u00e9s. C\u2019est comme un \u00e9l\u00e8ve qui dit je marchais pour aller \u00e0 l\u2019\u00e9cole, il n\u2019a rien dit. Si tu \u00e9tais n\u00e9 dans une famille ais\u00e9e tu n\u2019allais pas aller \u00e0 l\u2019\u00e9cole en bus ou marcher. C\u2019est apr\u00e8s la formation qu\u2019il y a des difficult\u00e9s pour s\u2019ins\u00e9rer. <\/p>\n<p><strong>Aujourd\u2019hui, vous \u00eates patron d\u2019un garage, qu\u2019est-ce qui vous a pouss\u00e9 \u00e0 monter votre propre business ?<\/strong><br \/>\nJ\u2019ai vu que c\u2019\u00e9tait le moment d\u2019affronter la vie. J\u2019avais beaucoup appris et j\u2019avais un r\u00eave celui d\u2019\u00eatre l\u2019un des plus grands m\u00e9caniciens du pays. J\u2019ai commenc\u00e9 avec un premier garage en 2011 \u00e0 Marcory. Le propri\u00e9taire nous a chass\u00e9s du terrain un an apr\u00e8s. J\u2019ai fait des mois sans travail. Je ne me suis pas d\u00e9courag\u00e9 pour autant, j\u2019ai mont\u00e9  encore un autre garage  ou j\u2019ai \u00e9t\u00e9 chass\u00e9 un an apr\u00e8s ou les habitants de la cit\u00e9 ont cass\u00e9 carr\u00e9ment le garage. Donc, il fallait tout reprendre \u00e0 z\u00e9ro. C\u2019est ce que j\u2019ai fait et aujourd\u2019hui cela fait 2 ans que nous sommes dans un nouvel endroit. Par la gr\u00e2ce de Dieu tout va pour le mieux.  Vous voyez de 2011 \u00e0 aujourd\u2019hui, le parcours que nous avons travers\u00e9. <\/p>\n<p><strong>La plupart des garages ne sont pas structur\u00e9s. Chez vous comment vous proc\u00e9dez ?<\/strong><br \/>\nIci j\u2019ai pris un directeur qui fait tous mes contrats. Les employ\u00e9s ont un tableau de r\u00e8glement  int\u00e9rieur qu\u2019ils doivent respecter. On est tr\u00e8s diff\u00e9rents des autres garages. Nous  avons un programme bien d\u00e9fini. Les m\u00e9caniciens que vous voyez ont tous un salaire bien \u00e9tabli. J\u2019emploie 14 personnes dans mon garage. En plus du directeur, il y a une secr\u00e9taire, une commerciale, 4 m\u00e9caniciens pour les petits engins et 6 autres pour les gros engins et un \u00e9lectricien. Nous commen\u00e7ons le travail \u00e0 8 heures et \u00e0 18 heures tout est fini. Chaque chef de m\u00e9canicien  a une fiche o\u00f9 il pointe l\u2019arriv\u00e9e de ses subalternes. A sa descente, il vient avec le rapport journalier au si\u00e8ge pour que la direction valide. J\u2019ai deux \u00e9quipes. Une pour les petits engins et l\u2019autre pour les grands engins.  Ensuite, tous les v\u00e9hicules qui entrent dans notre garage sont assur\u00e9s. Je paye chaque ann\u00e9e 1million 2 cent mille en assurance tout risque. Cela veut dire que m\u00eame si ta voiture est assur\u00e9e, si elle franchit  le garage, notre assurance la couvre. Nous faisons \u00e9galement, la Formation professionnelle par alternance. C\u2019est-\u00e0-dire apr\u00e8s la pratique, j\u2019ai un professeur de l\u2019enseignement technique qui vient former les m\u00e9caniciens th\u00e9oriquement. Et ce, les jeudis et vendredis. C\u2019est moi qui paye les formations. <\/p>\n<p><strong>Quel est le secret de votre r\u00e9ussite ? <\/strong><br \/>\nC\u2019est la passion et l\u2019amour de ce qu\u2019on fait. Dans chaque m\u00e9tier, il y a des difficult\u00e9s mais c\u2019est votre courage qui  vous emm\u00e8ne au succ\u00e8s. <\/p>\n<p><strong>Qu\u2019est-ce que vous pouvez dire aux personnes qui pensent qu\u2019\u00eatre m\u00e9canicien est un sous-m\u00e9tier ?<\/strong><br \/>\nJe voudrais dire que le m\u00e9tier de m\u00e9canique est noble. Si on reprenait la vie, j\u2019allais \u00eatre toujours m\u00e9canicien. Je ne regrette pas. Il faut \u00eatre quelqu\u2019un de plus qu\u2019intelligent pour \u00eatre m\u00e9canicien. Un m\u00e9canicien est comme un m\u00e9decin qui fait 9 ans de formation.  Je vais vous raconter une anecdote. J\u2019\u00e9tais \u00e0 Marcory et une femme voulait obliger son fils \u00e0 apprendre la m\u00e9canique. Elle m\u2019a dit  \u00ab  Monsieur, mon enfant n\u2019est pas intelligent \u00e0 l\u2019\u00e9cole, donc je veux qu\u2019il fasse la m\u00e9canique \u00bb. J\u2019ai dit \u00e0 cette derni\u00e8re que je ne formerai pas son enfant. On voit le m\u00e9canicien sale mais on ne pense pas au r\u00e9sultat qu\u2019il donne. Mais il faut \u00eatre intelligent pour faire cela. Nous accomplissons des devoirs quotidiens plus qu\u2019\u00e0 l\u2019\u00e9cole. Quand vous venez avec votre voiture qui ne d\u00e9marre pas, le m\u00e9canicien doit faire tout pour corriger cela. Donc quand on parle de quelqu\u2019un qui est intelligent, c\u2019est le m\u00e9canicien. Aujourd\u2019hui, gr\u00e2ce \u00e0 ce m\u00e9tier j\u2019emploie chez moi un indien. Quand les voitures de mes clients ont une panne dans un pays comme le Benin ou autre, on me paye le billet d\u2019avion tous frais pay\u00e9s pour aller d\u00e9panner.<\/p>\n<p><strong>Qu\u2019est-ce qu\u2019il  faut pour professionnaliser le m\u00e9tier ? <\/strong><br \/>\nLa fili\u00e8re m\u00e9canique est carr\u00e9ment d\u00e9laiss\u00e9e. Il y a des \u00e9l\u00e8ves qui ont leur cv chez moi, qui sont form\u00e9s dans les grandes \u00e9coles en th\u00e9orie mais en pratique c\u2019est z\u00e9ro. Quand je les prends, je leur donne des conseils parce qu\u2019ils n\u2019ont pas de bon niveau. En m\u00e9canique, il y a  deux formations. La premi\u00e8re c\u2019est la th\u00e9orie que tu apprends \u00e0 l\u2019\u00e9cole mais quand tu viens  \u00e0 la maison, pendant les cong\u00e9s, tu dois faire la pratique dans un garage. Aujourd\u2019hui, ceux qui sont form\u00e9s dans les \u00e9coles sont vidangeurs dans les stations. M\u00eame un citoyen normal que je forme pendant deux jours peut faire cela. Leur place c\u2019est de venir donner un plus \u00e0 ceux qui ont appris sur le tas. Cette fili\u00e8re appartient aux m\u00e9caniciens. C\u2019est eux qui doivent raisonner professionnel. Il faut que le m\u00e9canicien d\u2019abord paye ses employ\u00e9s parce que ce n\u2019est pas quelqu\u2019un de notre fili\u00e8re qui peut professionnaliser notre fili\u00e8re. Tant que nous pensons  ainsi, nous  serons toujours derri\u00e8re.  Ce n\u2019est pas l\u2019Etat qui va venir nous dicter la d\u00e9marche \u00e0 suivre. C\u2019est \u00e0 nous de professionnaliser le m\u00e9tier et l\u2019Etat va nous suivre. La m\u00e9canique est une entreprise comme tout autre. Il peut \u00eatre rentable pour l\u2019Etat et pour les m\u00e9caniciens. La m\u00e9canique va au-del\u00e0  du terme nourrir son homme. Quand tu vois qu\u2019un jour, un client qui tombe en panne dans un pays quelconque  qui paye ton billet d\u2019avion pour venir le d\u00e9panner, tu ne peux pas dire que la m\u00e9canique ne nourrir pas son homme, il va au-del\u00e0.<\/p>\n<p>R\u00e9alis\u00e9 par MB<\/p>\n","protected":false},"excerpt":{"rendered":"<p>Souleymane Sangar\u00e9 est un v\u00e9ritable \u00ab succ\u00e8s story \u00bb dans son domaine. M\u00e9canicien, il est propri\u00e9taire d\u2019un garage depuis quelques ann\u00e9es et embauche 14 personnes dont un directeur charg\u00e9 de la politique manag\u00e9riale de sa boite et une commerciale.<\/p>\n","protected":false},"author":2,"featured_media":0,"comment_status":"closed","ping_status":"closed","sticky":false,"template":"","format":"standard","meta":{"_monsterinsights_skip_tracking":false,"_monsterinsights_sitenote_active":false,"_monsterinsights_sitenote_note":"","_monsterinsights_sitenote_category":0,"footnotes":""},"categories":[3],"tags":[],"class_list":["post-2032","post","type-post","status-publish","format-standard","hentry","category-societe"],"_links":{"self":[{"href":"https:\/\/www.lintelligentdabidjan.info\/news\/wp-json\/wp\/v2\/posts\/2032","targetHints":{"allow":["GET"]}}],"collection":[{"href":"https:\/\/www.lintelligentdabidjan.info\/news\/wp-json\/wp\/v2\/posts"}],"about":[{"href":"https:\/\/www.lintelligentdabidjan.info\/news\/wp-json\/wp\/v2\/types\/post"}],"author":[{"embeddable":true,"href":"https:\/\/www.lintelligentdabidjan.info\/news\/wp-json\/wp\/v2\/users\/2"}],"replies":[{"embeddable":true,"href":"https:\/\/www.lintelligentdabidjan.info\/news\/wp-json\/wp\/v2\/comments?post=2032"}],"version-history":[{"count":1,"href":"https:\/\/www.lintelligentdabidjan.info\/news\/wp-json\/wp\/v2\/posts\/2032\/revisions"}],"predecessor-version":[{"id":2033,"href":"https:\/\/www.lintelligentdabidjan.info\/news\/wp-json\/wp\/v2\/posts\/2032\/revisions\/2033"}],"wp:attachment":[{"href":"https:\/\/www.lintelligentdabidjan.info\/news\/wp-json\/wp\/v2\/media?parent=2032"}],"wp:term":[{"taxonomy":"category","embeddable":true,"href":"https:\/\/www.lintelligentdabidjan.info\/news\/wp-json\/wp\/v2\/categories?post=2032"},{"taxonomy":"post_tag","embeddable":true,"href":"https:\/\/www.lintelligentdabidjan.info\/news\/wp-json\/wp\/v2\/tags?post=2032"}],"curies":[{"name":"wp","href":"https:\/\/api.w.org\/{rel}","templated":true}]}}