{"id":2062,"date":"2016-12-28T14:10:24","date_gmt":"2016-12-28T13:10:24","guid":{"rendered":"http:\/\/www.lintelligentdabidjan.info\/news\/?p=2062"},"modified":"2016-12-28T15:44:57","modified_gmt":"2016-12-28T14:44:57","slug":"9e-congres-de-la-fesci-assi-fulgence-assi-reconduit-pour-un-second-mandat","status":"publish","type":"post","link":"https:\/\/www.lintelligentdabidjan.info\/news\/9e-congres-de-la-fesci-assi-fulgence-assi-reconduit-pour-un-second-mandat\/","title":{"rendered":"9e Congr\u00e8s de la Fesci :Assi Fulgence Assi  reconduit pour un second mandat"},"content":{"rendered":"<p>A l\u2019issue du 9\u00e8me  congr\u00e8s de la F\u00e9d\u00e9ration estudiantine et scolaire de C\u00f4te d\u2019Ivoire(Fesci) qui s\u2019est tenu du 21 au 23 d\u00e9cembre 2016, Assi Fulgence Assi  a \u00e9t\u00e9 reconduit au poste du Secr\u00e9taire g\u00e9n\u00e9ral de ladite F\u00e9d\u00e9ration. <!--more--><\/p>\n<p>La proclamation des r\u00e9sultats  officiels de ce congr\u00e8s a \u00e9t\u00e9 faite  le vendredi 2 3 d\u00e9cembre  2016, par le pr\u00e9sident du comit\u00e9 d\u2019organisation (Pco), Allah Saint-Clair.<br \/>\n Le Pco    a  indiqu\u00e9  qu\u2019\u00e0 l\u2019issue de ce congr\u00e8s \u00e9lectif,\u00ab  le candidat Assi Fulgence Assi  a \u00e9t\u00e9 d\u00e9clar\u00e9 secr\u00e9taire g\u00e9n\u00e9ral national de la  F\u00e9d\u00e9ration estudiantine et scolaire de C\u00f4te d\u2019Ivoire(Fesci) avec 463 voix soit un pourcentage de 80,38 %  et le second  Traor\u00e9  San Ga\u00ebl avec  72 voix soit un pourcentage de 12 ,50% \u00bb.Avant de confier \u00e0 la presse que \u00ab le candidat Kon\u00e9 Mohamed s\u2019est ralli\u00e9 au candidat Assi Fulgence Assi qui a \u00e9t\u00e9 reconduit pour un second mandat\u00bb.<br \/>\nQuant \u00e0 Assi Fulgence Assi, Secr\u00e9taire g\u00e9n\u00e9ral reconduit pour un second mandat quelques heures plus t\u00f4t, il a   rassur\u00e9 ses camarades \u00e9tudiants quant aux grands axes de son mandat. Des axes qui permettront de r\u00e9pondre au mieux \u00e0 leurs pr\u00e9occupations.\u00abC\u2019est vous qui m\u2019avez port\u00e9  et reconduit \u00e0 la t\u00eate de cette organisation. Mais retenez qu\u2019apr\u00e8s ces deux ann\u00e9es de mandature, les grands d\u00e9fis qui nous attendent sont de deux ordres. Donc, le premier est relatif \u00e0 l\u2019organisation de notre structure. Il sera question d\u2019institutionnaliser notre organisation, de faire de cette organisation, une institution au service de l\u2019Etat, au service des \u00e9l\u00e8ves et \u00e9tudiants de C\u00f4te d\u2019Ivoire. Le second concerne les probl\u00e8mes que connaissent nos universit\u00e9s et grandes \u00e9coles notamment l\u2019am\u00e9lioration de nos conditions de vie. Malheureusement, nombreux sont nos probl\u00e8mes qui n\u2019ont pas encore trouv\u00e9 satisfaction. La question des bourses n\u2019existe pratiquement plus dans les universit\u00e9s (\u2026).  Alors pour ce second mandat nous irons \u00e0 l\u2019essentiel \u00bb  a-t-il promis. Notons qu\u2019il y avait 3 candidats \u00e0 ce congr\u00e8s. A savoir,   Assi Fulgence Assi,  Secr\u00e9taire g\u00e9n\u00e9ral sortant, Kon\u00e9 Mohamed, Coordonnateur  de Tabou et Traore San Ga\u00ebl ancien secr\u00e9taire \u00e0 l\u2019Environnement.    Ce congr\u00e8s a enregistr\u00e9 576 d\u00e9l\u00e9gu\u00e9s.<br \/>\nTAB info T.Z<\/p>\n","protected":false},"excerpt":{"rendered":"<p>A l\u2019issue du 9\u00e8me congr\u00e8s de la F\u00e9d\u00e9ration estudiantine et scolaire de C\u00f4te d\u2019Ivoire(Fesci) qui s\u2019est tenu du 21 au 23 d\u00e9cembre 2016, Assi Fulgence Assi a \u00e9t\u00e9 reconduit au poste du Secr\u00e9taire g\u00e9n\u00e9ral de ladite F\u00e9d\u00e9ration.<\/p>\n","protected":false},"author":2,"featured_media":2076,"comment_status":"closed","ping_status":"closed","sticky":false,"template":"","format":"standard","meta":{"_monsterinsights_skip_tracking":false,"_monsterinsights_sitenote_active":false,"_monsterinsights_sitenote_note":"","_monsterinsights_sitenote_category":0,"footnotes":""},"categories":[1],"tags":[],"class_list":["post-2062","post","type-post","status-publish","format-standard","has-post-thumbnail","hentry","category-actualites"],"_links":{"self":[{"href":"https:\/\/www.lintelligentdabidjan.info\/news\/wp-json\/wp\/v2\/posts\/2062","targetHints":{"allow":["GET"]}}],"collection":[{"href":"https:\/\/www.lintelligentdabidjan.info\/news\/wp-json\/wp\/v2\/posts"}],"about":[{"href":"https:\/\/www.lintelligentdabidjan.info\/news\/wp-json\/wp\/v2\/types\/post"}],"author":[{"embeddable":true,"href":"https:\/\/www.lintelligentdabidjan.info\/news\/wp-json\/wp\/v2\/users\/2"}],"replies":[{"embeddable":true,"href":"https:\/\/www.lintelligentdabidjan.info\/news\/wp-json\/wp\/v2\/comments?post=2062"}],"version-history":[{"count":1,"href":"https:\/\/www.lintelligentdabidjan.info\/news\/wp-json\/wp\/v2\/posts\/2062\/revisions"}],"predecessor-version":[{"id":2063,"href":"https:\/\/www.lintelligentdabidjan.info\/news\/wp-json\/wp\/v2\/posts\/2062\/revisions\/2063"}],"wp:featuredmedia":[{"embeddable":true,"href":"https:\/\/www.lintelligentdabidjan.info\/news\/wp-json\/wp\/v2\/media\/2076"}],"wp:attachment":[{"href":"https:\/\/www.lintelligentdabidjan.info\/news\/wp-json\/wp\/v2\/media?parent=2062"}],"wp:term":[{"taxonomy":"category","embeddable":true,"href":"https:\/\/www.lintelligentdabidjan.info\/news\/wp-json\/wp\/v2\/categories?post=2062"},{"taxonomy":"post_tag","embeddable":true,"href":"https:\/\/www.lintelligentdabidjan.info\/news\/wp-json\/wp\/v2\/tags?post=2062"}],"curies":[{"name":"wp","href":"https:\/\/api.w.org\/{rel}","templated":true}]}}