{"id":20637,"date":"2020-05-04T22:50:35","date_gmt":"2020-05-04T20:50:35","guid":{"rendered":"https:\/\/www.lintelligentdabidjan.info\/news\/?p=20637"},"modified":"2020-05-05T20:05:50","modified_gmt":"2020-05-05T18:05:50","slug":"editorial-lafrique-epargnee-par-covid-19-ou-reflexion-sur-la-tentation-de-solution-africaine","status":"publish","type":"post","link":"https:\/\/www.lintelligentdabidjan.info\/news\/editorial-lafrique-epargnee-par-covid-19-ou-reflexion-sur-la-tentation-de-solution-africaine\/","title":{"rendered":"\u00c9ditorial: L\u2019Afrique \u00e9pargn\u00e9e par Covid 19 ou r\u00e9flexion sur la tentation de solution africaine ?"},"content":{"rendered":"<p><em><strong>La progression de la nouvelle maladie au nouveau Coronavirus 2019 semble limit\u00e9e en Afrique. Cette situation pousse des intellectuels, des observateurs de la vie sociale, politique et \u00e9conomique sur le continent, et m\u00eame des d\u00e9cideurs, \u00e0 plaider pour une r\u00e9ponse africaine \u00e0 la maladie, en demandant de faire fi des mesures de confinement prises en Europe, ou dans d\u2019autres r\u00e9gions du monde, et mises en application Afrique.<\/strong><\/em><\/p>\n<p>En m\u00eame temps, sur le continent, les populations semblent n\u2019\u00eatre pas en mesure de respecter de fa\u00e7on stricte les mesures barri\u00e8res, sans que cela ne soit, pour le moment, un facteur de propagation massive de la maladie.<\/p>\n<p>Cet \u00e9tat de fait renforce encore l\u2019id\u00e9e que l\u2019Africain serait invuln\u00e9rable \u00e0 la maladie pour deux raisons : d\u2019une part une population jeune, et dont 41 % ont moins de 15 ans, avec en 2012, l\u2019\u00e2ge m\u00e9dian du continent est de 20 ans ; et d\u2019autre part le climat , avec l\u2019id\u00e9e que le Covid 19 frapperait essentiellement les pays temp\u00e9r\u00e9s, et non tropicaux ou aux climats chauds.<\/p>\n<p>C\u2019est dans ce contexte de relative confiance que le Cameroun a annonc\u00e9 la r\u00e9ouverture des maquis et des restaurants au-del\u00e0 de 18:00. Cela signifie que ces endroits restaient ouverts jusqu\u2019\u00e0 18 h, \u00e0 ce jour. D\u2019autres pays annoncent la reprise progressive des activit\u00e9s de restauration, tout en maintenant des limitations et restrictions dans les spectacles, les sports collectifs. <\/p>\n<p>La menace existe pourtant<\/p>\n<p>Pourtant l\u2019Afrique n\u2019est pas \u00e0 l\u2019abri d\u2019une flamb\u00e9e de la pand\u00e9mie, et cela peut m\u00eame conduire certains \u00e0 dire que les mesures pr\u00e9conis\u00e9es et d\u00e9j\u00e0 appliqu\u00e9es (gestes barri\u00e8res, confinement) ne sont pas efficaces. <\/p>\n<p>Dans ce contexte qui oscille entre optimisme, insouciance et une revendication d\u2019ind\u00e9pendance et de souverainet\u00e9 m\u00e9dicale, les mois de Mai et de Juin 2020 seront d\u00e9cisifs en C\u00f4te d\u2019Ivoire, avec l\u2019augmentation de la capacit\u00e9 de d\u00e9pistage.<\/p>\n<p>En montant \u00e0 1500 tests par jour soit environ 50 000 tests en un mois, contre seulement 15 000 tests environ en deux mois \u00e0 ce jour , la C\u00f4te d\u2019Ivoire aura sans doute des donn\u00e9es plus pr\u00e9cises. Si par exemple le nombre de cas positifs, puis de cas positifs graves, et de d\u00e9c\u00e8s  n\u2019explose pas pendant que les tests augmentent , la C\u00f4te d\u2019Ivoire et les autres pays du continent devraient alors apprendre \u00e0 vivre avec la maladie, tout en veillant au strict respect des premi\u00e8res mesures barri\u00e8res d\u00e9j\u00e0 \u00e9dict\u00e9es partout dans le monde , et qui peuvent tout aussi avoir leurs cons\u00e9quences, en attendant le retour \u00e0 une vie normale ante.<\/p>\n<p>Le vaccin comme seule r\u00e9ponse<\/p>\n<p>Telle que la maladie a \u00e9t\u00e9 pr\u00e9sent\u00e9e depuis son apparition, avec les incertitudes que nous avons dans tous les continents , sans oublier le t\u00e2tonnement de la science m\u00e9dicale, seule une solution th\u00e9rapeutique efficace, ou la mise en service d\u2019un vaccin, permettra de revenir \u00e0 une vie normale, comme nous vivons plus ou moins d\u00e9j\u00e0 avec toutes les autres pathologies, contagieuses ou pas.<\/p>\n<p>Int\u00e9grer les gestes de sant\u00e9 publique<\/p>\n<p>La reprise attendue des activit\u00e9s r\u00e9guli\u00e8res en Afrique comme ailleurs, ne doit pas \u00eatre l\u2019occasion d\u2019oublier qu\u2019il faut continuer de se laver r\u00e9guli\u00e8rement les mains, qu\u2019il faut porter un masque. <\/p>\n<p>La reprise des activit\u00e9s ne doit signifier que les transports publics doivent \u00eatre pris d\u2019assaut comme avant, sans le respect d\u2019une distance d\u2019un m\u00e8tre entre les individus, m\u00eame si tout le monde porte un cache nez. Une petite inattention peut, \u00e0 tout moment, avoir des cons\u00e9quences terribles.<\/p>\n<p>Sans vouloir faire de politique ni de pol\u00e9miquer , il y\u2019a lieu d\u2019interpeller ceux qui parlent sans cesse de solutions africaines sp\u00e9cifiques. <\/p>\n<p>Prenons l\u2019exemple des d\u00e9bats passionn\u00e9s sur la d\u00e9mocratie. Existe-t-il une d\u00e9mocratie \u00e0 l\u2019africaine, qui serait diff\u00e9rente de la d\u00e9mocratie \u00e0 l\u2019europ\u00e9enne ou \u00e0 l\u2019am\u00e9ricaine ? Parler d\u2019une r\u00e9ponse sp\u00e9cifiquement africaine \u00e0 la d\u00e9mocratie , n\u2019est-ce pas nier le caract\u00e8re universel des valeurs de la d\u00e9mocratie, n\u2019est-ce pas accepter de supprimer certains marqueurs comme la libert\u00e9 de la presse, la transparence, l\u2019\u00c9tat de droit, le refus de la corruption ? N\u2019est-ce pas revenir \u00e0 ces d\u00e9bats d\u2019authenticit\u00e9 culturelle, \u00e0 cette revendication d\u2019anti colonialisme qui n\u2019a jamais disparu sur le continent, sans oublier le viol que fut l\u2019esclavage? <\/p>\n<p>Si on nous parle de solution africaine, cela ne sera peut-\u00eatre qu\u2019une solution pour l\u2019Afrique , et alors le continent ne pourra pas partager son exp\u00e9rience, ni son expertise, lorsqu\u2019il aura vaincu la maladie. Une solution adapt\u00e9e \u00e0 l\u2019Afrique est une solution pour l\u2019Afrique . Elle ne peut pas \u00eatre une solution pour la Chine, l\u2019Am\u00e9rique et l\u2019Europe &#8230;<\/p>\n<p>Une r\u00e9ponse globale et universelle<\/p>\n<p>La r\u00e9ponse \u00e0 la pand\u00e9mie ne peut \u00eatre qu\u2019une r\u00e9ponse globale et universelle. Toute l\u2019humanit\u00e9 doit s\u2019inscrire dans le p\u00e9rim\u00e8tre d\u2019un combat que d\u00e9finissent les connaissances de la m\u00e9decine, m\u00eame s\u2019il appartient au pouvoir politique de d\u00e9cider. \u00c0 l\u2019heure o\u00f9 des sp\u00e9cificit\u00e9s africaines sont recherch\u00e9es en Afrique, pour combattre la maladie au nouveau Coronavirus, il y a lieu d\u2019appeler \u00e0 l\u2019extr\u00eame vigilance en ces deux mois d\u00e9cisifs de Mai et de Juin 2020. Il ne faut en aucune fa\u00e7on rel\u00e2cher le respect des mesures barri\u00e8res. Il est m\u00eame n\u00e9cessaire de renforcer l\u2019application des mesures de restriction.<br \/>\nLa mise en avant des seuls imp\u00e9ratifs de survie de l\u2019\u00e9conomie et des contraintes de la vie au jour le jour que connaissent des millions d\u2019Africains, sont une posture qui ne peut interdire de rompre \u00e0 la fin de la crise avec ce vrai-faux secteur informel, dans lequel populations et pouvoirs publics semblent se complaire pour \u00e9chapper aux exigences de l\u2019\u00c9tat de droit, des r\u00e8gles de citoyennet\u00e9 fiscale, de la transparence et de la bonne gouvernance.<\/p>\n<p>Cette solution d\u2019une r\u00e9ponse africaine fond\u00e9e sur l\u2019existence d\u2019un secteur informel, qui fournit 7 emplois sur 10, ne doit pas servir de pr\u00e9texte pour maintenir une situation d\u2019\u00e9vaporation des richesses nationales qui arrange, \u00e0 court terme, de nombreuses personnes et les \u00c9tats qui ne peuvent financer les politiques publiques.  L\u2019Afrique a besoin de se projeter dans l\u2019avenir, et de prendre sa part dans les solutions des probl\u00e8mes du monde. Elle ne doit pas limiter ses ambitions, car une solution africaine doit aussi \u00eatre une solution universelle, aller au del\u00e0 de l\u2019Afrique. <\/p>\n<p>Nous ne demandons nullement pas au continent de tout copier, mais nous mettons en garde contre l\u2019euphorie et le sentiment d\u2019invuln\u00e9rabilit\u00e9. Hormis cela, l\u2019universel n\u2019emp\u00eache pas le sp\u00e9cifique, et le singulier, et l\u2019adaptation \u00e0 chaque pays, des mesures g\u00e9n\u00e9rales prises par les uns et les autres .<\/p>\n<p><strong>Wakili Alaf\u00e9<\/strong><\/p>\n","protected":false},"excerpt":{"rendered":"<p>La progression de la nouvelle maladie au nouveau Coronavirus 2019 semble limit\u00e9e en Afrique. Cette situation pousse des intellectuels, des observateurs de la vie sociale, politique et \u00e9conomique sur le continent, et m\u00eame des d\u00e9cideurs, \u00e0 plaider pour une r\u00e9ponse africaine \u00e0 la maladie, en demandant de faire fi des mesures de confinement prises en [&hellip;]<\/p>\n","protected":false},"author":3,"featured_media":20638,"comment_status":"closed","ping_status":"closed","sticky":false,"template":"","format":"standard","meta":{"_monsterinsights_skip_tracking":false,"_monsterinsights_sitenote_active":false,"_monsterinsights_sitenote_note":"","_monsterinsights_sitenote_category":0,"footnotes":""},"categories":[2,1],"tags":[],"class_list":["post-20637","post","type-post","status-publish","format-standard","has-post-thumbnail","hentry","category-featured","category-actualites"],"_links":{"self":[{"href":"https:\/\/www.lintelligentdabidjan.info\/news\/wp-json\/wp\/v2\/posts\/20637","targetHints":{"allow":["GET"]}}],"collection":[{"href":"https:\/\/www.lintelligentdabidjan.info\/news\/wp-json\/wp\/v2\/posts"}],"about":[{"href":"https:\/\/www.lintelligentdabidjan.info\/news\/wp-json\/wp\/v2\/types\/post"}],"author":[{"embeddable":true,"href":"https:\/\/www.lintelligentdabidjan.info\/news\/wp-json\/wp\/v2\/users\/3"}],"replies":[{"embeddable":true,"href":"https:\/\/www.lintelligentdabidjan.info\/news\/wp-json\/wp\/v2\/comments?post=20637"}],"version-history":[{"count":3,"href":"https:\/\/www.lintelligentdabidjan.info\/news\/wp-json\/wp\/v2\/posts\/20637\/revisions"}],"predecessor-version":[{"id":20665,"href":"https:\/\/www.lintelligentdabidjan.info\/news\/wp-json\/wp\/v2\/posts\/20637\/revisions\/20665"}],"wp:featuredmedia":[{"embeddable":true,"href":"https:\/\/www.lintelligentdabidjan.info\/news\/wp-json\/wp\/v2\/media\/20638"}],"wp:attachment":[{"href":"https:\/\/www.lintelligentdabidjan.info\/news\/wp-json\/wp\/v2\/media?parent=20637"}],"wp:term":[{"taxonomy":"category","embeddable":true,"href":"https:\/\/www.lintelligentdabidjan.info\/news\/wp-json\/wp\/v2\/categories?post=20637"},{"taxonomy":"post_tag","embeddable":true,"href":"https:\/\/www.lintelligentdabidjan.info\/news\/wp-json\/wp\/v2\/tags?post=20637"}],"curies":[{"name":"wp","href":"https:\/\/api.w.org\/{rel}","templated":true}]}}