{"id":20717,"date":"2020-05-06T22:55:48","date_gmt":"2020-05-06T20:55:48","guid":{"rendered":"https:\/\/www.lintelligentdabidjan.info\/news\/?p=20717"},"modified":"2020-05-06T22:56:16","modified_gmt":"2020-05-06T20:56:16","slug":"senat-le-ministre-adama-coulibaly-comment-la-crise-du-covid-19-impacte-negativement-leconomie-ivoirienne","status":"publish","type":"post","link":"https:\/\/www.lintelligentdabidjan.info\/news\/senat-le-ministre-adama-coulibaly-comment-la-crise-du-covid-19-impacte-negativement-leconomie-ivoirienne\/","title":{"rendered":"S\u00e9nat : Le ministre  Adama Coulibaly : \u201cComment la crise du COVID-19 impacte n\u00e9gativement   l\u2019\u00e9conomie ivoirienne\u201d"},"content":{"rendered":"<p><em><strong>Le ministre de l\u2019\u00e9conomie et des finances, Adama Coulibaly \u00e9tait le jeudi 30 avril 2020  face aux s\u00e9nateurs ivoiriens, en vue d\u2019instruire ces parlementaires sur le plan de soutien \u00e9conomique social et humanitaire du gouvernement  face \u00e0 la crise du COVID-19. <\/strong><\/em><\/p>\n<p>Il a indiqu\u00e9 que conform\u00e9ment   aux  mesures prises pour r\u00e9pondre \u00e0 ce nouveau d\u00e9fi sanitaire, le gouvernement a b\u00e2ti un plan de riposte sanitaire qui se chiffre \u00e0 95,88 milliards FCFA. Ce plan d\u00e9finit les strat\u00e9gies du gouvernement et anticipe sur la mise en place de moyens, avec pour objectif primordial, de briser la cha\u00eene de transmission du virus, de permettre une bonne prise en charge des malades et donc de limiter les effets n\u00e9gatifs de cette maladie sur la population. \u00ab Dans cet exercice, le gouvernement a mis en synergie toutes les ressources disponibles au niveau de l\u2019\u00c9tat et des Partenaires Techniques et Financiers, pour une r\u00e9action vigoureuse, coordonn\u00e9e et globale \u00bb a-t-il pr\u00e9cis\u00e9. En  outre, l\u2019\u00e9missaire du gouvernement a indiqu\u00e9 que ce plan de riposte sanitaire  fait l\u2019objet d\u2019une mise en \u0153uvre et d\u2019un suivi particulier par l\u2019ensemble du gouvernement et qu\u2019 un plan de soutien \u00e9conomique, social et humanitaire a \u00e9galement \u00e9t\u00e9 \u00e9labor\u00e9 et adopt\u00e9. Il vise principalement \u00e0 soutenir les acteurs \u00e9conomiques, les m\u00e9nages et tous ceux qui subissent les effets n\u00e9gatifs de cette crise. Poursuivant, il a d\u00e9clin\u00e9 son intervention en quatre  grands axes : l\u2019impact \u00e9conomique de la crise du COVID-19 ; les mesures sp\u00e9cifiques contenues dans le plan de soutien ; Co\u00fbt et modalit\u00e9s de financement du Plan de soutien ;  Et enfin l\u2019\u00e9tat de mise en \u0153uvre du plan de soutien. Dans son argumentation, il a relev\u00e9 que l\u2019\u00e9conomie mondiale paie un lourd tribut \u00e0 cette crise sanitaire du COVID 19, du fait notamment des effets corollaires des diff\u00e9rentes mesures prises pour endiguer la pand\u00e9mie, et la C\u00f4te d\u2019Ivoire n\u2019y \u00e9chappent pas. \u00ab Ces mesures, combin\u00e9es \u00e0 la propagation de la pand\u00e9mie dans les pays tiers, partenaires commerciaux, \u00e9conomiques et financiers de la C\u00f4te d\u2019Ivoire, entraineraient in\u00e9luctablement et fort malheureusement, un ralentissement voire, un d\u00e9crochage de l\u2019activit\u00e9 \u00e9conomique au niveau des secteurs du tourisme, du commerce, de la grande distribution, des transports, des b\u00e2timents, des industries et des services financiers, constituant ainsi une contrainte \u00e0 l\u2019atteinte des performances de croissance \u00e9conomique \u00e0 court et moyen terme \u00bb a-t-il fait remarquer . Pour  le ministre Adama Coulibaly, selon  les derni\u00e8res \u00e9valuations r\u00e9alis\u00e9es par le FMI, l\u2019activit\u00e9 \u00e9conomique devrait connaitre un recul de 1,6% en 2020, en Afrique Sub- Saharienne.<br \/>\nIl a fait savoir que la maitrise de la crise \u00e9tant sujette \u00e0 de nombreuses incertitudes, trois scenarii ont \u00e9t\u00e9 envisag\u00e9s, selon l\u2019horizon temporel de maitrise de la pand\u00e9mie : le premier scenario dit \u00ab optimiste \u00bb, ne pr\u00e9voit que les diff\u00e9rentes mesures prises par le Gouvernement ainsi que la communaut\u00e9 internationale permettront de maitriser la pand\u00e9mie au plus tard en fin juin 2020. Sur cette base, il en r\u00e9sulterait un ralentissement de l\u2019activit\u00e9 \u00e9conomique nationale, avec un taux de croissance du PIB de 3,6% en 2020 contre 7,2% projet\u00e9 si nous n\u2019avions pas \u00e9t\u00e9 en situation de crise, soit une perte de croissance d\u2019environ 3,6% du PIB. Les derni\u00e8res estimations du FMI indiquent un taux de 2,7 %. Le deuxi\u00e8me sc\u00e9nario qui se veut m\u00e9dian \u00bb retient que les efforts engag\u00e9s conduiront \u00e0 une maitrise de la crise en fin septembre 2020. Dans une telle hypoth\u00e8se, la croissance du PIB de notre pays ressortirait \u00e0 1,6% du PIB en 2020. Ce qui induirait une perte de croissance d\u2019environ 5,6% du PIB. Le troisi\u00e8me sc\u00e9nario, \u00ab Pessimiste \u00bb est bas\u00e9 sur une hypoth\u00e8se de maitrise du COVID-19, en fin d\u00e9cembre 2020.Sous ce scenario, l\u2019\u00e9conomie nationale ressortirait fortement impact\u00e9e par la crise, avec un taux de croissance du PIB  d\u2019environ 0,8% en 2020, soit une perte de croissance du PIB de 6,4%.<br \/>\nAu regard de ces diff\u00e9rents sc\u00e9narii,  il a indiqu\u00e9  que la crise du COVID-19 a  un impact n\u00e9gatif sur l\u2019\u00e9conomie ivoirienne. \u00ab Cet impact est moins prononc\u00e9 selon que la crise est vite maitris\u00e9e ou perdure jusqu\u2019en fin d\u2019ann\u00e9e. \u00bb a-t-il soulign\u00e9.  <\/p>\n<p>S\u2019agissant du soutien aux entreprises, il a indiqu\u00e9 que ces mesures pr\u00e9vues consistent : entre autres , \u00e0 poursuivre, malgr\u00e9 la crise, le paiement de la dette int\u00e9rieure pour un montant de 300 milliards, en mettant l\u2019emphase sur les factures de petits montants en de\u00e7\u00e0 de 100 millions de FCFA, afin d\u2019atteindre le maximum d\u2019entreprises, notamment les PME ; reporter de trois mois le paiement des taxes forfaitaires pour les petits commer\u00e7ants et artisans (notamment les maquis, les restaurants, les boites de nuit, les bars, les cin\u00e9mas et les lieux de spectacles) ; mettre en place un fonds de soutien au secteur priv\u00e9 pour un montant de 250 milliards de FCFA, dont 150 milliards de FCFA d\u00e9di\u00e9s aux PME et 100 milliards aux grandes entreprises ; instituer un fonds sp\u00e9cifique d\u2019appui aux entreprises du secteur informel touch\u00e9es par la crise  pour un montant de 100 milliards de FCFA, qui sera p\u00e9rennis\u00e9 pour assurer la formalisation de ces entreprises informelles ;soutenir la production vivri\u00e8re, maraich\u00e8re et fruiti\u00e8re pour un montant de 50 milliards de FCFA, dont 20 milliards au titre des intrants. Au titre du soutien social aux populations  Les mesures arr\u00eat\u00e9es consistent \u00e0 : entre autres \u00e0 mettre en place un fonds de soutien  et de solidarit\u00e9 d\u2019un montant de 170 milliards ; renforcer le contr\u00f4le des prix des produits de grande consommation et appliquer des sanctions aux contrevenants, en vue de lutter contre la sp\u00e9culation. Le co\u00fbt financier de l\u2019ensemble de ces mesures, est estim\u00e9 \u00e0 1 700,99 milliards de FCFA, soit 5% du PIB en 2020 et int\u00e8gre environ 107,1 milliards de FCFA de co\u00fbt fiscal direct. Ainsi, pour financer ce plan, en plus des ressources propres de l\u2019\u00c9tat, le Gouvernement a sollicit\u00e9 la contribution des partenaires techniques et financiers. \u00ab  Les retours re\u00e7us \u00e0 cet effet restent largement positifs au regard de l\u2019engouement manifest\u00e9 par ces partenaires, comme l\u2019atteste d\u2019ailleurs le concours financier du Fonds Mon\u00e9taire International d\u2019un montant de 535 milliards de FCFA mobilis\u00e9 il y a de cela quelques jours. Au \u2013del\u00e0 de cet appui, des discussions sont en cours avec les autres partenaires, \u00e0 savoir la Banque Mondiale, la BAD, l\u2019Union Europ\u00e9enne afin de d\u00e9finir les modalit\u00e9s de leurs contributions au financement du Plan de Soutien \u00e9conomique, social et humanitaire \u00bb a fait comprendre le ministre Adama Coulibaly .Pour conclure,  il a exhort\u00e9 l\u2019ensemble des S\u00e9nateurs repr\u00e9sentants du Peuple \u00e0 constituer des relais, pour diss\u00e9miner au sein de la population toutes les mesures envisag\u00e9es par le Gouvernement dans le plan de soutien au profit de nos populations.  <\/p>\n<p><strong>Harry Diallo \u00e0 Yamoussoukro.<\/strong><\/p>\n","protected":false},"excerpt":{"rendered":"<p>Le ministre de l\u2019\u00e9conomie et des finances, Adama Coulibaly \u00e9tait le jeudi 30 avril 2020 face aux s\u00e9nateurs ivoiriens, en vue d\u2019instruire ces parlementaires sur le plan de soutien \u00e9conomique social et humanitaire du gouvernement face \u00e0 la crise du COVID-19. Il a indiqu\u00e9 que conform\u00e9ment aux mesures prises pour r\u00e9pondre \u00e0 ce nouveau d\u00e9fi [&hellip;]<\/p>\n","protected":false},"author":3,"featured_media":20718,"comment_status":"closed","ping_status":"closed","sticky":false,"template":"","format":"standard","meta":{"_monsterinsights_skip_tracking":false,"_monsterinsights_sitenote_active":false,"_monsterinsights_sitenote_note":"","_monsterinsights_sitenote_category":0,"footnotes":""},"categories":[2,1,18],"tags":[564,538,563,565],"class_list":["post-20717","post","type-post","status-publish","format-standard","has-post-thumbnail","hentry","category-featured","category-actualites","category-economie","tag-adama-coulibaly","tag-covid-19","tag-economie-ivoirienne","tag-senat"],"_links":{"self":[{"href":"https:\/\/www.lintelligentdabidjan.info\/news\/wp-json\/wp\/v2\/posts\/20717","targetHints":{"allow":["GET"]}}],"collection":[{"href":"https:\/\/www.lintelligentdabidjan.info\/news\/wp-json\/wp\/v2\/posts"}],"about":[{"href":"https:\/\/www.lintelligentdabidjan.info\/news\/wp-json\/wp\/v2\/types\/post"}],"author":[{"embeddable":true,"href":"https:\/\/www.lintelligentdabidjan.info\/news\/wp-json\/wp\/v2\/users\/3"}],"replies":[{"embeddable":true,"href":"https:\/\/www.lintelligentdabidjan.info\/news\/wp-json\/wp\/v2\/comments?post=20717"}],"version-history":[{"count":1,"href":"https:\/\/www.lintelligentdabidjan.info\/news\/wp-json\/wp\/v2\/posts\/20717\/revisions"}],"predecessor-version":[{"id":20719,"href":"https:\/\/www.lintelligentdabidjan.info\/news\/wp-json\/wp\/v2\/posts\/20717\/revisions\/20719"}],"wp:featuredmedia":[{"embeddable":true,"href":"https:\/\/www.lintelligentdabidjan.info\/news\/wp-json\/wp\/v2\/media\/20718"}],"wp:attachment":[{"href":"https:\/\/www.lintelligentdabidjan.info\/news\/wp-json\/wp\/v2\/media?parent=20717"}],"wp:term":[{"taxonomy":"category","embeddable":true,"href":"https:\/\/www.lintelligentdabidjan.info\/news\/wp-json\/wp\/v2\/categories?post=20717"},{"taxonomy":"post_tag","embeddable":true,"href":"https:\/\/www.lintelligentdabidjan.info\/news\/wp-json\/wp\/v2\/tags?post=20717"}],"curies":[{"name":"wp","href":"https:\/\/api.w.org\/{rel}","templated":true}]}}