{"id":20742,"date":"2020-05-07T22:39:54","date_gmt":"2020-05-07T20:39:54","guid":{"rendered":"https:\/\/www.lintelligentdabidjan.info\/news\/?p=20742"},"modified":"2020-05-07T22:41:09","modified_gmt":"2020-05-07T20:41:09","slug":"election-a-la-fif-danho-paulin-je-suis-le-ministre-des-sports-et-non-le-ministre-du-football","status":"publish","type":"post","link":"https:\/\/www.lintelligentdabidjan.info\/news\/election-a-la-fif-danho-paulin-je-suis-le-ministre-des-sports-et-non-le-ministre-du-football\/","title":{"rendered":"\u00c9lection \u00e0 la Fif &#8211; Danho Paulin : \u201cJe suis le ministre des sports et non le ministre du football\u201d"},"content":{"rendered":"<p><em><strong>Le Ministre des Sports, Danho Paulin \u00e9tait  le lundi 4 mai 2020 l\u2019invit\u00e9 de la plate-forme whatsapp de l\u2019Equipe  de la presse sportive de C\u00f4te d\u2019Ivoire ( EDPSCI). Autour  du th\u00e8me : \u2018\u2019 Covid-19 : Quel plan  d\u2019Aide  aux f\u00e9d\u00e9rations, clubs et athl\u00e8tes  dans cette p\u00e9riode de crise sanitaire ?  La Can 2023 en Danger ? \u2018\u2019,  le patron  du Sport en C\u00f4te d\u2019Ivoire  a r\u00e9pondu   durant une heure  aux pr\u00e9occupations des journalistes de Sports sur  cette plate-forme.   Morceaux choisis  de  son intervention.<\/strong><\/em><\/p>\n<p><strong>Plan de relance  du sport apr\u00e8s la  crise<\/strong><\/p>\n<p>\u00ab  Nous avons mis en place 3 task-force au niveau du minist\u00e8re des Sports. Une task force qui g\u00e8re la crise au quotidien donc qui est charg\u00e9e de la gestion de la crise en liaison avec nos f\u00e9d\u00e9rations sportives, la fili\u00e8re sportive du sport et avec nos directeurs administratifs c\u2019est-\u00e0-dire les directeurs g\u00e9n\u00e9raux des structures sous tutelle l\u2019Ons, l\u2019Injs et l\u2019Oissu. Ainsi que nos directeurs g\u00e9n\u00e9raux, r\u00e9gionaux et d\u00e9partementaux. Cette task force travaille sur la gestion de la crise au quotidien. Tout \u00e0 l\u2019heure je vous indiquais ce qu\u2019il faut faire pour soutenir les athl\u00e8tes, les f\u00e9d\u00e9rations, pour soutenir la fili\u00e8re \u00e9conomique du sport qui est \u00e9ligible au fonds de soutien social et \u00e9conomique mis en \u0153uvre par le gouvernement. Donc nous devons faire des plaidoyers et pr\u00e9senter les dossiers. Une autre task force est en charge de g\u00e9rer la communication de crise. Toute la communication de crise, lutter contre les incivilit\u00e9s, informer sur les risques et le respect de la distanciation sociale en mati\u00e8re de sport et autour des activit\u00e9s sportives et la 3\u00e8me task force travaille justement \u00e0 la sortie de crise. \u00c0 la sortie de la crise, quels sont les axes majeurs sur lesquels nous devons travailler. Il y a d\u2019abord l\u2019axe p\u00e9dagogique, parce que nous avons des \u00e9coles, des formations sportives, nous avons l\u2019institut national de la jeunesse et des sports. L\u2019autre axe, c\u2019est celui des comp\u00e9titions. Parce qu\u2019\u00e0 la sortie de la crise, il faut reprendre les comp\u00e9titions sportives. Donc avec les f\u00e9d\u00e9rations, la pr\u00e9paration des athl\u00e8tes. Et l\u2019autre axe sur lequel il faut travailler, qui est important, ce sont les infrastructures. Parce qu\u2019au sortie de la crise, il faut que les stades, toutes les infrastructures sportives soient disponibles et entretenues. Donc il faut faire la maintenance, les rendre disponibles et continuer les projets en cours pour que les infrastructures pr\u00e9vues dans le cadre de la Can ou des projets avec les partenaires de la coop\u00e9ration multilat\u00e9rale aillent  jusqu\u2019au bout. Tous ces projets-l\u00e0, dans le cadre de la sortie de crise, la task force sortie de crise travaille en cela. Et puis nous devons aussi travailler \u00e0 ce que le minist\u00e8re conduise un nouveau programme de promotion du sport. C\u2019est ce qu\u2019on appelle la politique nationale(PNS). Elle s\u2019ach\u00e8ve en 2020. Il faut une nouvelle PNS. D\u00e9j\u00e0, nous avons des \u00e9quipes pour \u00e9valuer la PNS qui s\u2019ach\u00e8ve et pour pr\u00e9parer la nouvelle PNS. Donc pour sortir de la crise, voici les pistes de r\u00e9flexion qui sont en cours \u00bb<\/p>\n<p><strong>Soutien aux  f\u00e9d\u00e9rations sportives <\/strong><\/p>\n<p>\u00ab &#8220;Concernant l&#8217;aide apport\u00e9e aux athl\u00e8tes, nous agissons au travers des f\u00e9d\u00e9rations qui b\u00e9n\u00e9ficient d&#8217;un agr\u00e9ment, d&#8217;un contrat d&#8217;objectif et qui ont la d\u00e9l\u00e9gation de pouvoir pour la promotion de la discipline sportive. Nous avons demand\u00e9 aux F\u00e9d\u00e9rations de nous faire l&#8217;\u00e9tat des lieux des besoins, des contraintes et des apports que nous pouvons faire pour soutenir ces f\u00e9d\u00e9rations.  Mais en tout \u00e9tat de cause, nous avons d\u00e9cid\u00e9 de continuer \u00e0 donner les bourses aux athl\u00e8tes de haut niveau et \u00e0 tous ceux qui en b\u00e9n\u00e9ficient pour la continuit\u00e9 du service. Et ensuite nous avons d\u00e9cid\u00e9 de r\u00e9affecter les 240 millions que nous avions pr\u00e9vus  pour la pr\u00e9paration des athl\u00e8tes de haut niveau pour les Jeux Olympiques. Nous avons fait la requ\u00eate aupr\u00e8s du Ministre du Budget pour que la r\u00e9affectation administrative soit faite. Nous avons \u00e9galement interrog\u00e9 les F\u00e9d\u00e9rations sur l&#8217;\u00e9tat des besoins des athl\u00e8tes et des licenci\u00e9s afin que nous puissions r\u00e9agir&#8221;<\/p>\n<p><strong>L\u2019utilisation de la parafiscalit\u00e9  en p\u00e9riode de  crise  sanitaire<\/strong><\/p>\n<p>\u00ab Les  F\u00e9d\u00e9rations  seront contr\u00f4l\u00e9es. Elles sont contr\u00f4l\u00e9es.  Nous avons mis en place une task Force charg\u00e9   de la gestion de la crise et d\u2019\u00e9couter les f\u00e9d\u00e9rations pour connaitre les probl\u00e8mes des athl\u00e8tes. Les ressources  seront suivies.   Nous devons tout faire  pour que ces ressources qui sont d\u2019ailleurs insuffisantes  soient encore mobilis\u00e9es.  Nous devons mobiliser  encore plus de ressources pour soutenir  le mouvement sportif. Nous attendons des  f\u00e9d\u00e9rations des  informations pertinentes, pr\u00e9cises  afin que  le plaidoyer   soit pertinent  au niveau  du fonds  de Solidarit\u00e9. Il  en est  de m\u00eame  pour la fili\u00e8re sport. Toutes les entreprises de la  fili\u00e8re du Sports  sont en contact  avec  le directeur  en charge  de la Professionnalisation du Sport  pour que  nous poussions faire un plaidoyer aupr\u00e8s du  fonds  en charge  du Soutien \u00e9conomique aux entreprises.  Nous  suivons le d\u00e9veloppement de la situation \u00bb<\/p>\n<p><strong>\u00c9lection  \u00e0 venir \u00e0 la FIF<\/strong><\/p>\n<p>\u00abLe minist\u00e8re n\u2019a pas \u00e0 s\u2019ing\u00e9rer dans la gestion d\u2019une f\u00e9d\u00e9ration. C\u2019est une fa\u00eeti\u00e8re. Donc ce sont les clubs qui choisissent les \u00e9l\u00e9ments du bureau f\u00e9d\u00e9ral. C\u2019est une cuisine interne. Donc nous n\u2019avons pas \u00e0 nous immiscer dans la gestion des f\u00e9d\u00e9rations de handball, de baskets, de football, de karat\u00e9,\u2026 Non. Chaque f\u00e9d\u00e9ration a sa dynamique, ses r\u00e8glements, ses textes, sauf le football sport roi, d\u00e9cha\u00eene des passions.  Nous savons tous que le sport est le lieu o\u00f9 s&#8217;expriment  beaucoup les passions et nous devons seulement retenir qu\u2019\u00e0 la fin des passions, le football tout comme tout sport, c\u2019est le fairplay qui doit dominer. C\u2019est l\u2019esprit de convivialit\u00e9. Le sport est porteur de valeur. Nous devons porter les valeurs de fraternit\u00e9, de convivialit\u00e9, c\u2019est \u00e7a le sport. Donc, les passions sont certes d\u00e9cha\u00een\u00e9es parce que c\u2019est la campagne, mais nous pensons que tr\u00e8s rapidement, nous allons retrouver les valeurs cardinales du sport qui vont nous conduire \u00e0 la convivialit\u00e9, \u00e0 la fraternit\u00e9 et au fairplay. D\u2019une mani\u00e8re g\u00e9n\u00e9rale, ce que je peux vous dire, c\u2019est que le football est notre sport-roi. C\u2019est le sport qui impacte pratiquement toute la politique du sport. Mais vous avez bien not\u00e9 que je suis le ministre des sports et non pas le ministre du football. Nous n\u2019allons pas  accorder toute l\u2019attention particuli\u00e8re au football, nous sommes avant tout en charge de faire en sorte que le sport d\u2019une mani\u00e8re g\u00e9n\u00e9rale, contribue au rayonnement de notre pays, contribue au bien-\u00eatre des Ivoiriens, et contribue \u00e0 devenir une source de cr\u00e9ation de richesse. C\u2019est cela notre mission au niveau du minist\u00e8re des Sports. Alors nous devrons parler chacun en ce qui le concerne, et pour ceux qui aiment le football, nous devons parler au milieu du football \u00bb.<\/p>\n<p><strong>Moiti\u00e9 salaire  aux joueurs<\/strong><\/p>\n<p>\u00ab Je pense que quand il y a une crise comme celle-l\u00e0, les probl\u00e8mes doivent se r\u00e9gler comme je vous l\u2019ai indiqu\u00e9. Chaque f\u00e9d\u00e9ration \u00e0 ses r\u00e9alit\u00e9s, ses ressources, son plan de d\u00e9veloppement et son plan de riposte. Le minist\u00e8re a conc\u00e9d\u00e9 aux f\u00e9d\u00e9rations, le pouvoir de g\u00e9rer la discipline. Nous avons un contrat d\u2019objectif pour suivre la gestion de la discipline et pour lui apporter notre soutien. Alors vous dites qu\u2019il est propos\u00e9 la moiti\u00e9 des salaires aux footballeurs, mais je pense que tout cela, c\u2019est de la cuisine interne des associations et de la vie de la f\u00e9d\u00e9ration. Nous n\u2019avons pas \u00e0 intervenir pour faire des arbitrages \u00e0 ce niveau-l\u00e0. Notre intervention au niveau de la f\u00e9d\u00e9ration ivoirienne de football, par exemple, elle a un contrat d\u2019objectif avec le minist\u00e8re. Elle re\u00e7oit aussi des ressources de l&#8217; \u00c9tat de C\u00f4te d\u2019Ivoire. Vous savez que la moiti\u00e9 de la parafiscalit\u00e9 est destin\u00e9e au football. Donc le football re\u00e7oit la moiti\u00e9 de la parafiscalit\u00e9. Le football re\u00e7oit aussi certainement des ressources provenant de la f\u00e9d\u00e9ration internationale de la Caf. C\u2019est une f\u00e9d\u00e9ration qui est compl\u00e8tement autonome, qui re\u00e7oit aussi des ressources de ses contrats avec audiovisuelle. C\u2019est une f\u00e9d\u00e9ration, qui en fonction de ses ressources, fait ses arbitrages internes et donc d\u00e9cide des montants et des soutiens qu\u2019elle peut apporter aux diff\u00e9rentes associations membres de cette f\u00e9d\u00e9ration, et partant, aux athl\u00e8tes, aux joueurs. La Fifa  a d\u00e9cid\u00e9 de lever un fonds sp\u00e9cial Covid pour soutenir ces f\u00e9d\u00e9rations. Donc, c\u2019est pour dire que ce sont des cas qu\u2019il faut analyser en fonction des f\u00e9d\u00e9rations et en fonction de leur sp\u00e9cificit\u00e9 et de leurs analyses. Le minist\u00e8re est \u00e0 la disposition des f\u00e9d\u00e9rations et c\u2019est ce que nous avons commenc\u00e9 \u00e0 faire. Je vous ai dit que nous avons mis en place un comit\u00e9 de crise, et ce comit\u00e9 de crise \u00e9tudie avec chacune des f\u00e9d\u00e9rations, les probl\u00e8mes sp\u00e9cifiques et nous apporterons donc des solutions et appuis sp\u00e9cifiques en fonction des probl\u00e8mes qui nous seront pos\u00e9s \u00bb<br \/>\n<strong><br \/>\nCAN 2023<\/strong><\/p>\n<p>&#8220;Les projets majeurs de notre minist\u00e8re, impact\u00e9s par la pand\u00e9mie sont au niveau d&#8217;abord des infrastructures qui abriteront la CAN en 2023. Leur construction a d\u00e9marr\u00e9 \u00e0 Korhogo, \u00e0 Bouak\u00e9 \u00e0 Yamoussoukro, \u00e0 San Pedro et \u00e0 Abidjan. Et ces \u0153uvres sont l&#8217;affaire pour la plupart d&#8217;entreprises chinoises. Qui ont du personnel qualifi\u00e9 bloqu\u00e9 chez elles. Nous \u00e9tudions avec le BNEDT le r\u00e9ajustement du timing qui avait \u00e9t\u00e9 initialement pr\u00e9vu. Il y a un impact certain sur les dates de livraison.  Nous devrions cette ann\u00e9e inaugurer le Palais du Taekwondo, ce qui sera \u00e9galement retard\u00e9. L&#8217;inauguration du Stade Olympique \u00e0 Ebimp\u00e9 qui aurait d\u00fb se faire dans les prochains jours a \u00e9t\u00e9 \u00e9galement retard\u00e9e. Nous avions \u00e9galement un vaste programme de r\u00e9habilitation des infrastructures sportives \u00e0 travers le pays qui a \u00e9t\u00e9 ajourn\u00e9. Sans oublier le vote programme que nous avons d\u00e9marr\u00e9 avec les Agoras qui est aussi impact\u00e9 et retard\u00e9\u2019\u2019<br \/>\n<strong><br \/>\nPropos recueillis par Ange K<\/strong><\/p>\n","protected":false},"excerpt":{"rendered":"<p>Le Ministre des Sports, Danho Paulin \u00e9tait le lundi 4 mai 2020 l\u2019invit\u00e9 de la plate-forme whatsapp de l\u2019Equipe de la presse sportive de C\u00f4te d\u2019Ivoire ( EDPSCI). Autour du th\u00e8me : \u2018\u2019 Covid-19 : Quel plan d\u2019Aide aux f\u00e9d\u00e9rations, clubs et athl\u00e8tes dans cette p\u00e9riode de crise sanitaire ? La Can 2023 en Danger [&hellip;]<\/p>\n","protected":false},"author":3,"featured_media":20743,"comment_status":"closed","ping_status":"closed","sticky":false,"template":"","format":"standard","meta":{"_monsterinsights_skip_tracking":false,"_monsterinsights_sitenote_active":false,"_monsterinsights_sitenote_note":"","_monsterinsights_sitenote_category":0,"footnotes":""},"categories":[2,23],"tags":[],"class_list":["post-20742","post","type-post","status-publish","format-standard","has-post-thumbnail","hentry","category-featured","category-sport"],"_links":{"self":[{"href":"https:\/\/www.lintelligentdabidjan.info\/news\/wp-json\/wp\/v2\/posts\/20742","targetHints":{"allow":["GET"]}}],"collection":[{"href":"https:\/\/www.lintelligentdabidjan.info\/news\/wp-json\/wp\/v2\/posts"}],"about":[{"href":"https:\/\/www.lintelligentdabidjan.info\/news\/wp-json\/wp\/v2\/types\/post"}],"author":[{"embeddable":true,"href":"https:\/\/www.lintelligentdabidjan.info\/news\/wp-json\/wp\/v2\/users\/3"}],"replies":[{"embeddable":true,"href":"https:\/\/www.lintelligentdabidjan.info\/news\/wp-json\/wp\/v2\/comments?post=20742"}],"version-history":[{"count":1,"href":"https:\/\/www.lintelligentdabidjan.info\/news\/wp-json\/wp\/v2\/posts\/20742\/revisions"}],"predecessor-version":[{"id":20744,"href":"https:\/\/www.lintelligentdabidjan.info\/news\/wp-json\/wp\/v2\/posts\/20742\/revisions\/20744"}],"wp:featuredmedia":[{"embeddable":true,"href":"https:\/\/www.lintelligentdabidjan.info\/news\/wp-json\/wp\/v2\/media\/20743"}],"wp:attachment":[{"href":"https:\/\/www.lintelligentdabidjan.info\/news\/wp-json\/wp\/v2\/media?parent=20742"}],"wp:term":[{"taxonomy":"category","embeddable":true,"href":"https:\/\/www.lintelligentdabidjan.info\/news\/wp-json\/wp\/v2\/categories?post=20742"},{"taxonomy":"post_tag","embeddable":true,"href":"https:\/\/www.lintelligentdabidjan.info\/news\/wp-json\/wp\/v2\/tags?post=20742"}],"curies":[{"name":"wp","href":"https:\/\/api.w.org\/{rel}","templated":true}]}}