{"id":2077,"date":"2016-12-29T10:42:30","date_gmt":"2016-12-29T09:42:30","guid":{"rendered":"http:\/\/www.lintelligentdabidjan.info\/news\/?p=2077"},"modified":"2016-12-29T10:42:30","modified_gmt":"2016-12-29T09:42:30","slug":"enseignement-superieur-les-chercheurs-en-reflexion-a-bouake","status":"publish","type":"post","link":"https:\/\/www.lintelligentdabidjan.info\/news\/enseignement-superieur-les-chercheurs-en-reflexion-a-bouake\/","title":{"rendered":"Enseignement sup\u00e9rieur : Les chercheurs en r\u00e9flexion \u00e0 Bouak\u00e9"},"content":{"rendered":"<p>L\u2019amphith\u00e9\u00e2tre C du campus 2 de l\u2019universit\u00e9 Alassane Ouattara (Uao) \u00e0 Bouak\u00e9 a abrit\u00e9, le jeudi, 22 d\u00e9cembre 2016 un atelier national organis\u00e9 par la Chaire Unesco de bio\u00e9thique, sous la pr\u00e9sidence de la ministre de l\u2019Enseignement sup\u00e9rieur et de la recherche scientifique, Bakayoko-Ly Ramata en collaboration avec la Commission nationale ivoirienne pour l\u2019Unesco. <!--more--><\/p>\n<p>Cet atelier est une occasion pour les enseignants-chercheurs, les chercheurs, les doctorants des universit\u00e9s et grandes \u00e9coles de C\u00f4te d\u2019ivoire de r\u00e9fl\u00e9chir sur les conditions du chercheur afin que celui-ci occupe la place qui doit \u00eatre la sienne dans un pays et aspirant \u00e0 l\u2019\u00e9mergence. Pour ce faire, les participants venus des cinq universit\u00e9s et grandes \u00e9coles publiques ivoiriennes se sont prononc\u00e9 sur le th\u00e8me : \u00ab R\u00e9vision de la recommandation de l\u2019Unesco relative \u00e0 la condition des chercheurs scientifiques (1974), contribution des chercheurs ivoiriens \u00bb subdivis\u00e9 en trois (3) sous ateliers que sont : \u00ab Crit\u00e8res de scientificit\u00e9, r\u00e9ponse aux questionnaires \u00bb ; \u00ab Condition des chercheurs ou statut du chercheur, r\u00e9ponse aux questionnaires \u00bb et \u00ab Les efforts de l\u2019Etat de C\u00f4te D\u2019ivoire en faveur des chercheurs\u00bb.<br \/>\nUn atelier que le Professeur Lazare Marcelin Poam\u00e9, pr\u00e9sident de l\u2019Uao dira qu\u2019il a pour objectif, de recueillir, de fa\u00e7on discursive et dialogue, les \u00e9l\u00e9ments de r\u00e9ponse apport\u00e9s par les chercheurs ivoiriens eux-m\u00eames \u00e0 la r\u00e9vision de la recommandation de l\u2019Unesco de 1974. Une r\u00e9vision qui touche a-t-il dit, la condition des chercheurs scientifiques et qui vise \u00e0 r\u00e9pondre \u00e0 l\u2019exigence de l\u2019adaptation de la recommandation au contexte actuel, marqu\u00e9 par des mutations li\u00e9es \u00e0 la nature de la science et au rapport science-soci\u00e9t\u00e9. A en croire le Prof Lazare Poam\u00e9, cet atelier voudrait apporter la contribution de la C\u00f4te d\u2019Ivoire aux attentes des 195 Etats membres de l\u2019Unesco, leur contribution \u00e0 la r\u00e9vision de cette recommandation. \u00ab Ce que nous sommes en train de faire ici \u00e0 l\u2019universit\u00e9 Alassane Ouattara \u00e0 Bouak\u00e9, est de faire en sorte que l\u2019Unesco puisse retrouver dans son texte initiale, la marque de la C\u00f4te d\u2019Ivoire \u00bb, a-t-il pr\u00e9cis\u00e9.<br \/>\nPour sa part, le Prof Aboudramane Bamba, repr\u00e9sentant la ministre de l\u2019Enseignement sup\u00e9rieur et de la Recherche scientifique, a relat\u00e9 les efforts de l\u2019Etat ivoirien consentis en faveur de la restructuration et l\u2019am\u00e9lioration de la condition du chercheur ivoirien. \u00ab Ces efforts sont visibles \u00e0 travers l\u2019instauration d\u2019importantes mesures d\u2019appui \u00e0 la recherche scientifique. Le d\u00e9cret portant revalorisation de l\u2019indice salariale et de la prime de recherche. Mais aussi, le d\u00e9cret n\u00b02016-174 du 23 mars 2016 modifiant le d\u00e9cret n\u00b02006-126 du 21 juin 2006 portant institution de mesure d\u2019appui \u00e0 la recherche scientifique et du fonds comp\u00e9titifs de recherche d\u2019une valeur cinq cents millions de nos francs \u00bb, a-t-il affirm\u00e9.<\/p>\n<p>Aboubacar Al Syddick \u00e0 Bouak\u00e9<\/p>\n","protected":false},"excerpt":{"rendered":"<p>L\u2019amphith\u00e9\u00e2tre C du campus 2 de l\u2019universit\u00e9 Alassane Ouattara (Uao) \u00e0 Bouak\u00e9 a abrit\u00e9, le jeudi, 22 d\u00e9cembre 2016 un atelier national organis\u00e9 par la Chaire Unesco de bio\u00e9thique, sous la pr\u00e9sidence de la ministre de l\u2019Enseignement sup\u00e9rieur et de la recherche scientifique, Bakayoko-Ly Ramata en collaboration avec la Commission nationale ivoirienne pour l\u2019Unesco.<\/p>\n","protected":false},"author":2,"featured_media":0,"comment_status":"closed","ping_status":"closed","sticky":false,"template":"","format":"standard","meta":{"_monsterinsights_skip_tracking":false,"_monsterinsights_sitenote_active":false,"_monsterinsights_sitenote_note":"","_monsterinsights_sitenote_category":0,"footnotes":""},"categories":[3],"tags":[],"class_list":["post-2077","post","type-post","status-publish","format-standard","hentry","category-societe"],"_links":{"self":[{"href":"https:\/\/www.lintelligentdabidjan.info\/news\/wp-json\/wp\/v2\/posts\/2077","targetHints":{"allow":["GET"]}}],"collection":[{"href":"https:\/\/www.lintelligentdabidjan.info\/news\/wp-json\/wp\/v2\/posts"}],"about":[{"href":"https:\/\/www.lintelligentdabidjan.info\/news\/wp-json\/wp\/v2\/types\/post"}],"author":[{"embeddable":true,"href":"https:\/\/www.lintelligentdabidjan.info\/news\/wp-json\/wp\/v2\/users\/2"}],"replies":[{"embeddable":true,"href":"https:\/\/www.lintelligentdabidjan.info\/news\/wp-json\/wp\/v2\/comments?post=2077"}],"version-history":[{"count":1,"href":"https:\/\/www.lintelligentdabidjan.info\/news\/wp-json\/wp\/v2\/posts\/2077\/revisions"}],"predecessor-version":[{"id":2078,"href":"https:\/\/www.lintelligentdabidjan.info\/news\/wp-json\/wp\/v2\/posts\/2077\/revisions\/2078"}],"wp:attachment":[{"href":"https:\/\/www.lintelligentdabidjan.info\/news\/wp-json\/wp\/v2\/media?parent=2077"}],"wp:term":[{"taxonomy":"category","embeddable":true,"href":"https:\/\/www.lintelligentdabidjan.info\/news\/wp-json\/wp\/v2\/categories?post=2077"},{"taxonomy":"post_tag","embeddable":true,"href":"https:\/\/www.lintelligentdabidjan.info\/news\/wp-json\/wp\/v2\/tags?post=2077"}],"curies":[{"name":"wp","href":"https:\/\/api.w.org\/{rel}","templated":true}]}}