{"id":20849,"date":"2020-05-19T00:41:34","date_gmt":"2020-05-18T22:41:34","guid":{"rendered":"https:\/\/www.lintelligentdabidjan.info\/news\/?p=20849"},"modified":"2020-05-19T01:36:25","modified_gmt":"2020-05-18T23:36:25","slug":"fronan-le-maire-thio-gustave-determine-a-achever-les-travaux-de-developpement","status":"publish","type":"post","link":"https:\/\/www.lintelligentdabidjan.info\/news\/fronan-le-maire-thio-gustave-determine-a-achever-les-travaux-de-developpement\/","title":{"rendered":"Fronan :Le Maire Thio Gustave d\u00e9termin\u00e9 \u00e0 achever les travaux de d\u00e9veloppement"},"content":{"rendered":"<p><em><strong>Thio Disso Gustave, maire de la commune de Fronan, r\u00e9gion du Hambol, a pr\u00e9sid\u00e9 la premi\u00e8re session ordinaire 2020 du Conseil municipal, le vendredi 15 mai 2020.<\/strong><\/em><\/p>\n<p>La s\u00e9ance, essentiellement articul\u00e9e autour du d\u00e9veloppement de la commune s\u2019est d\u00e9roul\u00e9e \u00e0 la salle de mariages de la mairie.   &#8220;Nous ambitionnons  faire de Fronan une localit\u00e9 o\u00f9 il fait bon vivre. Nous avons de nombreux programmes \u00e0 ex\u00e9cuter notamment dans le secteur de l&#8217;\u00e9ducation, de la sant\u00e9, de l&#8217;\u00e9lectricit\u00e9, des routes, du social etc. Mais tout cela ne  pourra \u00eatre mis en \u0153uvre que dans la paix et dans l&#8217;unit\u00e9. Nous devons voir grand et passer \u00e0 une autre \u00e9tape de notre d\u00e9veloppement malgr\u00e9 la crise sanitaire due \u00e0 la Covid-19. C&#8217;est pourquoi j&#8217;en appelle \u00e0 la prise de conscience et \u00e0 la responsabilit\u00e9 de tous pour ensemble r\u00e9ussir ce pari. Apprenons \u00e0 compter sur nos ressources propres et faisons en sorte de pouvoir les mobiliser. Fronan m\u00e9rite mieux que tout ce que nous avons vu jusque-l\u00e0. Ensemble, tra\u00e7ons les sillons d\u2019un d\u00e9veloppement harmonieux avec la participation de tous. Tout est priorit\u00e9 certes mais le plus important c&#8217;est la paix, la coh\u00e9sion, la solidarit\u00e9 et l&#8217;entente sans lesquelles rien n&#8217;est possible&#8221;, a dit le maire Thio Disso Gustave. Aussi, au cours de cette session ordinaire du Conseil municipal qui s&#8217;est tenu en pr\u00e9sence du repr\u00e9sentant du pr\u00e9fet de r\u00e9gion de Hambol, Gnaor\u00e9 Ligui Pierre Michel, Secr\u00e9taire g\u00e9n\u00e9ral de pr\u00e9fecture, le maire de Fronan a relev\u00e9 la recommandation du Pr\u00e9sident Alassane Ouattara et du Premier ministre Amadou Gon Coulibaly de prioriser le social. Chose qu&#8217;il a mat\u00e9rialis\u00e9e avec la remise de don de kits alimentaires et de protection aux populations de Fronan afin de les soutenir en cette p\u00e9riode de Ramadan et de lutte contre la Covid-19. &#8220;Un social hardi est mis en place. \u00c0 Fronan, les assistances et autres prestations en faveurs des plus vuln\u00e9rables continueront d\u2019\u00eatre, mieux, elles seront am\u00e9lior\u00e9es&#8221;, a soulign\u00e9 le maire de Fronan. Dans le cadre de la sensibilisation au respect des mesures barri\u00e8res contre la Covid-19, Thio Disso Gustave a appel\u00e9 les populations \u00e0 la responsabilit\u00e9 et au civisme, gage d\u2019une lutte r\u00e9ussie contre cette pand\u00e9mie.  Pour sa part, Gnaor\u00e9 Michel, Secr\u00e9taire g\u00e9n\u00e9ral de la pr\u00e9fecture de Katiola a f\u00e9licit\u00e9 l&#8217;ensemble des Conseillers municipaux et a r\u00e9it\u00e9r\u00e9 l&#8217;engagement du corps pr\u00e9fectoral \u00e0 accompagner la municipalit\u00e9 de Fronan dans sa qu\u00eate effr\u00e9n\u00e9e du bien-\u00eatre des populations. Quatre  (4) points ont \u00e9t\u00e9 \u00e0 l\u2019ordre du jour. Il s\u2019est agi de la lecture et adoption du Proc\u00e8s-verbal de la derni\u00e8re r\u00e9union du Conseil municipal de l\u2019ann\u00e9e 2019 tenue le 25 novembre 2019 ; Communication des proc\u00e8s-verbaux des r\u00e9unions de la municipalit\u00e9 de l\u2019ann\u00e9e 2019 ; examen et adoption de l\u2019\u00e9tat d\u2019ex\u00e9cution du budget en recettes et en d\u00e9penses du dernier trimestre de l\u2019exercice 2019 ; examen et adoption des textes portant statut des conseillers municipaux, informations sur l&#8217;abonnement au r\u00e9seau, la sensibilisation sur les mesures barri\u00e8res contre le coronavirus.<br \/>\n<strong><br \/>\nAboubacar Al Syddick \u00e0 Fronan<\/strong><\/p>\n","protected":false},"excerpt":{"rendered":"<p>Thio Disso Gustave, maire de la commune de Fronan, r\u00e9gion du Hambol, a pr\u00e9sid\u00e9 la premi\u00e8re session ordinaire 2020 du Conseil municipal, le vendredi 15 mai 2020. La s\u00e9ance, essentiellement articul\u00e9e autour du d\u00e9veloppement de la commune s\u2019est d\u00e9roul\u00e9e \u00e0 la salle de mariages de la mairie. &#8220;Nous ambitionnons faire de Fronan une localit\u00e9 o\u00f9 [&hellip;]<\/p>\n","protected":false},"author":3,"featured_media":20882,"comment_status":"closed","ping_status":"closed","sticky":false,"template":"","format":"standard","meta":{"_monsterinsights_skip_tracking":false,"_monsterinsights_sitenote_active":false,"_monsterinsights_sitenote_note":"","_monsterinsights_sitenote_category":0,"footnotes":""},"categories":[2,3],"tags":[],"class_list":["post-20849","post","type-post","status-publish","format-standard","has-post-thumbnail","hentry","category-featured","category-societe"],"_links":{"self":[{"href":"https:\/\/www.lintelligentdabidjan.info\/news\/wp-json\/wp\/v2\/posts\/20849","targetHints":{"allow":["GET"]}}],"collection":[{"href":"https:\/\/www.lintelligentdabidjan.info\/news\/wp-json\/wp\/v2\/posts"}],"about":[{"href":"https:\/\/www.lintelligentdabidjan.info\/news\/wp-json\/wp\/v2\/types\/post"}],"author":[{"embeddable":true,"href":"https:\/\/www.lintelligentdabidjan.info\/news\/wp-json\/wp\/v2\/users\/3"}],"replies":[{"embeddable":true,"href":"https:\/\/www.lintelligentdabidjan.info\/news\/wp-json\/wp\/v2\/comments?post=20849"}],"version-history":[{"count":1,"href":"https:\/\/www.lintelligentdabidjan.info\/news\/wp-json\/wp\/v2\/posts\/20849\/revisions"}],"predecessor-version":[{"id":20851,"href":"https:\/\/www.lintelligentdabidjan.info\/news\/wp-json\/wp\/v2\/posts\/20849\/revisions\/20851"}],"wp:featuredmedia":[{"embeddable":true,"href":"https:\/\/www.lintelligentdabidjan.info\/news\/wp-json\/wp\/v2\/media\/20882"}],"wp:attachment":[{"href":"https:\/\/www.lintelligentdabidjan.info\/news\/wp-json\/wp\/v2\/media?parent=20849"}],"wp:term":[{"taxonomy":"category","embeddable":true,"href":"https:\/\/www.lintelligentdabidjan.info\/news\/wp-json\/wp\/v2\/categories?post=20849"},{"taxonomy":"post_tag","embeddable":true,"href":"https:\/\/www.lintelligentdabidjan.info\/news\/wp-json\/wp\/v2\/tags?post=20849"}],"curies":[{"name":"wp","href":"https:\/\/api.w.org\/{rel}","templated":true}]}}