{"id":20894,"date":"2020-05-22T19:36:48","date_gmt":"2020-05-22T17:36:48","guid":{"rendered":"https:\/\/www.lintelligentdabidjan.info\/news\/?p=20894"},"modified":"2020-05-22T19:38:59","modified_gmt":"2020-05-22T17:38:59","slug":"le-22-aout-2020-est-la-date-de-lag-elective-de-la-fif-les-candidats-connus-apres-le-20-juin-football-cote-divoire","status":"publish","type":"post","link":"https:\/\/www.lintelligentdabidjan.info\/news\/le-22-aout-2020-est-la-date-de-lag-elective-de-la-fif-les-candidats-connus-apres-le-20-juin-football-cote-divoire\/","title":{"rendered":"Le 22 ao\u00fbt 2020 est la date de l\u2019Ag \u00e9lective de la Fif, les candidats connus apr\u00e8s le 20 juin (Football, C\u00f4te d\u2019Ivoire)"},"content":{"rendered":"<p><em><strong>Le comit\u00e9 ex\u00e9cutif de la FIF r\u00e9uni le vendredi 22 mai 2020 a arr\u00eat\u00e9 les dates de l\u2019assembl\u00e9e G\u00e9n\u00e9ral ordinaire d\u2019une part, et de l\u2019assembl\u00e9e g\u00e9n\u00e9rale \u00e9lective, d\u2019autre part.<\/strong><\/em><\/p>\n<p>L\u2019Assembl\u00e9e g\u00e9n\u00e9rale ordinaire initialement pr\u00e9vue pour le 16 mai 2020 et report\u00e9e en raison des restrictions li\u00e9es au Covid-19 aura finalement lieu le 20 juin 2020. Cette date a \u00e9t\u00e9 arr\u00eat\u00e9e par le comit\u00e9 ex\u00e9cutif de la FIF. Une r\u00e9union pr\u00e9sid\u00e9e par Augustin Sidy Diallo. Cette assembl\u00e9e ordinaire qui pr\u00e9sentera le bilan de l\u2019exercice de la saison 2019, d\u00e9voilera l\u2019identit\u00e9 des membres de la Comit\u00e9 \u00e9lectorale.<\/p>\n<p>A lire aussi&gt;<a href=\"https:\/\/www.lintelligentdabidjan.info\/news\/ag-ordinaire-de-la-fif-sory-diabate-la-date-connue-la-semaine-prochaine-les-documents-prets\/\" target=\"_blank\">AG ordinaire de la Fif &#8211; Sory Diabat\u00e9 : \u2018\u2019 La date connue la semaine prochaine, les documents pr\u00eats\u2019\u2019<\/a><\/p>\n<p>Cette commission qui aura la charge d\u2019organiser l\u2019\u00e9lection de la pr\u00e9sidence de la FIF. La date de l\u2019Assembl\u00e9e G\u00e9n\u00e9rale \u00e9lective a \u00e9t\u00e9 \u00e9galement fix\u00e9e. Elle se d\u00e9roulera le 22 aout 2020. Les candidats d\u00e9clar\u00e9s pourront d\u00e8s la mise en place de la Commission \u00e9lectorale faire acte de candidatures.<\/p>\n<p><img loading=\"lazy\" decoding=\"async\" class=\"alignnone size-medium wp-image-20895\" src=\"https:\/\/www.lintelligentdabidjan.info\/news\/wp-content\/uploads\/2020\/05\/cooo-212x300.jpg\" alt=\"cooo\" width=\"212\" height=\"300\" srcset=\"https:\/\/www.lintelligentdabidjan.info\/news\/wp-content\/uploads\/2020\/05\/cooo-212x300.jpg 212w, https:\/\/www.lintelligentdabidjan.info\/news\/wp-content\/uploads\/2020\/05\/cooo-724x1024.jpg 724w, https:\/\/www.lintelligentdabidjan.info\/news\/wp-content\/uploads\/2020\/05\/cooo-696x984.jpg 696w, https:\/\/www.lintelligentdabidjan.info\/news\/wp-content\/uploads\/2020\/05\/cooo-297x420.jpg 297w, https:\/\/www.lintelligentdabidjan.info\/news\/wp-content\/uploads\/2020\/05\/cooo.jpg 764w\" sizes=\"auto, (max-width: 212px) 100vw, 212px\" \/><\/p>\n<p><strong>AK<\/strong><\/p>\n","protected":false},"excerpt":{"rendered":"<p>Le comit\u00e9 ex\u00e9cutif de la FIF r\u00e9uni le vendredi 22 mai 2020 a arr\u00eat\u00e9 les dates de l\u2019assembl\u00e9e G\u00e9n\u00e9ral ordinaire d\u2019une part, et de l\u2019assembl\u00e9e g\u00e9n\u00e9rale \u00e9lective, d\u2019autre part. L\u2019Assembl\u00e9e g\u00e9n\u00e9rale ordinaire initialement pr\u00e9vue pour le 16 mai 2020 et report\u00e9e en raison des restrictions li\u00e9es au Covid-19 aura finalement lieu le 20 juin 2020. [&hellip;]<\/p>\n","protected":false},"author":3,"featured_media":20896,"comment_status":"closed","ping_status":"closed","sticky":false,"template":"","format":"standard","meta":{"footnotes":""},"categories":[2,23],"tags":[],"class_list":["post-20894","post","type-post","status-publish","format-standard","has-post-thumbnail","hentry","category-featured","category-sport"],"_links":{"self":[{"href":"https:\/\/www.lintelligentdabidjan.info\/news\/wp-json\/wp\/v2\/posts\/20894","targetHints":{"allow":["GET"]}}],"collection":[{"href":"https:\/\/www.lintelligentdabidjan.info\/news\/wp-json\/wp\/v2\/posts"}],"about":[{"href":"https:\/\/www.lintelligentdabidjan.info\/news\/wp-json\/wp\/v2\/types\/post"}],"author":[{"embeddable":true,"href":"https:\/\/www.lintelligentdabidjan.info\/news\/wp-json\/wp\/v2\/users\/3"}],"replies":[{"embeddable":true,"href":"https:\/\/www.lintelligentdabidjan.info\/news\/wp-json\/wp\/v2\/comments?post=20894"}],"version-history":[{"count":2,"href":"https:\/\/www.lintelligentdabidjan.info\/news\/wp-json\/wp\/v2\/posts\/20894\/revisions"}],"predecessor-version":[{"id":20898,"href":"https:\/\/www.lintelligentdabidjan.info\/news\/wp-json\/wp\/v2\/posts\/20894\/revisions\/20898"}],"wp:featuredmedia":[{"embeddable":true,"href":"https:\/\/www.lintelligentdabidjan.info\/news\/wp-json\/wp\/v2\/media\/20896"}],"wp:attachment":[{"href":"https:\/\/www.lintelligentdabidjan.info\/news\/wp-json\/wp\/v2\/media?parent=20894"}],"wp:term":[{"taxonomy":"category","embeddable":true,"href":"https:\/\/www.lintelligentdabidjan.info\/news\/wp-json\/wp\/v2\/categories?post=20894"},{"taxonomy":"post_tag","embeddable":true,"href":"https:\/\/www.lintelligentdabidjan.info\/news\/wp-json\/wp\/v2\/tags?post=20894"}],"curies":[{"name":"wp","href":"https:\/\/api.w.org\/{rel}","templated":true}]}}