{"id":20899,"date":"2020-05-22T19:57:35","date_gmt":"2020-05-22T17:57:35","guid":{"rendered":"https:\/\/www.lintelligentdabidjan.info\/news\/?p=20899"},"modified":"2020-05-22T19:57:35","modified_gmt":"2020-05-22T17:57:35","slug":"tensions-a-la-maca-la-machinekone-kassoum-desormais-indesirable","status":"publish","type":"post","link":"https:\/\/www.lintelligentdabidjan.info\/news\/tensions-a-la-maca-la-machinekone-kassoum-desormais-indesirable\/","title":{"rendered":"Tensions \u00e0 la Maca: \u00abla machine\u00bb(Kon\u00e9 Kassoum) d\u00e9sormais ind\u00e9sirable ?"},"content":{"rendered":"<p><em><strong>Des \u00e9chauffour\u00e9es ont eu lieu \u00e0 la Maison d&#8217;arr\u00eat et de correction d&#8217;Abidjan (MACA), le mercredi 20 mai 2020. Une enqu\u00eate a imm\u00e9diatement \u00e9t\u00e9 ouverte pour faire la lumi\u00e8re sur cette l&#8217;affaire qui implique des gardes p\u00e9nitentiaires, dont Kon\u00e9 Kassoum dit &#8220;La machine&#8221;. <\/strong><\/em><\/p>\n<p>Contact\u00e9e dans la matin\u00e9e du vendredi 22 mai 2020, une source du minist\u00e8re de la justice a dit : \u00ab Le garde p\u00e9nitentiaire en question n&#8217;a pas \u00e9t\u00e9 menott\u00e9, encore moins arr\u00eat\u00e9. Je pense que le communiqu\u00e9 du Garde des Sceaux est assez clair. Des faits se sont d\u00e9roul\u00e9s \u00e0 la MACA, il y a eu deux bless\u00e9s. L&#8217;un a \u00e9t\u00e9 touch\u00e9 \u00e0 l&#8217;\u00e9paule et l&#8217;autre a eu une \u00e9raflure au visage. Qui a tir\u00e9 ? Je ne sais pas, je n&#8217;\u00e9tais pas sur les lieux. Une enqu\u00eate a \u00e9t\u00e9 ouverte, et tant qu&#8217;elle n&#8217;est pas achev\u00e9e, je ne peux rien dire \u00bb.<\/p>\n<p>\u00c0 la question de savoir si Kon\u00e9 Kassoum dit &#8220;La machine&#8221;, malgr\u00e9 tout ce qui lui est reproch\u00e9, b\u00e9n\u00e9ficie de la protection et du soutien du ministre de la Justice et des Droits de l&#8217;Homme, Sansan Kambil\u00e9, la source a dit : \u00ab Je ne peux r\u00e9pondre \u00e0 la place du ministre de la Justice. Des faits se sont d\u00e9roul\u00e9s, une enqu\u00eate est en cours. Cette enqu\u00eate va donner un r\u00e9sultat, attendons ce r\u00e9sultat \u00bb.<\/p>\n<p>A lire aussi&gt; <a href=\"https:\/\/www.lintelligentdabidjan.info\/news\/maca-le-calvaire-que-kone-kassoum-dit-la-machine-a-fait-vivre-au-journaliste-claude-dasse-cote-divoireintelligent-dabidjan\/\" target=\"_blank\">Maca : Le calvaire que kon\u00e9 Kassoum dit \u2018\u2019la machine\u2019\u2019a fait vivre au journaliste Claude Dass\u00e9( C\u00f4te-d\u2019Ivoire ,Intelligent d\u2019Abidjan)<\/a><\/p>\n<p>D&#8217;autres informations ont fait \u00e9tat de ce que le nomm\u00e9 Kon\u00e9 Kassoum voit sa marge de manoeuvre d\u00e9sormais r\u00e9duite au sein de la MACA. Ces informations indiquent que dans les \u00e9changes entre le ministre Sansan Kambil\u00e9 et les gardes p\u00e9nitentiaires, il a \u00e9t\u00e9 rapport\u00e9 que Kon\u00e9 Kassoum dit &#8220;La machine&#8221;, qui n&#8217;a pas appr\u00e9ci\u00e9 que ses f\u00e9tiches mis sous terre dans la cour de la prison aient \u00e9t\u00e9 d\u00e9terr\u00e9s, a ouvert le feu sur deux de ses coll\u00e8gues, dont l&#8217;un a \u00e9t\u00e9 atteint gri\u00e8vement. Pour faire baisser la tension, des responsables p\u00e9nitentiaires ainsi que des syndicats du domaine ont demand\u00e9 et obtenu que Kon\u00e9 Kassoum, dont le v\u00e9hicule a \u00e9t\u00e9 saccag\u00e9 lors du soul\u00e8vement, ne mette pas les pieds au sein de la prison, jusqu\u2019\u00e0 nouvel ordre. Ce que le ministre aurait accept\u00e9.<\/p>\n<p>\u00ab Je ne sais pas si le ministre a fait des concessions lorsqu&#8217;il s&#8217;est rendu \u00e0 la MACA. En tout \u00e9tat de cause, comme je l&#8217;ai dit tant\u00f4t, une enqu\u00eate est en cours et elle permettra de situer les responsabilit\u00e9s dans cette affaire \u00bb, a insist\u00e9 notre interlocuteur sur la question.<\/p>\n<p>Nos tentatives pour entrer en contact avec le r\u00e9gisseur de la MACA, et avec Kon\u00e9 Kassoum dit &#8220;La machette&#8221; n&#8217;ont pas abouti.<\/p>\n<p><strong><br \/>\nClaude D et OD<\/strong><\/p>\n","protected":false},"excerpt":{"rendered":"<p>Des \u00e9chauffour\u00e9es ont eu lieu \u00e0 la Maison d&#8217;arr\u00eat et de correction d&#8217;Abidjan (MACA), le mercredi 20 mai 2020. Une enqu\u00eate a imm\u00e9diatement \u00e9t\u00e9 ouverte pour faire la lumi\u00e8re sur cette l&#8217;affaire qui implique des gardes p\u00e9nitentiaires, dont Kon\u00e9 Kassoum dit &#8220;La machine&#8221;. Contact\u00e9e dans la matin\u00e9e du vendredi 22 mai 2020, une source du [&hellip;]<\/p>\n","protected":false},"author":3,"featured_media":20900,"comment_status":"closed","ping_status":"closed","sticky":false,"template":"","format":"standard","meta":{"_monsterinsights_skip_tracking":false,"_monsterinsights_sitenote_active":false,"_monsterinsights_sitenote_note":"","_monsterinsights_sitenote_category":0,"footnotes":""},"categories":[2,3],"tags":[77,580,566],"class_list":["post-20899","post","type-post","status-publish","format-standard","has-post-thumbnail","hentry","category-featured","category-societe","tag-cote-divoire","tag-kone-kassoum","tag-maca"],"_links":{"self":[{"href":"https:\/\/www.lintelligentdabidjan.info\/news\/wp-json\/wp\/v2\/posts\/20899","targetHints":{"allow":["GET"]}}],"collection":[{"href":"https:\/\/www.lintelligentdabidjan.info\/news\/wp-json\/wp\/v2\/posts"}],"about":[{"href":"https:\/\/www.lintelligentdabidjan.info\/news\/wp-json\/wp\/v2\/types\/post"}],"author":[{"embeddable":true,"href":"https:\/\/www.lintelligentdabidjan.info\/news\/wp-json\/wp\/v2\/users\/3"}],"replies":[{"embeddable":true,"href":"https:\/\/www.lintelligentdabidjan.info\/news\/wp-json\/wp\/v2\/comments?post=20899"}],"version-history":[{"count":1,"href":"https:\/\/www.lintelligentdabidjan.info\/news\/wp-json\/wp\/v2\/posts\/20899\/revisions"}],"predecessor-version":[{"id":20901,"href":"https:\/\/www.lintelligentdabidjan.info\/news\/wp-json\/wp\/v2\/posts\/20899\/revisions\/20901"}],"wp:featuredmedia":[{"embeddable":true,"href":"https:\/\/www.lintelligentdabidjan.info\/news\/wp-json\/wp\/v2\/media\/20900"}],"wp:attachment":[{"href":"https:\/\/www.lintelligentdabidjan.info\/news\/wp-json\/wp\/v2\/media?parent=20899"}],"wp:term":[{"taxonomy":"category","embeddable":true,"href":"https:\/\/www.lintelligentdabidjan.info\/news\/wp-json\/wp\/v2\/categories?post=20899"},{"taxonomy":"post_tag","embeddable":true,"href":"https:\/\/www.lintelligentdabidjan.info\/news\/wp-json\/wp\/v2\/tags?post=20899"}],"curies":[{"name":"wp","href":"https:\/\/api.w.org\/{rel}","templated":true}]}}