{"id":20920,"date":"2020-05-24T21:03:06","date_gmt":"2020-05-24T19:03:06","guid":{"rendered":"https:\/\/www.lintelligentdabidjan.info\/news\/?p=20920"},"modified":"2020-05-24T21:06:38","modified_gmt":"2020-05-24T19:06:38","slug":"operation-de-lutte-anti-terroriste-baptisee-comoe-2020-les-patrons-de-larmee-ivoirienne-et-burkinabe-felicitent-leurs-hommes-sur-le-terrain","status":"publish","type":"post","link":"https:\/\/www.lintelligentdabidjan.info\/news\/operation-de-lutte-anti-terroriste-baptisee-comoe-2020-les-patrons-de-larmee-ivoirienne-et-burkinabe-felicitent-leurs-hommes-sur-le-terrain\/","title":{"rendered":"Op\u00e9ration de lutte anti-terroriste, baptis\u00e9e \u2018\u2019COMOE 2020\u2019\u2019: Les patrons de l\u2019arm\u00e9e ivoirienne et burkinab\u00e8 f\u00e9licitent leurs hommes sur le terrain"},"content":{"rendered":"<p><em><strong>Le G\u00e9n\u00e9ral de Corps d\u2019Arm\u00e9e Lassina DOUMBIA et son homologue des Forces Arm\u00e9es du Burkina Faso, le G\u00e9n\u00e9ral de Brigade Mo\u00efse MINOUNGOU, ont effectu\u00e9 une visite terrain ce vendredi 22 mai 2020 dans la localit\u00e9 frontali\u00e8re de Kafolon-BAC. Objectif, f\u00e9liciter de vive voix, les troupes ivoiriennes et burkinab\u00e8 engag\u00e9es depuis plus d\u2019une semaine dans le cadre de l\u2019op\u00e9ration de lutte anti-terroriste, baptis\u00e9e \u2018\u2019COMOE 2020\u2019\u2019.<\/strong><\/em><\/p>\n<p>Planifi\u00e9e depuis le mois de f\u00e9vrier 2020, l\u2019op\u00e9ration de s\u00e9curisation de la bande frontali\u00e8re commune baptis\u00e9e \u2018\u2019COMOE 2020\u2019\u2019, a \u00e9t\u00e9 lanc\u00e9e conjointement le 11 mai sur les quelques 580 km de fronti\u00e8re terrestre que se partagent la C\u00f4te d\u2019Ivoire et le Burkina Faso. Cette op\u00e9ration vise \u00e0 endiguer dans cette zone couverte de for\u00eats, les trafics illicites, les braquages \u00e0 main arm\u00e9e mais surtout l\u2019action des Groupes Arm\u00e9es Terroristes (GAT). Les deux arm\u00e9es ont mutualis\u00e9, \u00e0 cet effet, leurs comp\u00e9tences, et leurs moyens techniques et personnels.<\/p>\n<p>C\u00f4t\u00e9 Ivoirien, il s\u2019est agi de contr\u00f4ler, la zone comprise entre LALERABA-PETIT NAGPOU-SIKOLO-KAFOLON BAC, quand la partie burkinab\u00e8 se devait de faire le bouclage et le ratissage du p\u00e9rim\u00e8tre OUO-OUANGOLODOUGOU-YENDERE- DAGBINDOUGOU. <\/p>\n<p>Cette op\u00e9ration, la premi\u00e8re du genre entre les deux arm\u00e9es, a \u00e9t\u00e9 un succ\u00e8s sur le plan op\u00e9rationnel.  Pr\u00e9sents sur les lieux, les Chefs d\u2019Etat-Major des Arm\u00e9es de C\u00f4te d\u2019Ivoire et du Burkina Faso, ont tenu \u00e0 f\u00e9liciter l\u2019ensemble des troupes engag\u00e9es sur le th\u00e9\u00e2tre des op\u00e9rations pour la franche collaboration entre les forces et la bonne coordination des actions qui ont permis d\u2019obtenir ces r\u00e9sultats probants. Pour le G\u00e9n\u00e9ral de Corps d\u2019Arm\u00e9e Lassina DOUMBIA, Chef d\u2019Etat-Major G\u00e9n\u00e9ral des Arm\u00e9es de C\u00f4te d\u2019Ivoire \u00ab des derni\u00e8res attaques terroristes survenues dans la zone sud du Burkina Faso, certaines ont eu lieu \u00e0 moins de 10 kms de la fronti\u00e8re commune. Ce qui a suscit\u00e9 des interrogations. Pour notre part, nous estimons qu\u2019aucun Etat ne devrait laisser utiliser une portion quelconque de son territoire, pour pr\u00e9parer, organiser et mener des attaques en territoire voisin, ou servir de zone refuge apr\u00e8s la commission de tels forfaits. Cela rel\u00e8ve de la morale. Cette op\u00e9ration conjointe aura permis de lever les doutes. \u00bb<\/p>\n<p>Au bilan, une base terroriste a \u00e9t\u00e9 d\u00e9mantel\u00e9e en territoire burkinab\u00e8, huit (08) combattants arm\u00e9s des GAT tu\u00e9s, des armements, munitions, \u00e9quipements informatiques, t\u00e9l\u00e9phones portables et motocyclettes saisis. Environ 24 suspects interpell\u00e9s par les forces burkinab\u00e8 et 14 par les forces ivoiriennes, ont \u00e9t\u00e9 mis \u00e0 la disposition des services de renseignements. Si l\u2019op\u00e9ration a montr\u00e9 qu\u2019aucune base terroriste n\u2019existe sur le territoire ivoirien, toutes les zones identifi\u00e9es comme pouvant servir de refuge dans la for\u00eat de la Como\u00e9 ont fait l\u2019objet de fouille et de ratissage.<\/p>\n<p>Pour le Chef d\u2019Etat-Major des arm\u00e9es du Burkina Faso, de telles initiatives sont \u00e0 r\u00e9it\u00e9rer entre forces arm\u00e9es alli\u00e9es afin de venir \u00e0 bout de l\u2019ins\u00e9curit\u00e9 end\u00e9mique dans la zone au sud du Sahara. \u00ab Comme vous l\u2019avez vu, ces r\u00e9sultats probants ont \u00e9t\u00e9 obtenus gr\u00e2ce \u00e0 la coop\u00e9ration entre nos deux arm\u00e9es. Quand vous menez seul une offensive, eux, ne respectant pas les fronti\u00e8res, ont le temps de s\u2019\u00e9chapper. Cette fois, il n\u2019y avait pas d\u2019issue pour eux. C\u2019est une initiative \u00e0 poursuivre. \u00bb<\/p>\n<p>L\u2019Op\u00e9ration \u2018\u2019COMOE 2020\u2019\u2019, qui se d\u00e9roule en pleine pand\u00e9mie de la COVID-19, a \u00e9t\u00e9 le lieu pour les Forces Arm\u00e9es des deux pays, en plus de la sensibilisation, de faire des dons en mat\u00e9riels de protection contre la COVID 19, aux populations locales : Masques, seaux \u00e0 robinet, gels hydroalcooliques, savons liquides, eau de javel et savons en poudre ont \u00e9t\u00e9 offerts aux villages dans la zone d\u2019op\u00e9ration.  Cette action civilo-militaire vient participer au renforcement de la coh\u00e9sion entre les arm\u00e9es ivoiriennes et burkinab\u00e8 et leurs populations respectives.<\/p>\n<p>De retour, au 4\u00e8me Bataillon d\u2019infanterie de Korhogo, unit\u00e9 en charge de la d\u00e9fense de la zone cible de l\u2019op\u00e9ration conjointe, c\u2019est en langage clair que s\u2019est adress\u00e9 le G\u00e9n\u00e9ral de Corps d\u2019Arm\u00e9e Lassina Doumbia \u00e0 ses hommes. Tout en les f\u00e9licitant, il les a appel\u00e9s \u00e0 la plus haute vigilance dans cet espace sensible, \u00e0 faire preuve de professionnalisme, de rigueur personnelle et surtout de patriotisme.  Le Chef d\u2019Etat-Major G\u00e9n\u00e9ral des Arm\u00e9es, a termin\u00e9 par annoncer, un imminent renforcement des capacit\u00e9s op\u00e9rationnelles des unit\u00e9s pr\u00e9sentes dans le nord, au regard des menaces qui p\u00e8sent sur la zone dont elles ont la responsabilit\u00e9.<\/p>\n<p>D\u00e9j\u00e0 initi\u00e9 par les op\u00e9rations \u2018\u2019Bordure Protectrice\u2019\u2019 et maintenant \u2018\u2019Fronti\u00e8re Etanche\u2019\u2019, l\u2019Ordre d\u2019Op\u00e9ration \u2018\u2019COMOE 2020\u2019\u2019 toujours en cours, vient r\u00e9v\u00e9ler la volont\u00e9 des Forces Arm\u00e9es de C\u00f4te d\u2019Ivoire de pr\u00e9server par tous moyens, le territoire ivoirien contre les GAT et de participer au r\u00e9tablissement de la s\u00e9curit\u00e9 r\u00e9gionale.<\/p>\n<p><strong>Nb :le titre vient de la r\u00e9daction<\/strong><\/p>\n","protected":false},"excerpt":{"rendered":"<p>Le G\u00e9n\u00e9ral de Corps d\u2019Arm\u00e9e Lassina DOUMBIA et son homologue des Forces Arm\u00e9es du Burkina Faso, le G\u00e9n\u00e9ral de Brigade Mo\u00efse MINOUNGOU, ont effectu\u00e9 une visite terrain ce vendredi 22 mai 2020 dans la localit\u00e9 frontali\u00e8re de Kafolon-BAC. Objectif, f\u00e9liciter de vive voix, les troupes ivoiriennes et burkinab\u00e8 engag\u00e9es depuis plus d\u2019une semaine dans le [&hellip;]<\/p>\n","protected":false},"author":3,"featured_media":20921,"comment_status":"closed","ping_status":"closed","sticky":false,"template":"","format":"standard","meta":{"_monsterinsights_skip_tracking":false,"_monsterinsights_sitenote_active":false,"_monsterinsights_sitenote_note":"","_monsterinsights_sitenote_category":0,"footnotes":""},"categories":[2,1],"tags":[584,585,587,586,583],"class_list":["post-20920","post","type-post","status-publish","format-standard","has-post-thumbnail","hentry","category-featured","category-actualites","tag-armees","tag-burkinabe","tag-ivoirienne","tag-lutte-anti-terroriste","tag-operation-comoe-2020"],"_links":{"self":[{"href":"https:\/\/www.lintelligentdabidjan.info\/news\/wp-json\/wp\/v2\/posts\/20920","targetHints":{"allow":["GET"]}}],"collection":[{"href":"https:\/\/www.lintelligentdabidjan.info\/news\/wp-json\/wp\/v2\/posts"}],"about":[{"href":"https:\/\/www.lintelligentdabidjan.info\/news\/wp-json\/wp\/v2\/types\/post"}],"author":[{"embeddable":true,"href":"https:\/\/www.lintelligentdabidjan.info\/news\/wp-json\/wp\/v2\/users\/3"}],"replies":[{"embeddable":true,"href":"https:\/\/www.lintelligentdabidjan.info\/news\/wp-json\/wp\/v2\/comments?post=20920"}],"version-history":[{"count":3,"href":"https:\/\/www.lintelligentdabidjan.info\/news\/wp-json\/wp\/v2\/posts\/20920\/revisions"}],"predecessor-version":[{"id":20923,"href":"https:\/\/www.lintelligentdabidjan.info\/news\/wp-json\/wp\/v2\/posts\/20920\/revisions\/20923"}],"wp:featuredmedia":[{"embeddable":true,"href":"https:\/\/www.lintelligentdabidjan.info\/news\/wp-json\/wp\/v2\/media\/20921"}],"wp:attachment":[{"href":"https:\/\/www.lintelligentdabidjan.info\/news\/wp-json\/wp\/v2\/media?parent=20920"}],"wp:term":[{"taxonomy":"category","embeddable":true,"href":"https:\/\/www.lintelligentdabidjan.info\/news\/wp-json\/wp\/v2\/categories?post=20920"},{"taxonomy":"post_tag","embeddable":true,"href":"https:\/\/www.lintelligentdabidjan.info\/news\/wp-json\/wp\/v2\/tags?post=20920"}],"curies":[{"name":"wp","href":"https:\/\/api.w.org\/{rel}","templated":true}]}}