{"id":21131,"date":"2020-06-05T17:11:16","date_gmt":"2020-06-05T15:11:16","guid":{"rendered":"https:\/\/www.lintelligentdabidjan.info\/news\/?p=21131"},"modified":"2020-06-05T17:41:02","modified_gmt":"2020-06-05T15:41:02","slug":"covid-19-lafrique-resiste-mais-il-ya-de-rester-vigilant-wakili-alafe-le-messager","status":"publish","type":"post","link":"https:\/\/www.lintelligentdabidjan.info\/news\/covid-19-lafrique-resiste-mais-il-ya-de-rester-vigilant-wakili-alafe-le-messager\/","title":{"rendered":"Covid 19: l\u2019Afrique r\u00e9siste, mais il y\u2019a  lieu de rester vigilant (Wakili Alaf\u00e9, le Messager)"},"content":{"rendered":"<p><em><strong>Entretien paru le num\u00e9ro 5541 du 5 juin 2020, du quotidien camerounais le Messager\u2014\u2014<br \/>\n\u00ab Directeur de l&#8217;Intelligent d&#8217;Abidjan, quotidien ind\u00e9pendant ivoirien, partenaire du projet mobilisant les m\u00e9dias et agences de communication, de l&#8217;Afrique et ses diasporas, en mati\u00e8re d&#8217;information, de sensibilisation et de communication sur le Coronavirus, Alaf\u00e9 Wakili explique son implication.<\/strong><\/em><\/p>\n<p><strong>Question : L&#8217;Intelligent d&#8217;Abidjan, quotidien ivoirien dont vous \u00eates le Directeur, participe au projet \u00ab Prot\u00e9geons-Nous \u00bb contre la Covid-19 en Afrique. Pour quelles raisons ?<\/strong><\/p>\n<p>R\u00e9ponse : Je participe au projet \u00ab Prot\u00e9geons- Nous \u00bb contre la Covid en Afrique, parce que ses initiateurs me paraissent \u00eatre des acteurs cr\u00e9dibles du secteur des m\u00e9dias et de la communication. Lorsque j&#8217;ai \u00e9t\u00e9 contact\u00e9, je me suis dit qu&#8217;il \u00e9tait utile d&#8217;apporter ma contribution d&#8217;autant plus que la sensibilisation ne doit pas s&#8217;arr\u00eater, elle doit continuer, se poursuivre \u00e0 tous les niveaux. Il \u00e9tait donc important de la renforcer \u00e0 l&#8217;\u00e9chelle de l&#8217;Afrique, des populations africaines et la diaspora pour que le continent soit \u00e0 l&#8217;abri de cette pand\u00e9mie.<\/p>\n<p><strong>Q : Rarement initiative a mobilis\u00e9 avec telle envergure, m\u00e9dias et agences de communication, \u00e0 l&#8217;\u00e9chelle de l&#8217;Afrique. En quoi cette implication peut-elle \u00eatre d\u00e9cisive pour l&#8217;information, la communication et la sensibilisa- tion sur la crise sanitaire du Coronavirus?<\/strong><\/p>\n<p>R : La mobilisation de divers supports peut effectivement \u00eatre d\u00e9cisive. Mais il faut surtout la renforcer pour qu&#8217;elle ait davantage d&#8217;impact. Il faut \u00e9galement r\u00e9fl\u00e9chir trouver des \u00e9l\u00e9ments originaux,<br \/>\ndes \u00e9l\u00e9ments compl\u00e9mentaires par rapport \u00e0 ce qui est d\u00e9j\u00e0 fait dans chacun des pays en Afrique. Il y a une communi- cation institutionnelle qui est faite, une communication de masse par les m\u00e9dias et les pouvoirs publics, et \u00e0 travers les r\u00e9seaux sociaux. Il est par ailleurs important que les initiateurs de ce projet au niveau de l&#8217;ext\u00e9rieur, s&#8217;impr\u00e8gnent davantage des initiatives prises sur le plan continental africain pour cr\u00e9er une v\u00e9ritable synergie. Il y a lieu de faire une sorte d&#8217;\u00e9valuation pour s&#8217;assurer que chaque \u00e9tape du projet est bien impl\u00e9ment\u00e9e, s&#8217;assurer de ce qui est d\u00e9j\u00e0 entrepris est bien fait, pour \u00eatre plus efficace, donner de la coh\u00e9rence \u00e0 l&#8217;ac- tion et \u00e9viter de recommencer les m\u00eames choses. L&#8217;\u00e9valuation permet aussi d&#8217;identifier les zones o\u00f9 le message a du mal \u00e0 passer et les zones de scepticisme, qui existent encore, les r\u00e9sistances qu&#8217;il y a en Afrique, et sur cette base, propo- ser des th\u00e9matiques, des messages, des<br \/>\nslogans, r\u00e9cits, des histoires et visuels&#8230; Je pense que c&#8217;est de cette mani\u00e8re que cette initiative pourra donner plus de r\u00e9sultats et impacter ce qui est d\u00e9j\u00e0 fait.<\/p>\n<p><strong>Q : L&#8217;Afrique dont certains oiseaux de mauvais augure pr\u00e9disaient le pire face \u00e0 la Covd-19 s&#8217;en sort plut\u00f4t pas mal voire mieux que nombre d&#8217;autres continents, pour l&#8217;instant. Comment expli- quer cette r\u00e9alit\u00e9 ?<\/strong><\/p>\n<p>R: L&#8217;Afrique s&#8217;en sort mieux, oui. L&#8217;Afrique s&#8217;en sort bien. Les mauvaises langues et autres oiseaux de malheur avaient pr\u00e9dit des situations plus compliqu\u00e9es. Mais je pense qu&#8217;il ne faut pas pavoiser trop t\u00f4t. Pourquoi l&#8217;Afrique s&#8217;en sort ? Parce que l&#8217;Afrique a pris l&#8217;affaire au s\u00e9rieux, elle a \u00e9cout\u00e9 les alertes et pris des mesures ad\u00e9quates. L&#8217;Afrique r\u00e9siste bien jusqu&#8217;\u00e0 pr\u00e9sent. Mais, on le voit, en Afrique comme ailleurs, il y a un rel\u00e2chement. Les gens oublient que c&#8217;est parce que l&#8217;Afrique a pris en consid\u00e9ration ce que pr\u00e9disaient les oiseaux de mauvais augure et que des mesures fortes ont \u00e9t\u00e9 prises, qui ont mis en p\u00e9ril nos \u00e9conomies, qui ont r\u00e9duit la libert\u00e9 de nos populations avant que la pand\u00e9mie fasse des d\u00e9g\u00e2ts, que le contingent r\u00e9siste&#8230;. C&#8217;est tout cela qui nous a mis \u00e0 l&#8217;abri. Alors que ces m\u00eames mesures n&#8217;ont pas \u00e9t\u00e9 prises \u00e0 temps aux \u00c9tats-Unis, en France, Espagne, Italie ou au Br\u00e9sil. La Chine n&#8217;a pas pris \u00e0 la l\u00e9g\u00e8re cette pand\u00e9mie. L&#8217;Afrique a donc su contenir la propagation de la maladie du fait des mesures drastiques mises en place, avant m\u00eame son apparition, ou d\u00e8s les premiers cas. Mais, ne baissons pas la garde, respectons les mesures barri\u00e8res. Car si \u00e0 terme, un traitement et un vacin ne sont pas trouv\u00e9s, la situation risque de se d\u00e9grader et le bilan de  s&#8217;alourdir en Afrique. On ne le souhaite pas. Il y a donc lieu de rester vigilant jusqu&#8217;au bout.<\/p>\n<p><strong><br \/>\nRecueilli par J.-C. EDJANGUE<\/strong><\/p>\n","protected":false},"excerpt":{"rendered":"<p>Entretien paru le num\u00e9ro 5541 du 5 juin 2020, du quotidien camerounais le Messager\u2014\u2014 \u00ab Directeur de l&#8217;Intelligent d&#8217;Abidjan, quotidien ind\u00e9pendant ivoirien, partenaire du projet mobilisant les m\u00e9dias et agences de communication, de l&#8217;Afrique et ses diasporas, en mati\u00e8re d&#8217;information, de sensibilisation et de communication sur le Coronavirus, Alaf\u00e9 Wakili explique son implication. Question : [&hellip;]<\/p>\n","protected":false},"author":3,"featured_media":21132,"comment_status":"closed","ping_status":"closed","sticky":false,"template":"","format":"standard","meta":{"_monsterinsights_skip_tracking":false,"_monsterinsights_sitenote_active":false,"_monsterinsights_sitenote_note":"","_monsterinsights_sitenote_category":0,"footnotes":""},"categories":[2,1,3],"tags":[180,538,624],"class_list":["post-21131","post","type-post","status-publish","format-standard","has-post-thumbnail","hentry","category-featured","category-actualites","category-societe","tag-afrique","tag-covid-19","tag-wakili-alafe"],"_links":{"self":[{"href":"https:\/\/www.lintelligentdabidjan.info\/news\/wp-json\/wp\/v2\/posts\/21131","targetHints":{"allow":["GET"]}}],"collection":[{"href":"https:\/\/www.lintelligentdabidjan.info\/news\/wp-json\/wp\/v2\/posts"}],"about":[{"href":"https:\/\/www.lintelligentdabidjan.info\/news\/wp-json\/wp\/v2\/types\/post"}],"author":[{"embeddable":true,"href":"https:\/\/www.lintelligentdabidjan.info\/news\/wp-json\/wp\/v2\/users\/3"}],"replies":[{"embeddable":true,"href":"https:\/\/www.lintelligentdabidjan.info\/news\/wp-json\/wp\/v2\/comments?post=21131"}],"version-history":[{"count":3,"href":"https:\/\/www.lintelligentdabidjan.info\/news\/wp-json\/wp\/v2\/posts\/21131\/revisions"}],"predecessor-version":[{"id":21135,"href":"https:\/\/www.lintelligentdabidjan.info\/news\/wp-json\/wp\/v2\/posts\/21131\/revisions\/21135"}],"wp:featuredmedia":[{"embeddable":true,"href":"https:\/\/www.lintelligentdabidjan.info\/news\/wp-json\/wp\/v2\/media\/21132"}],"wp:attachment":[{"href":"https:\/\/www.lintelligentdabidjan.info\/news\/wp-json\/wp\/v2\/media?parent=21131"}],"wp:term":[{"taxonomy":"category","embeddable":true,"href":"https:\/\/www.lintelligentdabidjan.info\/news\/wp-json\/wp\/v2\/categories?post=21131"},{"taxonomy":"post_tag","embeddable":true,"href":"https:\/\/www.lintelligentdabidjan.info\/news\/wp-json\/wp\/v2\/tags?post=21131"}],"curies":[{"name":"wp","href":"https:\/\/api.w.org\/{rel}","templated":true}]}}