{"id":21202,"date":"2020-06-11T00:12:36","date_gmt":"2020-06-10T22:12:36","guid":{"rendered":"https:\/\/www.lintelligentdabidjan.info\/news\/?p=21202"},"modified":"2020-06-11T00:34:51","modified_gmt":"2020-06-10T22:34:51","slug":"coulibaly-kuibiert-ibrahime-president-de-la-cei-seule-linscription-sur-la-liste-electorale-confere-la-qualite-pour-faire-entendre-sa-voix-et-son-choix","status":"publish","type":"post","link":"https:\/\/www.lintelligentdabidjan.info\/news\/coulibaly-kuibiert-ibrahime-president-de-la-cei-seule-linscription-sur-la-liste-electorale-confere-la-qualite-pour-faire-entendre-sa-voix-et-son-choix\/","title":{"rendered":"Coulibaly-Kuibiert Ibrahime, pr\u00e9sident de la Cei  :  \u201cSeule l\u2019inscription sur la liste \u00e9lectorale conf\u00e8re la qualit\u00e9 pour faire entendre sa voix et son choix\u201d"},"content":{"rendered":"<p><em><strong>Coulibaly-Kuibiert Ibrahime, pr\u00e9sident de la Commission \u00e9lectorale ind\u00e9pendante (Cei) a pr\u00e9sid\u00e9, le mercredi 10 juin 2020 \u00e0 l&#8217;\u00e9cole William Ponty d&#8217;Abidjan-Yopougon, le lancement de l&#8217;op\u00e9ration de r\u00e9vision de la liste \u00e9lectorale en pr\u00e9sence du ministre aupr\u00e8s du pr\u00e9sident de la R\u00e9publique charg\u00e9 des relations avec les Institutions, Gilbert Kafana Kon\u00e9, par ailleurs maire de la commune.<\/strong><\/em><\/p>\n<p>La r\u00e9vision de la liste \u00e9lectorale en C\u00f4te d&#8217;Ivoire se d\u00e9roulera du 10 au 24 juin 2020, et \u00e0 l&#8217;\u00e9tranger, du 13 au 24 juin 2020. Se pronon\u00e7ant sur l&#8217;importance de cette op\u00e9ration, le pr\u00e9sident de la Cei, Coulibaly-Kuibiert Ibrahime, a dit : \u00ab La r\u00e9vision de la liste \u00e9lectorale me semble l&#8217;une des op\u00e9rations essentielles du processus \u00e9lectoral. En effet, s&#8217;il est admis que pour qu&#8217;il y ait \u00e9lection, il faut certainement des candidats et des offres de programmes de soci\u00e9t\u00e9, l&#8217;\u00e9lection requiert avant tout des \u00e9lecteurs. Car en r\u00e9alit\u00e9, toute la propagande \u00e9lectorale, tout le d\u00e9ploiement op\u00e9r\u00e9 par les candidats, est uniquement destin\u00e9 \u00e0 s\u00e9duire les \u00e9lecteurs pour obtenir leurs suffrages. Entre les mains de ceux ou de celles, qui recueilleront le maximum de suffrages des \u00e9lecteurs, sera confi\u00e9e la gouvernance de notre quotidien, la r\u00e9alisation de nos r\u00eaves et l&#8217;accomplissement de notre bien-\u00eatre. Pour avoir ce droit, il est important en amont d&#8217;\u00eatre inscrit sur la liste \u00e9lectorale. Seule votre inscription sur la liste \u00e9lectorale vous conf\u00e8re la qualit\u00e9 pour faire entendre votre voix et votre choix.(&#8230;) L&#8217;op\u00e9ration de r\u00e9vision de la liste \u00e9lectorale a pour objectif essentiel de prendre en compte les mutations intervenues dans le corps \u00e9lectoral et d&#8217;offrir la possibilit\u00e9 \u00e0 toutes les personnes de nationalit\u00e9 ivoirienne, remplissant les conditions prescrites par la loi, de s&#8217;inscrire sur la liste \u00e9lectorale\u00bb.<\/p>\n<p>Selon Coulibaly-Kuibiert, pour \u00eatre inscrit sur la liste \u00e9lectorale en C\u00f4te d&#8217;Ivoire, les requ\u00e9rants doivent se munir de l&#8217;une des pi\u00e8ces suivantes : la Carte nationale d&#8217;identit\u00e9(Cni), le certificat de nationalit\u00e9 ivoirienne, l&#8217;attestation d&#8217;identit\u00e9, le r\u00e9c\u00e9piss\u00e9 d\u00e9livr\u00e9 par l&#8217;Office national de l&#8217;\u00e9tat civil et de l&#8217;identification en C\u00f4te d&#8217;Ivoire (Oneci). Quant aux requ\u00e9rants ivoiriens de la diaspora, ils doivent pr\u00e9senter soit une Cni, soit un passeport biom\u00e9trique, ou une carte consulaire. \u00ab La r\u00e9vision de la liste \u00e9lectorale concerne ceux de nos compatriotes qui sollicitent leur premi\u00e8re inscription sur la liste \u00e9lectorale \u00e0 savoir les personnes majeures non inscrites jusqu&#8217;\u00e0 pr\u00e9sent, ou celles qui auront 18 ans au 24 juin 2020 appel\u00e9s g\u00e9n\u00e9ralement les nouveaux majeurs. Sont \u00e9galement concern\u00e9s, les \u00e9lecteurs d\u00e9j\u00e0 inscrits sur la liste \u00e9lectorale, qui souhaiteraient apporter des modifications \u00e0 leurs donn\u00e9es personnelles ou d\u00e9sireux de changer de lieu de vote\u00bb, a pr\u00e9cis\u00e9 le pr\u00e9sident de l&#8217;organe \u00e9lectoral. Selon lui, ces derniers peuvent le faire dans le centre de recensement du nouveau lieu ou en ligne sur le site www.cei.ci, avec des documents sp\u00e9cifiques disponibles gratuitement dans les commissariats, les mairies, les sous-pr\u00e9fectures et les administrations fiscales.<br \/>\nCoulibaly-Kuibiert Ibrahime a invit\u00e9 les guides religieux, les organisations de la soci\u00e9t\u00e9 civile, les  chefs traditionnels et de communaut\u00e9s \u00e0 s&#8217;impliquer dans la sensibilisation  pour la r\u00e9ussite de ce processus.<br \/>\nPrenant la parole, le ministre Gilbert Kafana Kon\u00e9, maire de la commune de Yopougon a r\u00e9it\u00e9r\u00e9 son soutien \u00e0 l&#8217;op\u00e9ration. Il a dit : \u00ab Le conseil municipal de Yopougon vous assure de son soutien et se fait d&#8217;ailleurs r\u00e9publicain d&#8217;appuyer votre institution dans toutes les initiatives de sensibilisation et d&#8217;encadrement des populations afin que cette op\u00e9ration soit un succ\u00e8s total dans notre commune\u00bb. La c\u00e9r\u00e9monie a pris fin par une visite du centre. Plusieurs organisations internationales comme le Programme des Nations unies pour le d\u00e9veloppement (Pnud), et des partis politiques ont pris part \u00e0 la c\u00e9r\u00e9monie.<br \/>\nMO avec KN<\/p>\n","protected":false},"excerpt":{"rendered":"<p>Coulibaly-Kuibiert Ibrahime, pr\u00e9sident de la Commission \u00e9lectorale ind\u00e9pendante (Cei) a pr\u00e9sid\u00e9, le mercredi 10 juin 2020 \u00e0 l&#8217;\u00e9cole William Ponty d&#8217;Abidjan-Yopougon, le lancement de l&#8217;op\u00e9ration de r\u00e9vision de la liste \u00e9lectorale en pr\u00e9sence du ministre aupr\u00e8s du pr\u00e9sident de la R\u00e9publique charg\u00e9 des relations avec les Institutions, Gilbert Kafana Kon\u00e9, par ailleurs maire de la [&hellip;]<\/p>\n","protected":false},"author":3,"featured_media":21214,"comment_status":"closed","ping_status":"closed","sticky":false,"template":"","format":"standard","meta":{"_monsterinsights_skip_tracking":false,"_monsterinsights_sitenote_active":false,"_monsterinsights_sitenote_note":"","_monsterinsights_sitenote_category":0,"footnotes":""},"categories":[2,17],"tags":[],"class_list":["post-21202","post","type-post","status-publish","format-standard","has-post-thumbnail","hentry","category-featured","category-politique"],"_links":{"self":[{"href":"https:\/\/www.lintelligentdabidjan.info\/news\/wp-json\/wp\/v2\/posts\/21202","targetHints":{"allow":["GET"]}}],"collection":[{"href":"https:\/\/www.lintelligentdabidjan.info\/news\/wp-json\/wp\/v2\/posts"}],"about":[{"href":"https:\/\/www.lintelligentdabidjan.info\/news\/wp-json\/wp\/v2\/types\/post"}],"author":[{"embeddable":true,"href":"https:\/\/www.lintelligentdabidjan.info\/news\/wp-json\/wp\/v2\/users\/3"}],"replies":[{"embeddable":true,"href":"https:\/\/www.lintelligentdabidjan.info\/news\/wp-json\/wp\/v2\/comments?post=21202"}],"version-history":[{"count":1,"href":"https:\/\/www.lintelligentdabidjan.info\/news\/wp-json\/wp\/v2\/posts\/21202\/revisions"}],"predecessor-version":[{"id":21204,"href":"https:\/\/www.lintelligentdabidjan.info\/news\/wp-json\/wp\/v2\/posts\/21202\/revisions\/21204"}],"wp:featuredmedia":[{"embeddable":true,"href":"https:\/\/www.lintelligentdabidjan.info\/news\/wp-json\/wp\/v2\/media\/21214"}],"wp:attachment":[{"href":"https:\/\/www.lintelligentdabidjan.info\/news\/wp-json\/wp\/v2\/media?parent=21202"}],"wp:term":[{"taxonomy":"category","embeddable":true,"href":"https:\/\/www.lintelligentdabidjan.info\/news\/wp-json\/wp\/v2\/categories?post=21202"},{"taxonomy":"post_tag","embeddable":true,"href":"https:\/\/www.lintelligentdabidjan.info\/news\/wp-json\/wp\/v2\/tags?post=21202"}],"curies":[{"name":"wp","href":"https:\/\/api.w.org\/{rel}","templated":true}]}}