{"id":21215,"date":"2020-06-11T00:42:43","date_gmt":"2020-06-10T22:42:43","guid":{"rendered":"https:\/\/www.lintelligentdabidjan.info\/news\/?p=21215"},"modified":"2020-06-11T00:43:06","modified_gmt":"2020-06-10T22:43:06","slug":"adama-bictogo-directeur-executif-du-rhdp-meme-si-les-elections-avaient-lieu-dans-un-mois-le-rhdp-est-pret","status":"publish","type":"post","link":"https:\/\/www.lintelligentdabidjan.info\/news\/adama-bictogo-directeur-executif-du-rhdp-meme-si-les-elections-avaient-lieu-dans-un-mois-le-rhdp-est-pret\/","title":{"rendered":"Adama Bictogo, Directeur ex\u00e9cutif du Rhdp : \u00ab M\u00eame si les \u00e9lections avaient lieu dans un mois, le Rhdp est pr\u00eat \u00bb"},"content":{"rendered":"<p><em><strong>\u00c0 l&#8217;occasion du lancement officiel de l&#8217;op\u00e9ration de r\u00e9vision de la liste \u00e9lectorale, le mercredi 10 juin 2020 \u00e0 l&#8217;\u00e9cole William Ponty d&#8217;Abidjan-Yopougon, le directeur ex\u00e9cutif du Rhdp, Adama Bictogo a dit :<\/strong><\/em><\/p>\n<p>\u00ab Hier d\u00e9j\u00e0 (Ndlr : mardi 9 juin 2020), j&#8217;ai eu une rencontre avec tous mes coordinateurs r\u00e9gionaux o\u00f9 j&#8217;ai donn\u00e9 des orientations relatives \u00e0 l&#8217;inscription sur le fichier \u00e9lectoral. Pour nous, l&#8217;\u00e9lection du 31 octobre 2020 commence aujourd&#8217;hui. Nous sommes dans le processus \u00e9lectoral. Le lancement officiel aujourd&#8217;hui de l&#8217;inscription sur le fichier \u00e9lectoral nous rassure de ce que l&#8217;\u00e9lection du 31 octobre aura bel et bien lieu. Le Rhdp est pr\u00eat. Nous, nous avons un candidat, un programme de gouvernement, nous avons un bilan, nous avons des hommes et des femmes. Comme j&#8217;ai coutume de le dire, m\u00eame si les \u00e9lections avaient lieu dans un mois, le Rhdp est pr\u00eat. Je voudrais saluer la Cei, son pr\u00e9sident, pour avoir pris toutes les dispositions pour permettre aux Ivoiriens de pouvoir s&#8217;exprimer le 31 octobre. Je profite pour appeler tous les militants du Rhdp, sur l&#8217;ensemble du territoire et \u00e0 l&#8217;ext\u00e9rieur, tous les sympathisants et tous les Ivoiriens qui se reconnaissent dans l&#8217;id\u00e9ologie Rhdp, qui se reconnaissent dans l&#8217;id\u00e9al du pr\u00e9sident Alassane Ouattara, \u00e0 aller s&#8217;inscrire massivement sur le fichier \u00e9lectoral, parce que le pouvoir est au peuple et c&#8217;est le peuple qui le remet \u00e0 l&#8217;\u00e9lu. Nous avons confiance aux Ivoiriens. Ils nous ont d\u00e9j\u00e0 fait confiance pendant 10 ans. Nous voulons qu&#8217;ils nous renouvellent leur confiance ce 31 octobre 2020. Et pour cela, il faut qu&#8217;ils aillent s&#8217;inscrire sur le fichier \u00e9lectoral\u00bb.<\/p>\n<p><strong> MO avec KN <\/strong><\/p>\n","protected":false},"excerpt":{"rendered":"<p>\u00c0 l&#8217;occasion du lancement officiel de l&#8217;op\u00e9ration de r\u00e9vision de la liste \u00e9lectorale, le mercredi 10 juin 2020 \u00e0 l&#8217;\u00e9cole William Ponty d&#8217;Abidjan-Yopougon, le directeur ex\u00e9cutif du Rhdp, Adama Bictogo a dit : \u00ab Hier d\u00e9j\u00e0 (Ndlr : mardi 9 juin 2020), j&#8217;ai eu une rencontre avec tous mes coordinateurs r\u00e9gionaux o\u00f9 j&#8217;ai donn\u00e9 des [&hellip;]<\/p>\n","protected":false},"author":3,"featured_media":21216,"comment_status":"closed","ping_status":"closed","sticky":false,"template":"","format":"standard","meta":{"_monsterinsights_skip_tracking":false,"_monsterinsights_sitenote_active":false,"_monsterinsights_sitenote_note":"","_monsterinsights_sitenote_category":0,"footnotes":""},"categories":[2,17],"tags":[],"class_list":["post-21215","post","type-post","status-publish","format-standard","has-post-thumbnail","hentry","category-featured","category-politique"],"_links":{"self":[{"href":"https:\/\/www.lintelligentdabidjan.info\/news\/wp-json\/wp\/v2\/posts\/21215","targetHints":{"allow":["GET"]}}],"collection":[{"href":"https:\/\/www.lintelligentdabidjan.info\/news\/wp-json\/wp\/v2\/posts"}],"about":[{"href":"https:\/\/www.lintelligentdabidjan.info\/news\/wp-json\/wp\/v2\/types\/post"}],"author":[{"embeddable":true,"href":"https:\/\/www.lintelligentdabidjan.info\/news\/wp-json\/wp\/v2\/users\/3"}],"replies":[{"embeddable":true,"href":"https:\/\/www.lintelligentdabidjan.info\/news\/wp-json\/wp\/v2\/comments?post=21215"}],"version-history":[{"count":1,"href":"https:\/\/www.lintelligentdabidjan.info\/news\/wp-json\/wp\/v2\/posts\/21215\/revisions"}],"predecessor-version":[{"id":21217,"href":"https:\/\/www.lintelligentdabidjan.info\/news\/wp-json\/wp\/v2\/posts\/21215\/revisions\/21217"}],"wp:featuredmedia":[{"embeddable":true,"href":"https:\/\/www.lintelligentdabidjan.info\/news\/wp-json\/wp\/v2\/media\/21216"}],"wp:attachment":[{"href":"https:\/\/www.lintelligentdabidjan.info\/news\/wp-json\/wp\/v2\/media?parent=21215"}],"wp:term":[{"taxonomy":"category","embeddable":true,"href":"https:\/\/www.lintelligentdabidjan.info\/news\/wp-json\/wp\/v2\/categories?post=21215"},{"taxonomy":"post_tag","embeddable":true,"href":"https:\/\/www.lintelligentdabidjan.info\/news\/wp-json\/wp\/v2\/tags?post=21215"}],"curies":[{"name":"wp","href":"https:\/\/api.w.org\/{rel}","templated":true}]}}