{"id":21218,"date":"2020-06-11T00:48:45","date_gmt":"2020-06-10T22:48:45","guid":{"rendered":"https:\/\/www.lintelligentdabidjan.info\/news\/?p=21218"},"modified":"2020-06-11T00:50:28","modified_gmt":"2020-06-10T22:50:28","slug":"kouakou-kra-vice-president-du-fpi-charge-des-questions-electorales-nous-nous-rejouissons-que-le-calendrier-electoral-soit-respecte","status":"publish","type":"post","link":"https:\/\/www.lintelligentdabidjan.info\/news\/kouakou-kra-vice-president-du-fpi-charge-des-questions-electorales-nous-nous-rejouissons-que-le-calendrier-electoral-soit-respecte\/","title":{"rendered":"Kouakou Kra, Vice-pr\u00e9sident du Fpi charg\u00e9 des questions \u00e9lectorales : \u00abNous nous r\u00e9jouissons que le calendrier \u00e9lectoral soit respect\u00e9\u00bb"},"content":{"rendered":"<p><em><strong>Ayant pris part \u00e0 la c\u00e9r\u00e9monie de lancement de l&#8217;op\u00e9ration de r\u00e9vision de la liste \u00e9lectorale le mercredi 10 juin 2020 dans la commune d&#8217;Abidjan-Yopougon, Kouakou Kra, vice-pr\u00e9sident du Fpi s&#8217;est r\u00e9joui du respect de l&#8217;agenda \u00e9lectoral et appelle les militants \u00e0 se faire enr\u00f4ler.<\/strong><\/em><\/p>\n<p>\u00ab Nous nous r\u00e9jouissons qu&#8217;effectivement le calendrier \u00e9lectoral soit respect\u00e9 par le lancement de cette op\u00e9ration de r\u00e9vision de la liste \u00e9lectorale. L&#8217;\u00e9lection surtout pr\u00e9sidentielle, il y a trois moments tr\u00e8s forts : la confection des listes \u00e9lectorales, la propagande \u00e9lectorale et le vote. La mati\u00e8re premi\u00e8re qui est celle que les partis politiques et les candidats en g\u00e9n\u00e9ral utilisent, ce sont les \u00e9lecteurs. Nous invitons donc tous les militants du Fpi, de l&#8217;Afd, tous les Ivoiriens et citoyens \u00e0 se faire enr\u00f4ler. C&#8217;est une p\u00e9riode de deux semaines, du 10 au 24 juin 2020. Et je pense qu&#8217;il faut investir tous les lieux de vote. Il y a environ 11 mille lieux de vote en C\u00f4te d&#8217;Ivoire. Il n&#8217;y a pas de raison qu&#8217;\u00e0 la fin de ce processus, sauf cas de force majeure, qu&#8217;un Ivoirien qui veut le changement et le d\u00e9veloppement en C\u00f4te d&#8217;Ivoire, ne figure pas sur cette liste de 2020. J&#8217;invite donc, tous les Ivoiriens, pour acte de citoyennet\u00e9, \u00e0 faire en sorte que leurs noms figurent sur cette liste de 2020 pour le changement total en C\u00f4te d&#8217;Ivoire\u00bb a-t-il indiqu\u00e9.<\/p>\n<p><strong>MO avec KN <\/strong><\/p>\n","protected":false},"excerpt":{"rendered":"<p>Ayant pris part \u00e0 la c\u00e9r\u00e9monie de lancement de l&#8217;op\u00e9ration de r\u00e9vision de la liste \u00e9lectorale le mercredi 10 juin 2020 dans la commune d&#8217;Abidjan-Yopougon, Kouakou Kra, vice-pr\u00e9sident du Fpi s&#8217;est r\u00e9joui du respect de l&#8217;agenda \u00e9lectoral et appelle les militants \u00e0 se faire enr\u00f4ler. \u00ab Nous nous r\u00e9jouissons qu&#8217;effectivement le calendrier \u00e9lectoral soit respect\u00e9 [&hellip;]<\/p>\n","protected":false},"author":3,"featured_media":21219,"comment_status":"closed","ping_status":"closed","sticky":false,"template":"","format":"standard","meta":{"_monsterinsights_skip_tracking":false,"_monsterinsights_sitenote_active":false,"_monsterinsights_sitenote_note":"","_monsterinsights_sitenote_category":0,"footnotes":""},"categories":[2,17],"tags":[],"class_list":["post-21218","post","type-post","status-publish","format-standard","has-post-thumbnail","hentry","category-featured","category-politique"],"_links":{"self":[{"href":"https:\/\/www.lintelligentdabidjan.info\/news\/wp-json\/wp\/v2\/posts\/21218","targetHints":{"allow":["GET"]}}],"collection":[{"href":"https:\/\/www.lintelligentdabidjan.info\/news\/wp-json\/wp\/v2\/posts"}],"about":[{"href":"https:\/\/www.lintelligentdabidjan.info\/news\/wp-json\/wp\/v2\/types\/post"}],"author":[{"embeddable":true,"href":"https:\/\/www.lintelligentdabidjan.info\/news\/wp-json\/wp\/v2\/users\/3"}],"replies":[{"embeddable":true,"href":"https:\/\/www.lintelligentdabidjan.info\/news\/wp-json\/wp\/v2\/comments?post=21218"}],"version-history":[{"count":1,"href":"https:\/\/www.lintelligentdabidjan.info\/news\/wp-json\/wp\/v2\/posts\/21218\/revisions"}],"predecessor-version":[{"id":21220,"href":"https:\/\/www.lintelligentdabidjan.info\/news\/wp-json\/wp\/v2\/posts\/21218\/revisions\/21220"}],"wp:featuredmedia":[{"embeddable":true,"href":"https:\/\/www.lintelligentdabidjan.info\/news\/wp-json\/wp\/v2\/media\/21219"}],"wp:attachment":[{"href":"https:\/\/www.lintelligentdabidjan.info\/news\/wp-json\/wp\/v2\/media?parent=21218"}],"wp:term":[{"taxonomy":"category","embeddable":true,"href":"https:\/\/www.lintelligentdabidjan.info\/news\/wp-json\/wp\/v2\/categories?post=21218"},{"taxonomy":"post_tag","embeddable":true,"href":"https:\/\/www.lintelligentdabidjan.info\/news\/wp-json\/wp\/v2\/tags?post=21218"}],"curies":[{"name":"wp","href":"https:\/\/api.w.org\/{rel}","templated":true}]}}