{"id":21255,"date":"2020-06-12T21:48:58","date_gmt":"2020-06-12T19:48:58","guid":{"rendered":"https:\/\/www.lintelligentdabidjan.info\/news\/?p=21255"},"modified":"2020-06-12T22:25:11","modified_gmt":"2020-06-12T20:25:11","slug":"ahoussou-denonce-les-articles-de-vice-aux-antipodes-de-la-deontologie-et-allegations-fantaisistesdrogue-senat-cote-divoire","status":"publish","type":"post","link":"https:\/\/www.lintelligentdabidjan.info\/news\/ahoussou-denonce-les-articles-de-vice-aux-antipodes-de-la-deontologie-et-allegations-fantaisistesdrogue-senat-cote-divoire\/","title":{"rendered":"Ahoussou d\u00e9nonce les articles de Vice \u00abaux antipodes de la d\u00e9ontologie et all\u00e9gations fantaisistes\u00bb(Drogue, S\u00e9nat, C\u00f4te d\u2019Ivoire)"},"content":{"rendered":"<p><em><strong>Le ministre de S\u00e9curit\u00e9 et de la Protection civile, Diomand\u00e9 Vagondo, \u00e9tait l\u2019h\u00f4te des membres de la Commission D\u00e9fense et S\u00e9curit\u00e9 du S\u00e9nat de C\u00f4te d\u2019Ivoire, vendredi 12 juin 2020, \u00e0 Yamoussoukro. \u00c0 cette occasion, le Pr\u00e9sident de le l\u2019institution, Jeannot Ahoussou Kouadio  a enfil\u00e9 ses habits d\u2019avocat, pour d\u00e9fendre et illustrer la R\u00e9publique. Son allocution int\u00e9grale ci-dessous. Le titre est de la Redaction.<\/strong><\/em><\/p>\n<p>Mesdames et Messieurs les S\u00e9nateurs,<br \/>\nMonsieur le Ministre de la S\u00e9curit\u00e9 et de la Protection Civile,<\/p>\n<p>Apr\u00e8s l\u2019attaque de Grand-Bassam du 13 mars 2016, notre pays vient d\u2019\u00eatre frapp\u00e9, dans la nuit du 10 au 11 juin 2020, par une nouvelle offensive terroriste faisant une dizaine de morts.<\/p>\n<p>Je voudrais exprimer les condol\u00e9ances les plus attrist\u00e9es et la compassion de notre Institution aux familles de nos vaillants soldats ainsi qu\u2019\u00e0 l\u2019ensemble des Forces Arm\u00e9es de C\u00f4te d\u2019Ivoire.<\/p>\n<p>Mesdames et Messieurs les S\u00e9nateurs,<br \/>\nMonsieur le Ministre de la S\u00e9curit\u00e9 et de la Protection Civile,<\/p>\n<p>Il n\u2019est pas coutumier pour le Pr\u00e9sident du S\u00e9nat de prendre la parole \u00e0 l\u2019occasion des s\u00e9ances de travaux en Commission.<br \/>\nCependant, je ne saurais me d\u00e9rober aux devoirs de ma charge et de celle de toute l\u2019Institution parlementaire que je repr\u00e9sente, quand l\u2019int\u00e9r\u00eat sup\u00e9rieur de la Nation est en jeu ou encore lorsqu\u2019un p\u00e9ril imminent guette notre pays.<\/p>\n<p>Mesdames et Messieurs les S\u00e9nateurs,<br \/>\nMonsieur le Ministre,<br \/>\nDepuis quelques jours d\u00e9j\u00e0, les Ivoiriens dans leur ensemble, ont \u00e9t\u00e9 surpris, choqu\u00e9s, boulevers\u00e9s suite \u00e0 la publication d\u2019un article produit par deux journalistes \u00e9trangers, pr\u00e9sentant la C\u00f4te d\u2019Ivoire comme la plaque tournante du trafic de coca\u00efne dans la sous-r\u00e9gion, voire en Afrique.<br \/>\nChers fr\u00e8res et s\u0153urs, pouvons-nous accepter qu\u2019on assimile notre pays \u00e0 un narco-pays ?<\/p>\n<p>Monsieur le Ministre,<br \/>\nVous comprendrez donc que le S\u00e9nat, en sa qualit\u00e9 de Chambre de repr\u00e9sentation nationale, ne saurait, \u00e0 l\u2019occasion de cette s\u00e9ance d\u2019examen de projet de loi, observer la loi de l\u2019omerta devant une telle actualit\u00e9 particuli\u00e8rement sensible et affligeante.<\/p>\n<p>Hier, notre ch\u00e8re C\u00f4te d\u2019Ivoire \u00e9tait accus\u00e9e de pays pratiquant l\u2019exploitation des enfants dans la cacao culture.<br \/>\nHier, notre ch\u00e8re C\u00f4te d\u2019Ivoire \u00e9tait accus\u00e9e de pays x\u00e9nophobe.<\/p>\n<p>Aujourd\u2019hui, nous sommes encore inscrits au box des accus\u00e9s, cette fois, au motif de constituer un pays de transit au trafic de la coca\u00efne desservant l\u2019Afrique toute enti\u00e8re.<\/p>\n<p>Mesdames et Messieurs les S\u00e9nateurs,<br \/>\nMonsieur le Ministre,<\/p>\n<p>Ce glaive est port\u00e9 \u00e0 notre Nation alors que depuis 2011, le Pr\u00e9sident de la R\u00e9publique, son Excellence Alassane Ouattara, ne cesse de faire le tour du monde en vue de repositionner notre pays au niveau diplomatique.<br \/>\nCe glaive est port\u00e9 \u00e0 notre Nation au moment o\u00f9, aujourd\u2019hui, notre pays a regagn\u00e9 sa place sur la sc\u00e8ne internationale et s\u2019est hiss\u00e9 \u00e0 nouveau, dans le concert des grandes nations africaines.<br \/>\nCe glaive est port\u00e9 \u00e0 notre Nation au moment o\u00f9 la C\u00f4te d\u2019Ivoire, apr\u00e8s la grave crise politique et militaire qu\u2019elle a connue, force le respect de tous ses pairs aussi bien au niveau africain que mondial.<br \/>\nCe glaive est port\u00e9 \u00e0 notre pays au moment o\u00f9 la C\u00f4te d\u2019Ivoire fait partie des pays ayant r\u00e9alis\u00e9s les meilleures performances \u00e9conomiques et budg\u00e9taires au monde ces derni\u00e8res ann\u00e9es.<\/p>\n<p>C\u2019est pourquoi, du haut de cette tribune, je dis non \u00e0 toute tentative de diabolisation de la C\u00f4te d\u2019Ivoire, notre cher pays.<\/p>\n<p>C\u2019est pourquoi, du haut de cette tribune, l\u2019ensemble des s\u00e9nateurs disent non \u00e0 cette \u00e9ni\u00e8me tentative de boycott et de sabotage de l\u2019image de la C\u00f4te d\u2019Ivoire, notre cher pays.<br \/>\nC\u2019est pourquoi, du haut de cette tribune, au nom de la Nation ivoirienne toute enti\u00e8re, tous les s\u00e9nateurs disent non aux ennemis de la R\u00e9publique, qu\u2019ils soient d\u2019ici ou d\u2019ailleurs.<br \/>\nMonsieur le Ministre,<\/p>\n<p>Vous \u00eates non seulement un Officier G\u00e9n\u00e9ral de l\u2019Arm\u00e9e de C\u00f4te d\u2019Ivoire mais vous avez aujourd\u2019hui, de par le Pr\u00e9sident de la R\u00e9publique, la lourde mission d\u2019assurer la s\u00e9curit\u00e9 des Ivoiriennes et des Ivoiriens.<br \/>\nLes Ivoiriens vous font confiance comme ils font confiance \u00e0 l\u2019ensemble de leurs Institutions r\u00e9publicaines.<br \/>\nIl y a quelques mois, le 3 f\u00e9vrier 2020 pr\u00e9cis\u00e9ment, des op\u00e9rations de police men\u00e9es sous votre autorit\u00e9 ont permis la saisie d\u2019une importante quantit\u00e9 de coca\u00efne.<br \/>\nAussi, la presse a fait \u00e9cho du d\u00e9mant\u00e8lement par la police ivoirienne, en juin 2019, d\u2019un vaste r\u00e9seau de narco trafiquants qui croupissent actuellement dans les ge\u00f4les ivoiriennes.<br \/>\nAu regard de ces efforts d\u00e9ploy\u00e9s par notre pays, comment donc la C\u00f4te d\u2019Ivoire est-elle devenue subitement le pays de tous les travers d\u00e9crits par ces journalistes ?<br \/>\nEt, qui mieux que vous peut dire aux Ivoiriens qu\u2019il s\u2019agit d\u2019une r\u00e9alit\u00e9 implacable ?<br \/>\nQui mieux que vous peut dire aux Ivoiriens que cette affaire rel\u00e8ve de la pure manipulation politique ?<br \/>\nQui mieux que vous peut dire aux Ivoiriens qu\u2019il ne s\u2019agit ni plus, ni moins, que d\u2019un cynique et grossier montage tendant \u00e0 enrichir la com\u00e9die politique ? <\/p>\n<p>En tout \u00e9tat de cause, pour l\u2019heure, au regard de l\u2019extr\u00eame l\u00e9g\u00e8ret\u00e9 de la d\u00e9marche de ces journalistes, aux antipodes de la d\u00e9ontologie de leur fonction, nul besoin d\u2019\u00eatre grand clerc pour r\u00e9aliser que nous sommes en face de simples all\u00e9gations gratuites et fantaisistes ayant pour but unique de salir, de nuire, de faire mal.<br \/>\nMesdames et Messieurs les S\u00e9nateurs,<br \/>\nMonsieur le Ministre,<br \/>\nJe voudrais appeler l\u2019ensemble des Ivoiriennes et des Ivoiriens et particuli\u00e8rement les acteurs politiques \u00e0 faire preuve de retenue et de responsabilit\u00e9 en cette p\u00e9riode pr\u00e9-\u00e9lectorale particuli\u00e8rement sensible.<br \/>\nNul n\u2019a le droit de chercher \u00e0 tirer quelque dividende politique au d\u00e9triment de son pays.<\/p>\n<p>Nul n\u2019a le droit de compromettre notre Nation sur l\u2019autel de ses ambitions personnelles.<br \/>\nTous ensemble, nous d\u00e9vons avoir une \u00e9gale r\u00e9pulsion \u00e0  l\u2019\u00e9gard des extr\u00e9mismes de tout bord.<br \/>\nAttention ! Nous n\u2019avons qu\u2019un seul pays, une seule nation.<br \/>\nNous devons aimer et d\u00e9fendre notre pays. Nous devons le servir avec d\u00e9vouement et passion.<br \/>\nGardons \u00e0 l\u2019esprit que nous sommes de passage alors que la C\u00f4te d\u2019Ivoire est \u00e9ternelle.<br \/>\nNous devons la paix aux Ivoiriens. La paix que le Pr\u00e9sident F\u00e9lix Houphou\u00ebt Boigny nous a l\u00e9gu\u00e9e en h\u00e9ritage.  Et le S\u00e9nat entend jouer toute sa partition afin qu\u2019il en soit ainsi.<br \/>\nJe vous remercie.<\/p>\n<p><strong><br \/>\nJeannot AHOUSSOU-KOUADIO<\/strong><\/p>\n","protected":false},"excerpt":{"rendered":"<p>Le ministre de S\u00e9curit\u00e9 et de la Protection civile, Diomand\u00e9 Vagondo, \u00e9tait l\u2019h\u00f4te des membres de la Commission D\u00e9fense et S\u00e9curit\u00e9 du S\u00e9nat de C\u00f4te d\u2019Ivoire, vendredi 12 juin 2020, \u00e0 Yamoussoukro. \u00c0 cette occasion, le Pr\u00e9sident de le l\u2019institution, Jeannot Ahoussou Kouadio a enfil\u00e9 ses habits d\u2019avocat, pour d\u00e9fendre et illustrer la R\u00e9publique. Son [&hellip;]<\/p>\n","protected":false},"author":3,"featured_media":21258,"comment_status":"closed","ping_status":"closed","sticky":false,"template":"","format":"standard","meta":{"_monsterinsights_skip_tracking":false,"_monsterinsights_sitenote_active":false,"_monsterinsights_sitenote_note":"","_monsterinsights_sitenote_category":0,"footnotes":""},"categories":[2,17],"tags":[628,77,630,565,629],"class_list":["post-21255","post","type-post","status-publish","format-standard","has-post-thumbnail","hentry","category-featured","category-politique","tag-ahoussou","tag-cote-divoire","tag-drogue","tag-senat","tag-vagondo"],"_links":{"self":[{"href":"https:\/\/www.lintelligentdabidjan.info\/news\/wp-json\/wp\/v2\/posts\/21255","targetHints":{"allow":["GET"]}}],"collection":[{"href":"https:\/\/www.lintelligentdabidjan.info\/news\/wp-json\/wp\/v2\/posts"}],"about":[{"href":"https:\/\/www.lintelligentdabidjan.info\/news\/wp-json\/wp\/v2\/types\/post"}],"author":[{"embeddable":true,"href":"https:\/\/www.lintelligentdabidjan.info\/news\/wp-json\/wp\/v2\/users\/3"}],"replies":[{"embeddable":true,"href":"https:\/\/www.lintelligentdabidjan.info\/news\/wp-json\/wp\/v2\/comments?post=21255"}],"version-history":[{"count":1,"href":"https:\/\/www.lintelligentdabidjan.info\/news\/wp-json\/wp\/v2\/posts\/21255\/revisions"}],"predecessor-version":[{"id":21257,"href":"https:\/\/www.lintelligentdabidjan.info\/news\/wp-json\/wp\/v2\/posts\/21255\/revisions\/21257"}],"wp:featuredmedia":[{"embeddable":true,"href":"https:\/\/www.lintelligentdabidjan.info\/news\/wp-json\/wp\/v2\/media\/21258"}],"wp:attachment":[{"href":"https:\/\/www.lintelligentdabidjan.info\/news\/wp-json\/wp\/v2\/media?parent=21255"}],"wp:term":[{"taxonomy":"category","embeddable":true,"href":"https:\/\/www.lintelligentdabidjan.info\/news\/wp-json\/wp\/v2\/categories?post=21255"},{"taxonomy":"post_tag","embeddable":true,"href":"https:\/\/www.lintelligentdabidjan.info\/news\/wp-json\/wp\/v2\/tags?post=21255"}],"curies":[{"name":"wp","href":"https:\/\/api.w.org\/{rel}","templated":true}]}}