{"id":21280,"date":"2020-06-15T20:33:47","date_gmt":"2020-06-15T18:33:47","guid":{"rendered":"https:\/\/www.lintelligentdabidjan.info\/news\/?p=21280"},"modified":"2020-06-15T20:46:32","modified_gmt":"2020-06-15T18:46:32","slug":"7-prisonniers-de-la-maca-atteints-de-covid-19-reactions-attendues-des-ministeres-de-la-justice-et-de-sante","status":"publish","type":"post","link":"https:\/\/www.lintelligentdabidjan.info\/news\/7-prisonniers-de-la-maca-atteints-de-covid-19-reactions-attendues-des-ministeres-de-la-justice-et-de-sante\/","title":{"rendered":"7 prisonniers de la Maca atteints de Covid 19 : r\u00e9actions attendues des minist\u00e8res de la justice et de sant\u00e9"},"content":{"rendered":"<p><em><strong>Suite \u00e0 une s\u00e9rie de tests effectu\u00e9s \u00e0 la Maison d\u2019arr\u00eat et de correction d\u2019Abidjan (MACA), sept pensionnaires ont \u00e9t\u00e9 test\u00e9s positifs au Coronavirus 2019. Tous les b\u00e2timents de la prison sont infect\u00e9s, avec deux malades issus du b\u00e2timent des assimil\u00e9s, deux du b\u00e2timent A, deux du b\u00e2timent C et un issu du b\u00e2timent A. <\/strong><\/em><\/p>\n<p>Les autorit\u00e9s p\u00e9nitentiaires ont imm\u00e9diatement mis les concern\u00e9s en quarantaine au sein de la prison, sous des tentes dress\u00e9s pour l\u2019occasion sur l\u2019espace destin\u00e9 \u00e0 la Croix Rouge situ\u00e9 \u00e0 proximit\u00e9 de la morgue de la prison, le temps de leur trouver un centre m\u00e9dical adapt\u00e9, hors de la prison pour leur prise en charge.<\/p>\n<p>Finalement depuis le samedi 13 juin 2020, ces malades de la Covid-19 de la Maca ont \u00e9t\u00e9 conduits sur le site de prise en charge dans l\u2019enceinte du Chu de Yopougon qui est en r\u00e9habilitation.<\/p>\n<p>A lire aussi&gt;<a href=\"https:\/\/www.lintelligentdabidjan.info\/news\/covid-19-chaine-de-solidarite-mariatou-kone-soulage-les-detenus-et-le-personnel-penitentiaire-de-la-maca-et-les-invite-a-sapproprier-les-mesures-barrieres\/\" target=\"_blank\">Covid19-Cha\u00eene de solidarit\u00e9 :Mariatou kon\u00e9 soulage les d\u00e9tenus et le personnel p\u00e9nitentiaire de la Maca et les invite \u00e0 s\u2019approprier les mesures barri\u00e8res<\/a><\/p>\n<p>Interrog\u00e9 par t\u00e9l\u00e9phone dans l\u2019apr\u00e8s-midi du 15 juin 2020 sur la question, Bernard Kouassi, directeur de Cabinet du Minist\u00e8re de la Justice et des droits de l\u2019Homme a dit : \u00abJe ne saurai vous r\u00e9pondre parce que ce n\u2019est pas moi qui g\u00e8re ce dossier\u00bb.<\/p>\n<p>\u00c9galement contact\u00e9e, Mme le conseiller technique du ministre de la Sant\u00e9 et de l\u2019Hygi\u00e8ne publique, Dr Kouassy Edith a indiqu\u00e9 : \u00ab En dehors des conf\u00e9rences de presse, je ne r\u00e9ponds pas aux journalistes \u00bb.<\/p>\n<p><strong>Claude Dass\u00e9<\/strong><\/p>\n","protected":false},"excerpt":{"rendered":"<p>Suite \u00e0 une s\u00e9rie de tests effectu\u00e9s \u00e0 la Maison d\u2019arr\u00eat et de correction d\u2019Abidjan (MACA), sept pensionnaires ont \u00e9t\u00e9 test\u00e9s positifs au Coronavirus 2019. Tous les b\u00e2timents de la prison sont infect\u00e9s, avec deux malades issus du b\u00e2timent des assimil\u00e9s, deux du b\u00e2timent A, deux du b\u00e2timent C et un issu du b\u00e2timent A. [&hellip;]<\/p>\n","protected":false},"author":3,"featured_media":21281,"comment_status":"closed","ping_status":"closed","sticky":false,"template":"","format":"standard","meta":{"_monsterinsights_skip_tracking":false,"_monsterinsights_sitenote_active":false,"_monsterinsights_sitenote_note":"","_monsterinsights_sitenote_category":0,"footnotes":""},"categories":[2,3],"tags":[77,538,566],"class_list":["post-21280","post","type-post","status-publish","format-standard","has-post-thumbnail","hentry","category-featured","category-societe","tag-cote-divoire","tag-covid-19","tag-maca"],"_links":{"self":[{"href":"https:\/\/www.lintelligentdabidjan.info\/news\/wp-json\/wp\/v2\/posts\/21280","targetHints":{"allow":["GET"]}}],"collection":[{"href":"https:\/\/www.lintelligentdabidjan.info\/news\/wp-json\/wp\/v2\/posts"}],"about":[{"href":"https:\/\/www.lintelligentdabidjan.info\/news\/wp-json\/wp\/v2\/types\/post"}],"author":[{"embeddable":true,"href":"https:\/\/www.lintelligentdabidjan.info\/news\/wp-json\/wp\/v2\/users\/3"}],"replies":[{"embeddable":true,"href":"https:\/\/www.lintelligentdabidjan.info\/news\/wp-json\/wp\/v2\/comments?post=21280"}],"version-history":[{"count":3,"href":"https:\/\/www.lintelligentdabidjan.info\/news\/wp-json\/wp\/v2\/posts\/21280\/revisions"}],"predecessor-version":[{"id":21284,"href":"https:\/\/www.lintelligentdabidjan.info\/news\/wp-json\/wp\/v2\/posts\/21280\/revisions\/21284"}],"wp:featuredmedia":[{"embeddable":true,"href":"https:\/\/www.lintelligentdabidjan.info\/news\/wp-json\/wp\/v2\/media\/21281"}],"wp:attachment":[{"href":"https:\/\/www.lintelligentdabidjan.info\/news\/wp-json\/wp\/v2\/media?parent=21280"}],"wp:term":[{"taxonomy":"category","embeddable":true,"href":"https:\/\/www.lintelligentdabidjan.info\/news\/wp-json\/wp\/v2\/categories?post=21280"},{"taxonomy":"post_tag","embeddable":true,"href":"https:\/\/www.lintelligentdabidjan.info\/news\/wp-json\/wp\/v2\/tags?post=21280"}],"curies":[{"name":"wp","href":"https:\/\/api.w.org\/{rel}","templated":true}]}}