{"id":21310,"date":"2020-06-16T11:57:23","date_gmt":"2020-06-16T09:57:23","guid":{"rendered":"https:\/\/www.lintelligentdabidjan.info\/news\/?p=21310"},"modified":"2020-06-16T12:06:19","modified_gmt":"2020-06-16T10:06:19","slug":"football-la-covid-19-bouscule-encore-les-dates-des-ag-de-la-fif","status":"publish","type":"post","link":"https:\/\/www.lintelligentdabidjan.info\/news\/football-la-covid-19-bouscule-encore-les-dates-des-ag-de-la-fif\/","title":{"rendered":"Football : la Covid 19 bouscule encore les dates des Ag de la FIF"},"content":{"rendered":"<p><em><strong>L\u2019Assembl\u00e9e G\u00e9n\u00e9rale ordinaire de la F\u00e9d\u00e9ration Ivoirienne de Football (FIF) ne se d\u00e9roulera pas le samedi 20 juin 2020 comme pr\u00e9vu par le comit\u00e9 ex\u00e9cutif de la FIF. <\/strong><\/em><\/p>\n<p>L&#8217;instance dirigeante du football ivoirien r\u00e9unie le lundi 15 juin 2020 a, au regard des nouvelles d\u00e9cisions du Conseil National de S\u00e9curit\u00e9 a repouss\u00e9, l&#8217;Assembl\u00e9e G\u00e9n\u00e9rale Ordinaire au 4 juillet 2020. Le Pr\u00e9sident Sidy Diallo et son \u00e9quipe feront le bilan \u00e0 cette date, et mettront en place tribune la commission \u00e9lectorale et la commission de recours en vue de l\u2019organisation de l\u2019\u00e9lection \u00e0 la FIF. Le Comit\u00e9 ex\u00e9cutif a d\u00e9cid\u00e9 de la tenue de celle-ci le 5 septembre 2020, au lieu du 22 ao\u00fbt 2020.<\/p>\n<p>A lire aussi&gt;<a href=\"https:\/\/www.lintelligentdabidjan.info\/news\/le-22-aout-2020-est-la-date-de-lag-elective-de-la-fif-les-candidats-connus-apres-le-20-juin-football-cote-divoire\/\" target=\"_blank\">Le 22 ao\u00fbt 2020 est la date de l\u2019AG \u00e9lective de la Fif ,les candidats connus apr\u00e8s le 20 juin (football -C\u00f4te d\u2019ivoire)<\/a><\/p>\n<p>\u2018\u2019 (\u2026) Ces mesures sanitaires prises dans le cadre de la lutte contre cette pand\u00e9mie constituent une situation exceptionnelle et un cas de force majeure. Aussi, le Comit\u00e9 Ex\u00e9cutif, en application des dispositions de l\u2019article 100 des Statuts de la F\u00e9d\u00e9ration Ivoirienne de Football a-t-il pris les d\u00e9cisions suivantes&#8221;, \u00e0 justifi\u00e9 le communiqu\u00e9 de la FIF sign\u00e9 par son directeur ex\u00e9cutif Sam Etiass\u00e9.<\/p>\n<p><strong><br \/>\nAnge K <\/strong><\/p>\n","protected":false},"excerpt":{"rendered":"<p>L\u2019Assembl\u00e9e G\u00e9n\u00e9rale ordinaire de la F\u00e9d\u00e9ration Ivoirienne de Football (FIF) ne se d\u00e9roulera pas le samedi 20 juin 2020 comme pr\u00e9vu par le comit\u00e9 ex\u00e9cutif de la FIF. L&#8217;instance dirigeante du football ivoirien r\u00e9unie le lundi 15 juin 2020 a, au regard des nouvelles d\u00e9cisions du Conseil National de S\u00e9curit\u00e9 a repouss\u00e9, l&#8217;Assembl\u00e9e G\u00e9n\u00e9rale Ordinaire [&hellip;]<\/p>\n","protected":false},"author":3,"featured_media":20896,"comment_status":"closed","ping_status":"closed","sticky":false,"template":"","format":"standard","meta":{"footnotes":""},"categories":[2,23],"tags":[605,343],"class_list":["post-21310","post","type-post","status-publish","format-standard","has-post-thumbnail","hentry","category-featured","category-sport","tag-ag","tag-fif"],"_links":{"self":[{"href":"https:\/\/www.lintelligentdabidjan.info\/news\/wp-json\/wp\/v2\/posts\/21310","targetHints":{"allow":["GET"]}}],"collection":[{"href":"https:\/\/www.lintelligentdabidjan.info\/news\/wp-json\/wp\/v2\/posts"}],"about":[{"href":"https:\/\/www.lintelligentdabidjan.info\/news\/wp-json\/wp\/v2\/types\/post"}],"author":[{"embeddable":true,"href":"https:\/\/www.lintelligentdabidjan.info\/news\/wp-json\/wp\/v2\/users\/3"}],"replies":[{"embeddable":true,"href":"https:\/\/www.lintelligentdabidjan.info\/news\/wp-json\/wp\/v2\/comments?post=21310"}],"version-history":[{"count":3,"href":"https:\/\/www.lintelligentdabidjan.info\/news\/wp-json\/wp\/v2\/posts\/21310\/revisions"}],"predecessor-version":[{"id":21313,"href":"https:\/\/www.lintelligentdabidjan.info\/news\/wp-json\/wp\/v2\/posts\/21310\/revisions\/21313"}],"wp:featuredmedia":[{"embeddable":true,"href":"https:\/\/www.lintelligentdabidjan.info\/news\/wp-json\/wp\/v2\/media\/20896"}],"wp:attachment":[{"href":"https:\/\/www.lintelligentdabidjan.info\/news\/wp-json\/wp\/v2\/media?parent=21310"}],"wp:term":[{"taxonomy":"category","embeddable":true,"href":"https:\/\/www.lintelligentdabidjan.info\/news\/wp-json\/wp\/v2\/categories?post=21310"},{"taxonomy":"post_tag","embeddable":true,"href":"https:\/\/www.lintelligentdabidjan.info\/news\/wp-json\/wp\/v2\/tags?post=21310"}],"curies":[{"name":"wp","href":"https:\/\/api.w.org\/{rel}","templated":true}]}}