{"id":21353,"date":"2020-06-18T00:10:06","date_gmt":"2020-06-17T22:10:06","guid":{"rendered":"https:\/\/www.lintelligentdabidjan.info\/news\/?p=21353"},"modified":"2020-06-18T00:10:06","modified_gmt":"2020-06-17T22:10:06","slug":"covid-19-le-fdfp-fait-don-de-130-millions-de-f-cfa-dont-60-millions-en-numeraire-et-70-millions-en-materiel-medical","status":"publish","type":"post","link":"https:\/\/www.lintelligentdabidjan.info\/news\/covid-19-le-fdfp-fait-don-de-130-millions-de-f-cfa-dont-60-millions-en-numeraire-et-70-millions-en-materiel-medical\/","title":{"rendered":"Covid-19: Le Fdfp fait don de 130 millions de f cfa dont 60 millions en num\u00e9raire et 70 millions en mat\u00e9riel m\u00e9dical"},"content":{"rendered":"<p><em><strong>Le Fonds de d\u00e9veloppement et de la formation professionnelle (Fdfp) a fait don de 60 millions de francs CFA au minist\u00e8re de l&#8217;\u00e9conomie et des finances et de mat\u00e9riel m\u00e9dical d&#8217;une valeur de 70 millions de francs CFA au minist\u00e8re de la sant\u00e9 et de l&#8217;hygi\u00e8ne publique, le vendredi 12 juin 2020, \u00e0 la salle de conf\u00e9rence de l&#8217;immeuble Sciam au 20e \u00e9tage, Abidjan-Plateau.<\/strong><\/em><\/p>\n<p>Selon le ministre de l&#8217;\u00e9conomie et des finances, Adama Coulibaly qui a r\u00e9ceptionn\u00e9 le don des mains du pr\u00e9sident du conseil de gestion du Fdfp, Jo\u00ebl NGuessan, l&#8217;acte pos\u00e9 par le Fdfp est plus que d&#8217;actualit\u00e9. Surtout que, a-t-il dit, le Conseil national de s\u00e9curit\u00e9 (Cns), relativement \u00e0 la hausse du nombre de cas confirm\u00e9s au Covid-19 dans le pays, a r\u00e9duit, depuis le jeudi 11 juin 2020, les rassemblements \u00e0 50 personnes contre 200 il y a quelques jours. Pour lui, cet acte \u00ab hautement citoyen \u00bb d\u00e9coule de la volont\u00e9 de cette  structure de soutenir le pays dans la lutte contre le coronavirus. Le ministre Adama Coulibaly a \u00e9galement invit\u00e9 les populations ivoiriennes au respect des mesures barri\u00e8res. Seules conditions, selon lui, d&#8217;une \u00e9volution de la situation dans le desserrement des mesures d&#8217;urgence prises par le Chef de l&#8217;\u00c9tat, le pr\u00e9sident Alassane Ouattara. \u00ab La mobilisation de tous est n\u00e9cessaire. Votre contribution de ce jour viendra renforcer les actions de l&#8217;\u00c9tat. Nous devons faire en sorte que les r\u00e9flexes soient d\u00e9velopp\u00e9s \u00bb, a-t-il soulign\u00e9.<\/p>\n<p>Avant lui, Ange L\u00e9onid Barry-Battesti, Secr\u00e9taire g\u00e9n\u00e9ral du Fdfp, a expliqu\u00e9 le sens de l&#8217;action. Pour lui, par cet acte, le Fdfp traduit sa volont\u00e9 en tant qu&#8217;institution, de soutenir le gouvernement ivoirien et prendre effectivement part \u00e0 cet \u00e9lan de solidarit\u00e9 nationale pour lutter contre le coronavirus.<\/p>\n<p><strong>OD avec IBK (Sercom)<\/strong><\/p>\n","protected":false},"excerpt":{"rendered":"<p>Le Fonds de d\u00e9veloppement et de la formation professionnelle (Fdfp) a fait don de 60 millions de francs CFA au minist\u00e8re de l&#8217;\u00e9conomie et des finances et de mat\u00e9riel m\u00e9dical d&#8217;une valeur de 70 millions de francs CFA au minist\u00e8re de la sant\u00e9 et de l&#8217;hygi\u00e8ne publique, le vendredi 12 juin 2020, \u00e0 la salle [&hellip;]<\/p>\n","protected":false},"author":3,"featured_media":21354,"comment_status":"closed","ping_status":"closed","sticky":false,"template":"","format":"standard","meta":{"_monsterinsights_skip_tracking":false,"_monsterinsights_sitenote_active":false,"_monsterinsights_sitenote_note":"","_monsterinsights_sitenote_category":0,"footnotes":""},"categories":[2,18,3],"tags":[],"class_list":["post-21353","post","type-post","status-publish","format-standard","has-post-thumbnail","hentry","category-featured","category-economie","category-societe"],"_links":{"self":[{"href":"https:\/\/www.lintelligentdabidjan.info\/news\/wp-json\/wp\/v2\/posts\/21353","targetHints":{"allow":["GET"]}}],"collection":[{"href":"https:\/\/www.lintelligentdabidjan.info\/news\/wp-json\/wp\/v2\/posts"}],"about":[{"href":"https:\/\/www.lintelligentdabidjan.info\/news\/wp-json\/wp\/v2\/types\/post"}],"author":[{"embeddable":true,"href":"https:\/\/www.lintelligentdabidjan.info\/news\/wp-json\/wp\/v2\/users\/3"}],"replies":[{"embeddable":true,"href":"https:\/\/www.lintelligentdabidjan.info\/news\/wp-json\/wp\/v2\/comments?post=21353"}],"version-history":[{"count":1,"href":"https:\/\/www.lintelligentdabidjan.info\/news\/wp-json\/wp\/v2\/posts\/21353\/revisions"}],"predecessor-version":[{"id":21355,"href":"https:\/\/www.lintelligentdabidjan.info\/news\/wp-json\/wp\/v2\/posts\/21353\/revisions\/21355"}],"wp:featuredmedia":[{"embeddable":true,"href":"https:\/\/www.lintelligentdabidjan.info\/news\/wp-json\/wp\/v2\/media\/21354"}],"wp:attachment":[{"href":"https:\/\/www.lintelligentdabidjan.info\/news\/wp-json\/wp\/v2\/media?parent=21353"}],"wp:term":[{"taxonomy":"category","embeddable":true,"href":"https:\/\/www.lintelligentdabidjan.info\/news\/wp-json\/wp\/v2\/categories?post=21353"},{"taxonomy":"post_tag","embeddable":true,"href":"https:\/\/www.lintelligentdabidjan.info\/news\/wp-json\/wp\/v2\/tags?post=21353"}],"curies":[{"name":"wp","href":"https:\/\/api.w.org\/{rel}","templated":true}]}}