{"id":21381,"date":"2020-06-19T00:50:32","date_gmt":"2020-06-18T22:50:32","guid":{"rendered":"https:\/\/www.lintelligentdabidjan.info\/news\/?p=21381"},"modified":"2020-06-19T01:53:46","modified_gmt":"2020-06-18T23:53:46","slug":"minusma-barkhane-armee-malienne-qui-assurait-la-securite-de-soumaila-cisse-introuvable","status":"publish","type":"post","link":"https:\/\/www.lintelligentdabidjan.info\/news\/minusma-barkhane-armee-malienne-qui-assurait-la-securite-de-soumaila-cisse-introuvable\/","title":{"rendered":"Minusma, Barkhane, Arm\u00e9e malienne: Qui assurait la s\u00e9curit\u00e9 de Souma\u00efla Ciss\u00e9 \u2026 introuvable?"},"content":{"rendered":"<p><em><strong>Au mali, il faut voir les \u2018\u2019choses\u2019\u2019 militaires et s\u00e9curitaires comme il faut et  comme elles sont. Pour des dizaines de milliers de maliens. L\u2019opposant  Souma\u00efla   Ciss\u00e9 ne peut se perdre dans son propre pays. O\u00f9 sont pass\u00e9es la Minusma, l\u2019arm\u00e9e malienne. <\/strong><\/em><\/p>\n<p>C\u2019est tout simplement incroyable. M\u00eame pas les forces arm\u00e9es fran\u00e7aises pr\u00e9sentes au Sahel. Barkhane s\u2019est aussi accroch\u00e9 \u00e0 cette n\u00e9faste situation, comme si sa mission au Mali  ne l\u2019int\u00e9resse pas  . Mais, un \u00e9v\u00e8nement comme, ce qui est arriv\u00e9 \u00e0 Souma\u00efla Ciss\u00e9, rev\u00eat aux yeux de la Minusma,  de l\u2019arm\u00e9e fran\u00e7aise de Berkhane,  une importante action militaire consid\u00e9rable. Savez-vous ce qui se passe dans la famille de l\u2019opposant comme angoisse et stress ? M\u00eame, si le pr\u00e9sident malien Ibrahim Boubacar Ke\u00efta, dans une d\u00e9claration \u00e0 la t\u00e9l\u00e9vision malienne, parle de dispositif d\u2019alerte pour retrouver Souma\u00efla Ciss\u00e9, ce qui est dit, est dit : les maliens et l\u2019opinion politique africaine attendent du pr\u00e9sident malien des actions \u00e0 \u00ab raccourcir \u00bb les stress, la panique et l\u2019angoisse de la famille Souma\u00efla Ciss\u00e9 et de ses partisans politiques.<\/p>\n<p>\u00c0 quelle mission militaire Ibrahim Boubacar Ke\u00efta va-t-il s\u2019adresser pour retrouver l\u2019opposant politique malien ?Alors, comment expliquer l\u2019extraordinaire \u00bb silence de la Minusma,  de l\u2019arm\u00e9e malienne, l\u2019arm\u00e9e fran\u00e7aise ? Par le prestige qui fait la pr\u00e9sence de se soldats, les maliens croyaient \u2018\u2019\u00e9radiquer\u2019\u2019 le terrorisme dans le Sahel et au Mali. Aujourd\u2019hui, le Mali est devenu ce pays o\u00f9 l\u2019on a recours aux Peulhs, Dogon, Bambara pour la justification raisonnable de ce conflit qui secoue le Mali.<br \/>\n<strong><br \/>\nBen Isma\u00ebl<\/strong><\/p>\n","protected":false},"excerpt":{"rendered":"<p>Au mali, il faut voir les \u2018\u2019choses\u2019\u2019 militaires et s\u00e9curitaires comme il faut et comme elles sont. Pour des dizaines de milliers de maliens. L\u2019opposant Souma\u00efla Ciss\u00e9 ne peut se perdre dans son propre pays. O\u00f9 sont pass\u00e9es la Minusma, l\u2019arm\u00e9e malienne. C\u2019est tout simplement incroyable. M\u00eame pas les forces arm\u00e9es fran\u00e7aises pr\u00e9sentes au Sahel. [&hellip;]<\/p>\n","protected":false},"author":3,"featured_media":21382,"comment_status":"closed","ping_status":"closed","sticky":false,"template":"","format":"standard","meta":{"_monsterinsights_skip_tracking":false,"_monsterinsights_sitenote_active":false,"_monsterinsights_sitenote_note":"","_monsterinsights_sitenote_category":0,"footnotes":""},"categories":[2,1,17],"tags":[],"class_list":["post-21381","post","type-post","status-publish","format-standard","has-post-thumbnail","hentry","category-featured","category-actualites","category-politique"],"_links":{"self":[{"href":"https:\/\/www.lintelligentdabidjan.info\/news\/wp-json\/wp\/v2\/posts\/21381","targetHints":{"allow":["GET"]}}],"collection":[{"href":"https:\/\/www.lintelligentdabidjan.info\/news\/wp-json\/wp\/v2\/posts"}],"about":[{"href":"https:\/\/www.lintelligentdabidjan.info\/news\/wp-json\/wp\/v2\/types\/post"}],"author":[{"embeddable":true,"href":"https:\/\/www.lintelligentdabidjan.info\/news\/wp-json\/wp\/v2\/users\/3"}],"replies":[{"embeddable":true,"href":"https:\/\/www.lintelligentdabidjan.info\/news\/wp-json\/wp\/v2\/comments?post=21381"}],"version-history":[{"count":1,"href":"https:\/\/www.lintelligentdabidjan.info\/news\/wp-json\/wp\/v2\/posts\/21381\/revisions"}],"predecessor-version":[{"id":21383,"href":"https:\/\/www.lintelligentdabidjan.info\/news\/wp-json\/wp\/v2\/posts\/21381\/revisions\/21383"}],"wp:featuredmedia":[{"embeddable":true,"href":"https:\/\/www.lintelligentdabidjan.info\/news\/wp-json\/wp\/v2\/media\/21382"}],"wp:attachment":[{"href":"https:\/\/www.lintelligentdabidjan.info\/news\/wp-json\/wp\/v2\/media?parent=21381"}],"wp:term":[{"taxonomy":"category","embeddable":true,"href":"https:\/\/www.lintelligentdabidjan.info\/news\/wp-json\/wp\/v2\/categories?post=21381"},{"taxonomy":"post_tag","embeddable":true,"href":"https:\/\/www.lintelligentdabidjan.info\/news\/wp-json\/wp\/v2\/tags?post=21381"}],"curies":[{"name":"wp","href":"https:\/\/api.w.org\/{rel}","templated":true}]}}