{"id":21463,"date":"2020-06-23T21:49:17","date_gmt":"2020-06-23T19:49:17","guid":{"rendered":"https:\/\/www.lintelligentdabidjan.info\/news\/?p=21463"},"modified":"2020-06-23T21:50:10","modified_gmt":"2020-06-23T19:50:10","slug":"cote-divoire-ces-mendiants-qui-effraient-les-populations-dans-le-collimateur-de-la-police","status":"publish","type":"post","link":"https:\/\/www.lintelligentdabidjan.info\/news\/cote-divoire-ces-mendiants-qui-effraient-les-populations-dans-le-collimateur-de-la-police\/","title":{"rendered":"C\u00f4te d\u2019Ivoire : ces mendiants qui effraient les populations dans le collimateur de la police"},"content":{"rendered":"<p><em><strong>Depuis quelques jours, les rues de certaines communes du district d\u2019Abidjan et d\u2019autres localit\u00e9s de l\u2019int\u00e9rieur du pays sont envahies par des individus \u00e0 l\u2019allure de mendiants qui se prom\u00e8nent  souvent en groupe. Cette situation, inqui\u00e8te les populations.<\/strong><\/em><\/p>\n<p>Des images de mendiants se promenant en groupe sont largement diffus\u00e9es et comment\u00e9es sur les r\u00e9seaux sociaux, depuis quelques jours. Les Ivoiriens se posent des questions sur leur provenance, au moment o\u00f9 le poste frontalier de Kafolo, au Nord de la C\u00f4te d\u2019Ivoire a essuy\u00e9 une attaque terroriste. Des populations ont peur de subir d\u2019autres types d\u2019attaques \u00e0 quelques mois de l\u2019\u00e9lection pr\u00e9sidentielle d\u2019octobre 2020. <\/p>\n<p>\u00ab Depuis quand les mendiants se prom\u00e8nent en groupe ? C\u2019est chacun pour soi. Ou bien ce ne sont pas des mendiants ? \u00bb,  a comment\u00e9 un internaute. \u00ab Franchement, pourquoi en groupe ? C\u2019est suspect \u00bb, a post\u00e9 une autre. \u00ab Ce ne sont pas de nouveaux entrants sur le territoire. Ce sont des mendiants en errance, parce que les mosqu\u00e9es sont vides et les gains sont rares. Ils se prom\u00e8nent pour survivre \u00bb, a \u00e9mis comme hypoth\u00e8se un autre internaute, tandis qu\u2019un autre racontait avoir eu des \u00e9changes avec l\u2019un d\u2019eux : \u00ab J&#8217;ai re\u00e7u un mendiant \u00e0 mon bureau qui dit avoir fait 25 ans d&#8217;\u00e9tudes islamiques en \u00c9gypte , donc qu&#8217;il est un Cheick. Il voulait que je lui donne 15. 000 FCFA pour aller \u00e0 Tengr\u00e9la, o\u00f9 il aurait perdu sa femme en couche (\u2026) Il \u00e9tait bizarre avec des habits sales et un voile sale \u00bb. Des Ivoiriens qui parlent m\u00eame de \u00ab vill\u00e9giature de djihadistes \u00bb en C\u00f4te d\u2019Ivoire, se demandent ce que font les autorit\u00e9s des forces de s\u00e9curit\u00e9 face \u00e0 cette situation.<\/p>\n<p>Une question de s\u00e9curit\u00e9 publique<\/p>\n<p>Selon un officier des Forces arm\u00e9es de C\u00f4te d\u2019Ivoire (FACI), la pr\u00e9sence de ces mendiants en terre ivoirienne rel\u00e8ve d\u2019abord de la police nationale. \u00ab C\u2019est une question de s\u00e9curit\u00e9 publique, orientez-vous vers la police nationale \u00bb, a-t-il confi\u00e9.<\/p>\n<p>Dans la foul\u00e9e, la police nationale a publi\u00e9 cette information sur sa page officielle : \u00ab Il nous est donn\u00e9 de constater qu&#8217;il circule sur les r\u00e9seaux sociaux des images ou vid\u00e9os de personnes \u00e0 l&#8217;allure de mendiants qui sont stigmatis\u00e9s. La Police Nationale invite les populations au calme, au sens de la mesure et au respect des Droits de l&#8217;Homme et les rassure que des mesures sont prises \u00bb. <\/p>\n<p>Joint mardi 23 juin 2020, le responsable de la communication de la police nationale, commissaire Kra Didier, a pr\u00e9cis\u00e9 : \u00ab Ces personnes sont suivies depuis le mois de f\u00e9vrier-d\u00e9but mars 2020. Les services de renseignements sont mis \u00e0 contribution. Il faut le rappeler, ces personnes sont arriv\u00e9es en C\u00f4te d\u2019Ivoire avant l\u2019instauration de l\u2019\u00e9tat d\u2019urgence due \u00e0 la pand\u00e9mie de la COVID 19. C\u2019est pourquoi nous disons que des mesures sont prises. La C\u00f4te d\u2019Ivoire \u00e9tant signataire de l\u2019accord de libre circulation dans l\u2019espace CEDEAO, il ne faudrait pas que les populations s\u2019en prennent \u00e0 ces personnes. Chacun est libre de circuler dans l\u2019espace CEDEAO. Pour l\u2019heure, nous n\u2019avons pas d\u2019informations faisant \u00e9tat de ce que ce sont des terroristes. Que les populations se rassurent, ces gens sont suivis depuis longtemps \u00bb.<\/p>\n<p><strong>Olivier Dion <\/strong><\/p>\n","protected":false},"excerpt":{"rendered":"<p>Depuis quelques jours, les rues de certaines communes du district d\u2019Abidjan et d\u2019autres localit\u00e9s de l\u2019int\u00e9rieur du pays sont envahies par des individus \u00e0 l\u2019allure de mendiants qui se prom\u00e8nent souvent en groupe. Cette situation, inqui\u00e8te les populations. Des images de mendiants se promenant en groupe sont largement diffus\u00e9es et comment\u00e9es sur les r\u00e9seaux sociaux, [&hellip;]<\/p>\n","protected":false},"author":3,"featured_media":21464,"comment_status":"closed","ping_status":"closed","sticky":false,"template":"","format":"standard","meta":{"_monsterinsights_skip_tracking":false,"_monsterinsights_sitenote_active":false,"_monsterinsights_sitenote_note":"","_monsterinsights_sitenote_category":0,"footnotes":""},"categories":[2,1,3],"tags":[],"class_list":["post-21463","post","type-post","status-publish","format-standard","has-post-thumbnail","hentry","category-featured","category-actualites","category-societe"],"_links":{"self":[{"href":"https:\/\/www.lintelligentdabidjan.info\/news\/wp-json\/wp\/v2\/posts\/21463","targetHints":{"allow":["GET"]}}],"collection":[{"href":"https:\/\/www.lintelligentdabidjan.info\/news\/wp-json\/wp\/v2\/posts"}],"about":[{"href":"https:\/\/www.lintelligentdabidjan.info\/news\/wp-json\/wp\/v2\/types\/post"}],"author":[{"embeddable":true,"href":"https:\/\/www.lintelligentdabidjan.info\/news\/wp-json\/wp\/v2\/users\/3"}],"replies":[{"embeddable":true,"href":"https:\/\/www.lintelligentdabidjan.info\/news\/wp-json\/wp\/v2\/comments?post=21463"}],"version-history":[{"count":1,"href":"https:\/\/www.lintelligentdabidjan.info\/news\/wp-json\/wp\/v2\/posts\/21463\/revisions"}],"predecessor-version":[{"id":21465,"href":"https:\/\/www.lintelligentdabidjan.info\/news\/wp-json\/wp\/v2\/posts\/21463\/revisions\/21465"}],"wp:featuredmedia":[{"embeddable":true,"href":"https:\/\/www.lintelligentdabidjan.info\/news\/wp-json\/wp\/v2\/media\/21464"}],"wp:attachment":[{"href":"https:\/\/www.lintelligentdabidjan.info\/news\/wp-json\/wp\/v2\/media?parent=21463"}],"wp:term":[{"taxonomy":"category","embeddable":true,"href":"https:\/\/www.lintelligentdabidjan.info\/news\/wp-json\/wp\/v2\/categories?post=21463"},{"taxonomy":"post_tag","embeddable":true,"href":"https:\/\/www.lintelligentdabidjan.info\/news\/wp-json\/wp\/v2\/tags?post=21463"}],"curies":[{"name":"wp","href":"https:\/\/api.w.org\/{rel}","templated":true}]}}