{"id":21523,"date":"2020-06-25T22:12:53","date_gmt":"2020-06-25T20:12:53","guid":{"rendered":"https:\/\/www.lintelligentdabidjan.info\/news\/?p=21523"},"modified":"2020-06-25T22:13:05","modified_gmt":"2020-06-25T20:13:05","slug":"8-millions-fcfa-du-rhdp-aux-sinistres-danyama-ce-que-bictogo-adama-a-dit-au-cure-de-la-paroisse-daccueil-cote-divoire","status":"publish","type":"post","link":"https:\/\/www.lintelligentdabidjan.info\/news\/8-millions-fcfa-du-rhdp-aux-sinistres-danyama-ce-que-bictogo-adama-a-dit-au-cure-de-la-paroisse-daccueil-cote-divoire\/","title":{"rendered":"8 millions Fcfa du Rhdp aux sinistr\u00e9s d&#8217;Anyama : ce que Bictogo Adama a dit au cur\u00e9 de la paroisse d\u2019accueil (C\u00f4te d\u2019Ivoire)"},"content":{"rendered":"<p><em><strong>Des dons d&#8217;une valeur de 8 millions Fcfa en vivres et num\u00e9raires, ont \u00e9t\u00e9 faits par le directeur ex\u00e9cutif du Rhdp, le ministre Bictogo Adama le jeudi 25 juin 2020 au b\u00e9n\u00e9fice des populations sinistr\u00e9es d&#8217;Anyama log\u00e9es provisoirement \u00e0 la paroisse notre Dame de la ville. <\/strong><\/em><\/p>\n<p>\u00c0 cette occasion, Inoussa O, porte parole des sinistr\u00e9s, a salu\u00e9 l&#8217;action du maire qui est \u00e0 leurs c\u00f4t\u00e9s depuis le drame. Il a souhait\u00e9 une r\u00e9ponse rapide \u00e0 leur principale pr\u00e9occupation qui est de trouver un toit assez rapidement.  \u00ab nous appr\u00e9cions le geste du ministre Bictogo Adama et du rhdp. Nous saluons notre maire qui est avec nous depuis le d\u00e9but. Nous demandons au ministre de faire en sorte que nous retrouvons nos maisons \u00bb a-t-il plaid\u00e9.<\/p>\n<p>Emu par la situation, Adama Bictogo a dit : \u00ab C&#8217;est une d\u00e9marche citoyenne que nous faisons. Loin de la politique nous sommes venus apporter notre soutien et exprimer notre compassion face \u00e0 ce drame qui vous a frapp\u00e9  le 18 juin 2020 dernier. Ce drame nous touche tous et il n&#8217;\u00e9tait pas question de rester loin de votre  souffrance. Je voudrais saluer l&#8217;action gouvernement aux premi\u00e8res heures de ce drame. Une r\u00e9action assez prompte qui a permis d&#8217;apporter un soutien aux populations sinistr\u00e9s. Nous allons nous joindre au gouvernement pour rechercher et apporter des solutions pour soulager les populations \u00bb. <\/p>\n<p><img loading=\"lazy\" decoding=\"async\" src=\"https:\/\/www.lintelligentdabidjan.info\/news\/wp-content\/uploads\/2020\/06\/paroisse-300x200.jpg\" alt=\"paroisse\" width=\"300\" height=\"200\" class=\"alignnone size-medium wp-image-21525\" srcset=\"https:\/\/www.lintelligentdabidjan.info\/news\/wp-content\/uploads\/2020\/06\/paroisse-300x200.jpg 300w, https:\/\/www.lintelligentdabidjan.info\/news\/wp-content\/uploads\/2020\/06\/paroisse-768x512.jpg 768w, https:\/\/www.lintelligentdabidjan.info\/news\/wp-content\/uploads\/2020\/06\/paroisse-1024x683.jpg 1024w, https:\/\/www.lintelligentdabidjan.info\/news\/wp-content\/uploads\/2020\/06\/paroisse-696x464.jpg 696w, https:\/\/www.lintelligentdabidjan.info\/news\/wp-content\/uploads\/2020\/06\/paroisse-1068x712.jpg 1068w, https:\/\/www.lintelligentdabidjan.info\/news\/wp-content\/uploads\/2020\/06\/paroisse-630x420.jpg 630w, https:\/\/www.lintelligentdabidjan.info\/news\/wp-content\/uploads\/2020\/06\/paroisse.jpg 1080w\" sizes=\"auto, (max-width: 300px) 100vw, 300px\" \/><\/p>\n<p>Avec \u00e0 ses c\u00f4t\u00e9s le directeur g\u00e9n\u00e9ral du port Hien Si\u00e9, le maire Sylla Amidou et des cadres du parti, le ministre Adama Bictogo a salu\u00e9 l&#8217;hospitalit\u00e9 du cur\u00e9 de la paroisse pour l&#8217;accueil r\u00e9serv\u00e9 aux sinistr\u00e9s : \u00ab Je voudrais saluer cet acte humaniste. Des populations musulmanes dans une paroisse chr\u00e9tienne : c&#8217;est tout le sens de la C\u00f4te d&#8217;Ivoire rassembl\u00e9e que nous pr\u00f4nons. Nous sommes tous d&#8217;une m\u00eame nation. Nos vies appartiennent \u00e0 Dieu qui permet que nous soyons ensemble. Merci pour ce geste si fort et si profond \u00bb.<\/p>\n<p><strong><br \/>\nCharles K avec Sercom <\/strong><\/p>\n","protected":false},"excerpt":{"rendered":"<p>Des dons d&#8217;une valeur de 8 millions Fcfa en vivres et num\u00e9raires, ont \u00e9t\u00e9 faits par le directeur ex\u00e9cutif du Rhdp, le ministre Bictogo Adama le jeudi 25 juin 2020 au b\u00e9n\u00e9fice des populations sinistr\u00e9es d&#8217;Anyama log\u00e9es provisoirement \u00e0 la paroisse notre Dame de la ville. \u00c0 cette occasion, Inoussa O, porte parole des sinistr\u00e9s, [&hellip;]<\/p>\n","protected":false},"author":3,"featured_media":21524,"comment_status":"closed","ping_status":"closed","sticky":false,"template":"","format":"standard","meta":{"_monsterinsights_skip_tracking":false,"_monsterinsights_sitenote_active":false,"_monsterinsights_sitenote_note":"","_monsterinsights_sitenote_category":0,"footnotes":""},"categories":[2,1,3],"tags":[],"class_list":["post-21523","post","type-post","status-publish","format-standard","has-post-thumbnail","hentry","category-featured","category-actualites","category-societe"],"_links":{"self":[{"href":"https:\/\/www.lintelligentdabidjan.info\/news\/wp-json\/wp\/v2\/posts\/21523","targetHints":{"allow":["GET"]}}],"collection":[{"href":"https:\/\/www.lintelligentdabidjan.info\/news\/wp-json\/wp\/v2\/posts"}],"about":[{"href":"https:\/\/www.lintelligentdabidjan.info\/news\/wp-json\/wp\/v2\/types\/post"}],"author":[{"embeddable":true,"href":"https:\/\/www.lintelligentdabidjan.info\/news\/wp-json\/wp\/v2\/users\/3"}],"replies":[{"embeddable":true,"href":"https:\/\/www.lintelligentdabidjan.info\/news\/wp-json\/wp\/v2\/comments?post=21523"}],"version-history":[{"count":1,"href":"https:\/\/www.lintelligentdabidjan.info\/news\/wp-json\/wp\/v2\/posts\/21523\/revisions"}],"predecessor-version":[{"id":21526,"href":"https:\/\/www.lintelligentdabidjan.info\/news\/wp-json\/wp\/v2\/posts\/21523\/revisions\/21526"}],"wp:featuredmedia":[{"embeddable":true,"href":"https:\/\/www.lintelligentdabidjan.info\/news\/wp-json\/wp\/v2\/media\/21524"}],"wp:attachment":[{"href":"https:\/\/www.lintelligentdabidjan.info\/news\/wp-json\/wp\/v2\/media?parent=21523"}],"wp:term":[{"taxonomy":"category","embeddable":true,"href":"https:\/\/www.lintelligentdabidjan.info\/news\/wp-json\/wp\/v2\/categories?post=21523"},{"taxonomy":"post_tag","embeddable":true,"href":"https:\/\/www.lintelligentdabidjan.info\/news\/wp-json\/wp\/v2\/tags?post=21523"}],"curies":[{"name":"wp","href":"https:\/\/api.w.org\/{rel}","templated":true}]}}