{"id":21533,"date":"2020-06-27T12:47:57","date_gmt":"2020-06-27T10:47:57","guid":{"rendered":"https:\/\/www.lintelligentdabidjan.info\/news\/?p=21533"},"modified":"2020-06-27T13:14:24","modified_gmt":"2020-06-27T11:14:24","slug":"httpswww-lintelligentdabidjan-infonewsdavid-monsoh-celebre-18-ans-de-mariage-avec-eulalie-2-jours-apres-son-anniversaire-cote-divoiredavid-monsoh-celebre-18-ans-de-mariage-avec-eulalie-2-jours-a","status":"publish","type":"post","link":"https:\/\/www.lintelligentdabidjan.info\/news\/httpswww-lintelligentdabidjan-infonewsdavid-monsoh-celebre-18-ans-de-mariage-avec-eulalie-2-jours-apres-son-anniversaire-cote-divoiredavid-monsoh-celebre-18-ans-de-mariage-avec-eulalie-2-jours-a\/","title":{"rendered":"David Monsoh c\u00e9l\u00e8bre 18 ans: de mariage avec Eulalie 2 jours apr\u00e8s son anniversaire (C\u00f4te d\u2019Ivoire )"},"content":{"rendered":"<p><em><strong>Apr\u00e8s une s\u00e9rie de tristes nouvelles ces derniers temps (d\u00e9c\u00e8s de sa g\u00e9nitrice, de son fr\u00e8re et de sa belle s\u0153ur), le m\u00e9diatique producteur d\u2019artistes et promoteur de Bblack TV, vit des moments heureux depuis 48 heures.<\/strong><\/em><\/p>\n<p>Ainsi, il a eu un an de plus le vendredi 26 juin 2020. Un anniversaire c\u00e9l\u00e9br\u00e9 dans la discr\u00e9tion pour cause de pand\u00e9mie \u00e0 Coronavirus 2019. 24 heures plus tard, soit dimanche 28 juin 2020, Papa Monsoh c\u00e9l\u00e8bre 18 ans de mariage avec sa charmante \u00e9pouse.<\/p>\n<p>\u00c0 lire <a href=\"https:\/\/www.lintelligentdabidjan.info\/news\/son-frere-didier-decede-de-covid-19-en-france-david-monsoh-lance-un-message-bblack-tv-cote-divoire\/\" target=\"_blank\">Son fr\u00e8re Didier d\u00e9c\u00e8de de covid-19 en France, David Monsoh lance un message ( Bblack tv ,C\u00f4te-d\u2019Ivoire)<\/a><\/p>\n<p>En pr\u00e9lude \u00e0 l\u2019anniversaire, il a \u00e9crit ce message \u00e0 sa moiti\u00e9 : \u00ab Heureux soit ce jour o\u00f9 nous nous sommes dit oui, car depuis cet instant, un d\u00e9luge infini d\u2019amour inonde nos vies.<\/p>\n<p>Me r\u00e9veiller \u00e0 tes c\u00f4t\u00e9s chaque matin depuis 18 ans fait de moi l\u2019homme le plus heureux qui soit.<\/p>\n<p>Le monde peut vaciller et les temps peuvent changer mais de notre histoire, je ne veux rien changer.<\/p>\n<p>Eulalie mon tr\u00e9sor, j\u2019ai besoin de l\u2019air que tu respires pour vivre en harmonie !<\/p>\n<p>\u00c0 lire aussi&gt;<a href=\"https:\/\/www.lintelligentdabidjan.info\/news\/deces-a-abidjan-de-la-mere-de-david-monsoh-producteur-dartiste-musiciens\/\" target=\"_blank\">D\u00e9c\u00e8s \u00a0\u00e0 Abidjan de la m\u00e8re de David Monsoh, producteur d\u2019artiste -musiciens<\/a><\/p>\n<p>Sache que tu es et seras toujours la source de mon bonheur \u00bb.<\/p>\n<p>La r\u00e9daction souhaite joyeux anniversaire \u00e0 David Monsoh et joyeux anniversaire de mariage au couple Monsoh !<\/p>\n<p><strong><br \/>\nLa r\u00e9daction <\/strong><\/p>\n","protected":false},"excerpt":{"rendered":"<p>Apr\u00e8s une s\u00e9rie de tristes nouvelles ces derniers temps (d\u00e9c\u00e8s de sa g\u00e9nitrice, de son fr\u00e8re et de sa belle s\u0153ur), le m\u00e9diatique producteur d\u2019artistes et promoteur de Bblack TV, vit des moments heureux depuis 48 heures. Ainsi, il a eu un an de plus le vendredi 26 juin 2020. Un anniversaire c\u00e9l\u00e9br\u00e9 dans la [&hellip;]<\/p>\n","protected":false},"author":3,"featured_media":21534,"comment_status":"closed","ping_status":"closed","sticky":false,"template":"","format":"standard","meta":{"_monsterinsights_skip_tracking":false,"_monsterinsights_sitenote_active":false,"_monsterinsights_sitenote_note":"","_monsterinsights_sitenote_category":0,"footnotes":""},"categories":[2,20,3],"tags":[77,631,633,632],"class_list":["post-21533","post","type-post","status-publish","format-standard","has-post-thumbnail","hentry","category-featured","category-art-et-culture","category-societe","tag-cote-divoire","tag-david-monsoh","tag-eulalie","tag-mariage"],"_links":{"self":[{"href":"https:\/\/www.lintelligentdabidjan.info\/news\/wp-json\/wp\/v2\/posts\/21533","targetHints":{"allow":["GET"]}}],"collection":[{"href":"https:\/\/www.lintelligentdabidjan.info\/news\/wp-json\/wp\/v2\/posts"}],"about":[{"href":"https:\/\/www.lintelligentdabidjan.info\/news\/wp-json\/wp\/v2\/types\/post"}],"author":[{"embeddable":true,"href":"https:\/\/www.lintelligentdabidjan.info\/news\/wp-json\/wp\/v2\/users\/3"}],"replies":[{"embeddable":true,"href":"https:\/\/www.lintelligentdabidjan.info\/news\/wp-json\/wp\/v2\/comments?post=21533"}],"version-history":[{"count":6,"href":"https:\/\/www.lintelligentdabidjan.info\/news\/wp-json\/wp\/v2\/posts\/21533\/revisions"}],"predecessor-version":[{"id":21541,"href":"https:\/\/www.lintelligentdabidjan.info\/news\/wp-json\/wp\/v2\/posts\/21533\/revisions\/21541"}],"wp:featuredmedia":[{"embeddable":true,"href":"https:\/\/www.lintelligentdabidjan.info\/news\/wp-json\/wp\/v2\/media\/21534"}],"wp:attachment":[{"href":"https:\/\/www.lintelligentdabidjan.info\/news\/wp-json\/wp\/v2\/media?parent=21533"}],"wp:term":[{"taxonomy":"category","embeddable":true,"href":"https:\/\/www.lintelligentdabidjan.info\/news\/wp-json\/wp\/v2\/categories?post=21533"},{"taxonomy":"post_tag","embeddable":true,"href":"https:\/\/www.lintelligentdabidjan.info\/news\/wp-json\/wp\/v2\/tags?post=21533"}],"curies":[{"name":"wp","href":"https:\/\/api.w.org\/{rel}","templated":true}]}}