{"id":21587,"date":"2020-06-29T23:54:47","date_gmt":"2020-06-29T21:54:47","guid":{"rendered":"https:\/\/www.lintelligentdabidjan.info\/news\/?p=21587"},"modified":"2020-06-29T23:54:47","modified_gmt":"2020-06-29T21:54:47","slug":"emploi-laeemci-vient-en-aide-aux-jeunes-entrepreneurs","status":"publish","type":"post","link":"https:\/\/www.lintelligentdabidjan.info\/news\/emploi-laeemci-vient-en-aide-aux-jeunes-entrepreneurs\/","title":{"rendered":"Emploi: L\u2019Aeemci vient en aide aux jeunes entrepreneurs"},"content":{"rendered":"<p><em><strong>L\u2019Association des \u00e9l\u00e8ves et \u00e9tudiants musulmans de C\u00f4te d\u2019Ivoire (Aeemci) a proc\u00e9d\u00e9 au lancement de la 1\u00e8re  \u00e9dition de son concours de plan d\u2019affaires d\u00e9nomm\u00e9 \u2018\u2019 Start-Up Aeemci 2020\u2019\u2019,  le samedi 27 juin 2020 \u00e0 son si\u00e8ge situ\u00e9 \u00e0 la Riviera 2.<\/strong><\/em><\/p>\n<p>\u00c0 cette occasion, Amir Ciss\u00e9 Souleymane, premier responsable de l\u2019Association des \u00e9l\u00e8ves et \u00e9tudiants musulmans de C\u00f4te d\u2019Ivoire (Aeemci) a indiqu\u00e9 que ce concours est l\u2019aboutissement d\u2019un long projet au niveau de l\u2019Aeemci car chaque ann\u00e9e, chaque, mois, chaque semaine et chaque jour, l\u2019Aeemci fait face \u00e0 la question de l\u2019entreprenariat qui est une probl\u00e9matique majeure apr\u00e8s la formation et l\u2019obtention des dipl\u00f4mes de ses militants. \u00ab Aujourd\u2019hui, nos militants sont ceux qui se donnent corps et \u00e2me, mais une fois,  les formations termin\u00e9es, les dipl\u00f4mes termin\u00e9s, il n\u2019y a pas de porte de sortie. Pour cela donc, nous avons trouv\u00e9 comme solution l\u2019id\u00e9e d\u2019inciter nos militants \u00e0 l\u2019entreprenariat car seul l\u2019entreprenariat pourra nous aider \u00e0 trouver une porte de sortie apr\u00e8s nos diff\u00e9rentes formations. Ce Projet est donc d\u2019inciter nos militants au d\u00e9clic entrepreneurial afin de leur permettre apr\u00e8s leurs diff\u00e9rentes formations de cr\u00e9er leurs entreprises. Nous mettons donc en place un cadre de financement des projets de nos militants. Lors de ce concours les 3 meilleurs projets retenus seront financ\u00e9s mais en r\u00e9alit\u00e9 ne n\u2019est pas cela notre finalit\u00e9. Notre finalit\u00e9 est de mettre en place un fonds de garantie afin permettre \u00e0 tous les militants de financer leurs projets \u00bb, a-t-il indiqu\u00e9.   <\/p>\n<p><strong>Soumahoro Ben Ali : \u00ab Je suis tr\u00e8s heureux de voir l\u2019Aeemci s\u2019attaquer aux probl\u00e8mes de l\u2019emploi \u00bb<\/strong><\/p>\n<p> Pour sa part, Soumahoro Ben Ali, Directeur g\u00e9n\u00e9ral de Raouda- finance et partenaire de cette 1\u00e8re \u00e9dition du concours du plan d\u2019affaires, a f\u00e9licit\u00e9  le responsable de cette association pour cette belle initiative sur la probl\u00e9matique de l\u2019emploi. \u00ab C\u2019est ce qu\u2019on attendait de l\u2019Aeemci depuis des ann\u00e9es, nous sommes rest\u00e9s longtemps dans le militantisme simple et comme institution il faut s\u2019adapter \u00e0 son environnement, s\u2019attaquer aux r\u00e9alit\u00e9s de l\u2019environnement et je pense que c\u2019est ce que l\u2019Aeemci a compris \u00bb, a-t-il indiqu\u00e9. Poursuivant, il a fait savoir qu\u2019il ne s\u2019agit pas seulement de r\u00e9compenser trois personnes sur cent mille militants ce qui ne repr\u00e9sente absolument rien. Pour lui, l\u2019id\u00e9e est d\u2019aller plus loin que cela. \u00ab Soyez-en s\u00fbrs, Raouda ira plus loin que cela. C\u2019est une obligation morale pour Raouda-finance d\u2019accompagner ce projet de  l\u2019Aeemci car aujourd\u2019hui, il nous faut l\u2019\u00e9dification d\u2019une communaut\u00e9 forte. Aujourd\u2019hui, c\u2019est une fiert\u00e9 de voir des \u00e9coles confessionnelles islamiques qui r\u00e9pondent au standard du minist\u00e8re. Raouda n\u2019est qu\u2019un d\u00e9but, il faut aller plus loin, cr\u00e9er m\u00eame une banque islamique en C\u00f4te d\u2019Ivoire qui puisse accompagner v\u00e9ritablement et de fa\u00e7on solide tous les projets. L\u2019Aeemci doit avoir son fonds de garantie afin d\u2019accompagner la jeunesse \u00e0 l\u2019entreprenariat \u00bb, a- t-il fait savoir.  Cette  1\u00e8re \u00e9dition du concours de plan d\u2019affaires a enregistr\u00e9 la participation du 1er vice-pr\u00e9sident de l\u2019amicale des anciens de l\u2019Aeeemci (3A) , Kon\u00e9 Ibrahim et du repr\u00e9sentant du minist\u00e8re de l\u2019\u00c9ducation nationale ,de la formation professionnel et de l\u2019enseignement technique, Bomisso \u00c9ric. <\/p>\n<p><strong>Isma\u00efla. M<\/strong><\/p>\n","protected":false},"excerpt":{"rendered":"<p>L\u2019Association des \u00e9l\u00e8ves et \u00e9tudiants musulmans de C\u00f4te d\u2019Ivoire (Aeemci) a proc\u00e9d\u00e9 au lancement de la 1\u00e8re \u00e9dition de son concours de plan d\u2019affaires d\u00e9nomm\u00e9 \u2018\u2019 Start-Up Aeemci 2020\u2019\u2019, le samedi 27 juin 2020 \u00e0 son si\u00e8ge situ\u00e9 \u00e0 la Riviera 2. \u00c0 cette occasion, Amir Ciss\u00e9 Souleymane, premier responsable de l\u2019Association des \u00e9l\u00e8ves et [&hellip;]<\/p>\n","protected":false},"author":3,"featured_media":21588,"comment_status":"closed","ping_status":"closed","sticky":false,"template":"","format":"standard","meta":{"_monsterinsights_skip_tracking":false,"_monsterinsights_sitenote_active":false,"_monsterinsights_sitenote_note":"","_monsterinsights_sitenote_category":0,"footnotes":""},"categories":[2,3],"tags":[],"class_list":["post-21587","post","type-post","status-publish","format-standard","has-post-thumbnail","hentry","category-featured","category-societe"],"_links":{"self":[{"href":"https:\/\/www.lintelligentdabidjan.info\/news\/wp-json\/wp\/v2\/posts\/21587","targetHints":{"allow":["GET"]}}],"collection":[{"href":"https:\/\/www.lintelligentdabidjan.info\/news\/wp-json\/wp\/v2\/posts"}],"about":[{"href":"https:\/\/www.lintelligentdabidjan.info\/news\/wp-json\/wp\/v2\/types\/post"}],"author":[{"embeddable":true,"href":"https:\/\/www.lintelligentdabidjan.info\/news\/wp-json\/wp\/v2\/users\/3"}],"replies":[{"embeddable":true,"href":"https:\/\/www.lintelligentdabidjan.info\/news\/wp-json\/wp\/v2\/comments?post=21587"}],"version-history":[{"count":1,"href":"https:\/\/www.lintelligentdabidjan.info\/news\/wp-json\/wp\/v2\/posts\/21587\/revisions"}],"predecessor-version":[{"id":21589,"href":"https:\/\/www.lintelligentdabidjan.info\/news\/wp-json\/wp\/v2\/posts\/21587\/revisions\/21589"}],"wp:featuredmedia":[{"embeddable":true,"href":"https:\/\/www.lintelligentdabidjan.info\/news\/wp-json\/wp\/v2\/media\/21588"}],"wp:attachment":[{"href":"https:\/\/www.lintelligentdabidjan.info\/news\/wp-json\/wp\/v2\/media?parent=21587"}],"wp:term":[{"taxonomy":"category","embeddable":true,"href":"https:\/\/www.lintelligentdabidjan.info\/news\/wp-json\/wp\/v2\/categories?post=21587"},{"taxonomy":"post_tag","embeddable":true,"href":"https:\/\/www.lintelligentdabidjan.info\/news\/wp-json\/wp\/v2\/tags?post=21587"}],"curies":[{"name":"wp","href":"https:\/\/api.w.org\/{rel}","templated":true}]}}