{"id":21604,"date":"2020-07-01T00:32:17","date_gmt":"2020-06-30T22:32:17","guid":{"rendered":"https:\/\/www.lintelligentdabidjan.info\/news\/?p=21604"},"modified":"2020-07-01T00:32:32","modified_gmt":"2020-06-30T22:32:32","slug":"touba-27-ans-apres-sa-mort-lex-ministre-bamba-vamoussa-immortalise-par-le-maire-doumbia-adama","status":"publish","type":"post","link":"https:\/\/www.lintelligentdabidjan.info\/news\/touba-27-ans-apres-sa-mort-lex-ministre-bamba-vamoussa-immortalise-par-le-maire-doumbia-adama\/","title":{"rendered":"Touba &#8211;  27 ans apr\u00e8s sa mort: L\u2019ex ministre Bamba Vamoussa immortalis\u00e9 par le maire Doumbia Adama"},"content":{"rendered":"<p><em><strong>Le samedi 27 Juin 2020, en marge de la deuxi\u00e8me session ordinaire du Conseil municipal de Touba, il a \u00e9t\u00e9 proc\u00e9d\u00e9 \u00e0 l\u2019inauguration de la salle des f\u00eates de cette  mairie qui  porte d\u00e9sormais le nom de  Bamba Vamoussa, ex-Ministre d\u2019Houphou\u00ebt-Boigny.<\/strong><\/em><\/p>\n<p>Expliquant son initiative, en pr\u00e9sence des autorit\u00e9s administratives, coutumi\u00e8res et de la population, le Maire de Touba  Doumbia Adama s\u2019est d\u2019abord r\u00e9joui que cette salle \u2018\u2019porte le nom de notre p\u00e8re et devancier le Ministre Vamoussa Bamba qui n&#8217;est autre que le p\u00e8re de Mon fr\u00e8re Mamadou Bamba\u2019\u2019. Il a ensuite indiqu\u00e9 qu\u2019\u00e0 l&#8217;occasion de la 27\u00e8 ann\u00e9e de son rappel \u00e0  Dieu, le conseil municipal se devait de perp\u00e9tuer la m\u00e9moire de cet \u2018\u2019auguste et tendre p\u00e8re\u2019\u2019  en baptisant cette salle par ce nom qui a fait la fiert\u00e9 de la r\u00e9gion du Bafing. \u00ab Vamoussa Bamba fut  un homme qui a marqu\u00e9 son \u00e9poque par son engagement envers le peuple Mahou. Les actions pos\u00e9es par lui sont encore perceptibles dans notre quotidien \u00bb, a-t-il expliqu\u00e9, avant d\u2019exprimer sa gratitude \u00e0 la population pour la confiance plac\u00e9e  \u00e0 son \u00e9quipe et en lui . \u00ab Nous mettrons tout en \u0153uvre pour redorer le blason de notre belle cit\u00e9 de l&#8217;arbre C\u00e9leste. Nous mettrons un accent particulier sur l&#8217;assainissement du cadre de vie des populations et plusieurs autres actions au bonheur de tous \u00bb, a rassur\u00e9 le Maire Doumbia Adama. Enti\u00e8rement r\u00e9nov\u00e9e, la salle des mariages de la mairie     est d\u00e9sormais climatis\u00e9e, dot\u00e9e d\u2019une sonorisation et de chaises pr\u00e9sidentielles. <\/p>\n<p>Toute chose qui a \u00e9t\u00e9 salu\u00e9e par  El Hadj Bambadjan Bamba qui a t\u00e9moign\u00e9 la reconnaissance des grandes familles Bamba de Vengu\u00eala, Bamba de Gb\u00eayasso et Fadiga, au Maire Adama Doumbia \u2018\u2019pour l&#8217;immense honneur\u2019\u2019 fait \u2018\u2019en rendant \u00ab \u00e0 notre p\u00e8re le Ministre Bamba Vamoussa \u00bb, cet hommage grandiose\u2019\u2019. \u00abVingt-sept ans apr\u00e8s son rappel \u00e0 Allah, voici que Monsieur le Maire Adama Doumbia immortalise celui qui demeure pour nous la source \u00e9ternelle d&#8217;inspiration, le Ministre Vamoussa Bamba, en associant son nom et son image \u00e0 cette splendide salle de mariage de la Mairie de Touba. Oui, Monsieur le Maire, F\u00e9licitations pour la beaut\u00e9 de la salle Bamba Vamoussa, un vrai chef-d&#8217;oeuvre. F\u00e9licitations pour votre gout raffin\u00e9 du pittoresque. Une salle qui n&#8217;a rien \u00e0 envier \u00e0 la salle de mariage de l\u2019H\u00f4tel communal de Cocody ou m\u00eame \u00e0 celle du district d&#8217;Abidjan \u00bb, s\u2019est f\u00e9licit\u00e9 El Hadj Bambadjan Bamba. Rappelons   que Bamba Vamoussa d\u00e9c\u00e9d\u00e9 le 19 juin 1993,  a \u00e9t\u00e9 successivement, sous le Pr\u00e9sident F\u00e9lix Houphou\u00ebt-Boigny, Ministre de l\u2019Enseignement professionnel et technique; Ministre des Travaux publics, Transports, Construction et Urbanisme; et enfin Ministre de l\u2019Education nationale.<br \/>\n<strong><br \/>\nT.A.B avec KN (Sercom)<\/strong><\/p>\n","protected":false},"excerpt":{"rendered":"<p>Le samedi 27 Juin 2020, en marge de la deuxi\u00e8me session ordinaire du Conseil municipal de Touba, il a \u00e9t\u00e9 proc\u00e9d\u00e9 \u00e0 l\u2019inauguration de la salle des f\u00eates de cette mairie qui porte d\u00e9sormais le nom de Bamba Vamoussa, ex-Ministre d\u2019Houphou\u00ebt-Boigny. Expliquant son initiative, en pr\u00e9sence des autorit\u00e9s administratives, coutumi\u00e8res et de la population, le [&hellip;]<\/p>\n","protected":false},"author":3,"featured_media":21605,"comment_status":"closed","ping_status":"closed","sticky":false,"template":"","format":"standard","meta":{"_monsterinsights_skip_tracking":false,"_monsterinsights_sitenote_active":false,"_monsterinsights_sitenote_note":"","_monsterinsights_sitenote_category":0,"footnotes":""},"categories":[2,3],"tags":[],"class_list":["post-21604","post","type-post","status-publish","format-standard","has-post-thumbnail","hentry","category-featured","category-societe"],"_links":{"self":[{"href":"https:\/\/www.lintelligentdabidjan.info\/news\/wp-json\/wp\/v2\/posts\/21604","targetHints":{"allow":["GET"]}}],"collection":[{"href":"https:\/\/www.lintelligentdabidjan.info\/news\/wp-json\/wp\/v2\/posts"}],"about":[{"href":"https:\/\/www.lintelligentdabidjan.info\/news\/wp-json\/wp\/v2\/types\/post"}],"author":[{"embeddable":true,"href":"https:\/\/www.lintelligentdabidjan.info\/news\/wp-json\/wp\/v2\/users\/3"}],"replies":[{"embeddable":true,"href":"https:\/\/www.lintelligentdabidjan.info\/news\/wp-json\/wp\/v2\/comments?post=21604"}],"version-history":[{"count":1,"href":"https:\/\/www.lintelligentdabidjan.info\/news\/wp-json\/wp\/v2\/posts\/21604\/revisions"}],"predecessor-version":[{"id":21606,"href":"https:\/\/www.lintelligentdabidjan.info\/news\/wp-json\/wp\/v2\/posts\/21604\/revisions\/21606"}],"wp:featuredmedia":[{"embeddable":true,"href":"https:\/\/www.lintelligentdabidjan.info\/news\/wp-json\/wp\/v2\/media\/21605"}],"wp:attachment":[{"href":"https:\/\/www.lintelligentdabidjan.info\/news\/wp-json\/wp\/v2\/media?parent=21604"}],"wp:term":[{"taxonomy":"category","embeddable":true,"href":"https:\/\/www.lintelligentdabidjan.info\/news\/wp-json\/wp\/v2\/categories?post=21604"},{"taxonomy":"post_tag","embeddable":true,"href":"https:\/\/www.lintelligentdabidjan.info\/news\/wp-json\/wp\/v2\/tags?post=21604"}],"curies":[{"name":"wp","href":"https:\/\/api.w.org\/{rel}","templated":true}]}}