{"id":21616,"date":"2020-07-02T00:38:50","date_gmt":"2020-07-01T22:38:50","guid":{"rendered":"https:\/\/www.lintelligentdabidjan.info\/news\/?p=21616"},"modified":"2020-07-02T00:39:44","modified_gmt":"2020-07-01T22:39:44","slug":"tchad-ndjamena-idriss-deby-devient-marechal","status":"publish","type":"post","link":"https:\/\/www.lintelligentdabidjan.info\/news\/tchad-ndjamena-idriss-deby-devient-marechal\/","title":{"rendered":"Tchad &#8211; N\u2019Djamena: Idriss Deby devient \u00abMar\u00e9chal\u00bb"},"content":{"rendered":"<p><em><strong>Dr\u00f4le de promotion \u00e0 la pr\u00e9sidence tchadienne: le chef de  l\u2019\u00c9tat Idriss Deby devient \u00ab Mar\u00e9chal \u00bb. Mais pourquoi ? Il est difficile de l\u00e9gitimer cette promotion du pr\u00e9sident tchadien quand on constate que le Tchad est toujours menac\u00e9 par les groupes arm\u00e9s de Boko-Haram et quelques r\u00e9sistances de r\u00e9bellion \u00e0 l\u2019Est du pays.<\/strong><\/em><\/p>\n<p>Disons sans fausse note que la logique implacable de la pr\u00e9sence de Boko-Haram dans la r\u00e9gion n\u2019appartient pas \u00e0 la nomination du pr\u00e9sident Idriss Deby. Le \u00abMar\u00e9chal \u00bb tchadien reste loin de cette d\u00e9cision du parlement tchadien qui prend \u00e0 revers l\u2019assassinat des 44 prisonniers pr\u00e9sent\u00e9s \u00e0 la presse comme les hommes appartenant \u00e0 Boko-Haram. Aujourd\u2019hui, la bravoure du \u00ab Mar\u00e9chal \u00bb Idriss Deby est contest\u00e9e par l\u2019organisation des droits de l\u2019homme. Que dira le pr\u00e9sident tchadien ? Rien !<br \/>\nLe galon de \u00ab Mar\u00e9chal \u00bb  pour Idriss Deby, nous rappelle Mobutu Sess\u00e9 S\u00e9ko, Jean-Bedel Bokassa qui sont devenus pr\u00e9sidents \u00e0 vie. Idriss Deby \u00ab Mar\u00e9chal \u00bb bien s\u00fbr que c\u2019est le mode en Afrique\u2026. L\u2019histoire africaine est l\u00e0, plus que jamais t\u00eatue ; Gnassingb\u00e9 Eyadema \u00ab Le timonier \u00bb Mathieu K\u00e9r\u00e9kou le \u00ab Cam\u00e9l\u00e9on \u00bb Gabriel Mugab\u00e9  \u00ab le p\u00e8re de l\u2019ind\u00e9pendance \u00bb Pierre Nkuruziza \u00ab le guide supr\u00eame de la nation burundaise \u00bb. Une bouffonnerie politique qui a pris de l\u2019ampleur depuis les ind\u00e9pendances. <\/p>\n<p><strong>Ben Isma\u00ebl<\/strong><\/p>\n","protected":false},"excerpt":{"rendered":"<p>Dr\u00f4le de promotion \u00e0 la pr\u00e9sidence tchadienne: le chef de l\u2019\u00c9tat Idriss Deby devient \u00ab Mar\u00e9chal \u00bb. Mais pourquoi ? Il est difficile de l\u00e9gitimer cette promotion du pr\u00e9sident tchadien quand on constate que le Tchad est toujours menac\u00e9 par les groupes arm\u00e9s de Boko-Haram et quelques r\u00e9sistances de r\u00e9bellion \u00e0 l\u2019Est du pays. Disons [&hellip;]<\/p>\n","protected":false},"author":3,"featured_media":21617,"comment_status":"closed","ping_status":"closed","sticky":false,"template":"","format":"standard","meta":{"_monsterinsights_skip_tracking":false,"_monsterinsights_sitenote_active":false,"_monsterinsights_sitenote_note":"","_monsterinsights_sitenote_category":0,"footnotes":""},"categories":[2,1],"tags":[],"class_list":["post-21616","post","type-post","status-publish","format-standard","has-post-thumbnail","hentry","category-featured","category-actualites"],"_links":{"self":[{"href":"https:\/\/www.lintelligentdabidjan.info\/news\/wp-json\/wp\/v2\/posts\/21616","targetHints":{"allow":["GET"]}}],"collection":[{"href":"https:\/\/www.lintelligentdabidjan.info\/news\/wp-json\/wp\/v2\/posts"}],"about":[{"href":"https:\/\/www.lintelligentdabidjan.info\/news\/wp-json\/wp\/v2\/types\/post"}],"author":[{"embeddable":true,"href":"https:\/\/www.lintelligentdabidjan.info\/news\/wp-json\/wp\/v2\/users\/3"}],"replies":[{"embeddable":true,"href":"https:\/\/www.lintelligentdabidjan.info\/news\/wp-json\/wp\/v2\/comments?post=21616"}],"version-history":[{"count":1,"href":"https:\/\/www.lintelligentdabidjan.info\/news\/wp-json\/wp\/v2\/posts\/21616\/revisions"}],"predecessor-version":[{"id":21618,"href":"https:\/\/www.lintelligentdabidjan.info\/news\/wp-json\/wp\/v2\/posts\/21616\/revisions\/21618"}],"wp:featuredmedia":[{"embeddable":true,"href":"https:\/\/www.lintelligentdabidjan.info\/news\/wp-json\/wp\/v2\/media\/21617"}],"wp:attachment":[{"href":"https:\/\/www.lintelligentdabidjan.info\/news\/wp-json\/wp\/v2\/media?parent=21616"}],"wp:term":[{"taxonomy":"category","embeddable":true,"href":"https:\/\/www.lintelligentdabidjan.info\/news\/wp-json\/wp\/v2\/categories?post=21616"},{"taxonomy":"post_tag","embeddable":true,"href":"https:\/\/www.lintelligentdabidjan.info\/news\/wp-json\/wp\/v2\/tags?post=21616"}],"curies":[{"name":"wp","href":"https:\/\/api.w.org\/{rel}","templated":true}]}}