{"id":21622,"date":"2020-07-02T00:52:45","date_gmt":"2020-07-01T22:52:45","guid":{"rendered":"https:\/\/www.lintelligentdabidjan.info\/news\/?p=21622"},"modified":"2020-07-02T00:52:45","modified_gmt":"2020-07-01T22:52:45","slug":"adhesion-de-10-nouveaux-partis-rose-kone-gp-paix-nous-devenons-la-premiere-force-politique-ivoirienne","status":"publish","type":"post","link":"https:\/\/www.lintelligentdabidjan.info\/news\/adhesion-de-10-nouveaux-partis-rose-kone-gp-paix-nous-devenons-la-premiere-force-politique-ivoirienne\/","title":{"rendered":"Adh\u00e9sion de 10 nouveaux partis-Ros\u00e9 Kon\u00e9 ( Gp-paix) : \u201cNous devenons la premi\u00e8re \u00abforce politique ivoirienne\u00bb\u201d"},"content":{"rendered":"<p><em><strong>Le Groupement des partenaires politiques pour la paix (Gpp-paix) a enregistr\u00e9 en son sein dix nouveaux partis qui ont \u00e9t\u00e9 pr\u00e9sent\u00e9s  le mardi 30 juin 2020 dans un r\u00e9ceptif h\u00f4telier d\u2019Abidjan.<\/strong><\/em><\/p>\n<p>\u00c0 cette occasion, Sedia Amenan porte-parole des nouveaux adh\u00e9rents et par ailleurs, pr\u00e9sidente du parti nouveau ivoirien d\u00e9mocrate (Nid) a exprim\u00e9 sa gratitude et sa reconnaissance \u00e0 Rose Kon\u00e9, coordonnatrice par int\u00e9rim du groupement pour leur adh\u00e9sion au gp-paix. \u00ab En pareille circonstance, il n\u2019y a que la joie qui nous anime les uns et les autres. En plus du sentiment de joie, il y a la reconnaissance. Notre reconnaissance va \u00e0 l\u2019endroit de la coordonnatrice par int\u00e9rim et de tous les pr\u00e9sidents membres du groupement mais surtout, \u00e0 l\u2019endroit d\u2019une forte personnalit\u00e9 qui a pens\u00e9 le Gpp-Paix. Nous sommes fiers de faire partie des partenaires politiques dont l\u2019\u0153uvre est de continuer \u00e0 promouvoir la paix et la stabilit\u00e9 dans notre pays \u00bb, a-t-elle indiqu\u00e9. <\/p>\n<p><strong>Rose Kon\u00e9 : \u00ab Nous devenons donc la premi\u00e8re force politique ivoirienne en termes de nombre de partis politiques r\u00e9unis \u00bb<\/strong><\/p>\n<p>Rose Kon\u00e9 pr\u00e9sidente par int\u00e9rim du Gp- Paix a souhait\u00e9 la bienvenue aux nouveaux adh\u00e9rents. Puis elle a dit :\u00ab Sachez que vous int\u00e9grez une grande famille. Celle des promoteurs, en C\u00f4te d\u2019Ivoire, d\u2019une v\u00e9ritable paix qui va n\u00e9cessairement conduire au bien-\u00eatre de nos concitoyens. Travaillons donc ensemble, main dans la main pour une plus grande coh\u00e9sion et une v\u00e9ritable entente afin d\u2019avoir la confiance des Ivoiriens qui nous permettront  de r\u00e9ussir nos ambitions  (\u2026) Nous devenons donc la premi\u00e8re force politique ivoirienne en terme de nombre de partis politiques r\u00e9unis. Cela, je le pense, est un grand avantage dans la perspective des prochaines batailles \u00e9lectorales. Nous devons donc savoir capitaliser, sur le terrain, cet avantage. Il y a de la mati\u00e8re et il faut que nous nous mettions au travail \u00bb.<br \/>\nRose Kon\u00e9 a ajout\u00e9 \u00ab C\u2019est le lieu de rappeler aux uns et aux autres que nous n\u2019allons plus accepter qu\u2019une bande d\u2019indisciplin\u00e9e notoire, qui n\u2019a pas per\u00e7u le bien-fond\u00e9 de la cr\u00e9ation de notre groupement tente en vain de saper notre dynamique et notre progression. Nous allons poursuivre notre politique de promotion de la paix et de la stabilit\u00e9 dans notre pays. Aussi, nous nous engageons \u00e0 dire notre mot quant aux grandes questions de la vie de notre nation \u00bb<\/p>\n<p><strong>M.Ismaila<\/strong><\/p>\n<p>Voici les 10 partis<br \/>\n\u2018\u2019Le Nouveau ivoirien d\u00e9mocrate (Nid)\u2019\u2019, \u2018\u2019Unit\u00e9 nationale ivoirienne (Uni)\u2019\u2019, \u2018\u2019Jeunesse unie pour la d\u00e9mocratie ivoirienne (J.e.u.d.i)\u2019\u2019, \u2018\u2019La voix du peuple (Lvp)\u2019\u2019, \u2018\u2019Mouvement tous ensemble pour l\u2019\u00e9mergence (Mtee)\u2019\u2019, \u2018\u2019Rassemblement de la nouvelle G\u00e9n\u00e9ration (Rang,)\u2019\u2019 , \u2018\u2019Nouvelle g\u00e9n\u00e9ration populaire (Ngp,)\u2019\u2019 \u2018\u2019Parti nationaliste (Pana)\u2019\u2019, \u2018\u2019Collectif des d\u00e9mocrates ivoiriens, (CDI)\u2019\u2019, \u2018\u2019 Tout pour le Peuple (TPP)\u2019\u2019.<\/p>\n<p>M.I<\/p>\n","protected":false},"excerpt":{"rendered":"<p>Le Groupement des partenaires politiques pour la paix (Gpp-paix) a enregistr\u00e9 en son sein dix nouveaux partis qui ont \u00e9t\u00e9 pr\u00e9sent\u00e9s le mardi 30 juin 2020 dans un r\u00e9ceptif h\u00f4telier d\u2019Abidjan. \u00c0 cette occasion, Sedia Amenan porte-parole des nouveaux adh\u00e9rents et par ailleurs, pr\u00e9sidente du parti nouveau ivoirien d\u00e9mocrate (Nid) a exprim\u00e9 sa gratitude et [&hellip;]<\/p>\n","protected":false},"author":3,"featured_media":21623,"comment_status":"closed","ping_status":"closed","sticky":false,"template":"","format":"standard","meta":{"_monsterinsights_skip_tracking":false,"_monsterinsights_sitenote_active":false,"_monsterinsights_sitenote_note":"","_monsterinsights_sitenote_category":0,"footnotes":""},"categories":[2,17],"tags":[],"class_list":["post-21622","post","type-post","status-publish","format-standard","has-post-thumbnail","hentry","category-featured","category-politique"],"_links":{"self":[{"href":"https:\/\/www.lintelligentdabidjan.info\/news\/wp-json\/wp\/v2\/posts\/21622","targetHints":{"allow":["GET"]}}],"collection":[{"href":"https:\/\/www.lintelligentdabidjan.info\/news\/wp-json\/wp\/v2\/posts"}],"about":[{"href":"https:\/\/www.lintelligentdabidjan.info\/news\/wp-json\/wp\/v2\/types\/post"}],"author":[{"embeddable":true,"href":"https:\/\/www.lintelligentdabidjan.info\/news\/wp-json\/wp\/v2\/users\/3"}],"replies":[{"embeddable":true,"href":"https:\/\/www.lintelligentdabidjan.info\/news\/wp-json\/wp\/v2\/comments?post=21622"}],"version-history":[{"count":1,"href":"https:\/\/www.lintelligentdabidjan.info\/news\/wp-json\/wp\/v2\/posts\/21622\/revisions"}],"predecessor-version":[{"id":21624,"href":"https:\/\/www.lintelligentdabidjan.info\/news\/wp-json\/wp\/v2\/posts\/21622\/revisions\/21624"}],"wp:featuredmedia":[{"embeddable":true,"href":"https:\/\/www.lintelligentdabidjan.info\/news\/wp-json\/wp\/v2\/media\/21623"}],"wp:attachment":[{"href":"https:\/\/www.lintelligentdabidjan.info\/news\/wp-json\/wp\/v2\/media?parent=21622"}],"wp:term":[{"taxonomy":"category","embeddable":true,"href":"https:\/\/www.lintelligentdabidjan.info\/news\/wp-json\/wp\/v2\/categories?post=21622"},{"taxonomy":"post_tag","embeddable":true,"href":"https:\/\/www.lintelligentdabidjan.info\/news\/wp-json\/wp\/v2\/tags?post=21622"}],"curies":[{"name":"wp","href":"https:\/\/api.w.org\/{rel}","templated":true}]}}