{"id":2163,"date":"2017-01-03T00:12:51","date_gmt":"2017-01-02T23:12:51","guid":{"rendered":"http:\/\/www.lintelligentdabidjan.info\/news\/?p=2163"},"modified":"2017-01-03T00:12:51","modified_gmt":"2017-01-02T23:12:51","slug":"les-moments-forts-du-monde-culturel-acte-2-un-autre-pan-des-faits-marquants","status":"publish","type":"post","link":"https:\/\/www.lintelligentdabidjan.info\/news\/les-moments-forts-du-monde-culturel-acte-2-un-autre-pan-des-faits-marquants\/","title":{"rendered":"Les moments forts  du monde culturel (Acte 2) : Un autre pan des faits marquants"},"content":{"rendered":"<p>La vie culturelle de l\u2019ann\u00e9e 2016  a \u00e9t\u00e9 ponctu\u00e9e par des \u00e9v\u00e9nements dont L\u2019Intelligent d\u2019Abidjan  fait un r\u00e9capitulatif (Acte 2). La 9\u00e8me \u00e9dition du  Masa, l\u2019\u00e9lection du pr\u00e9sident de l\u2019union nationale des journalistes de C\u00f4te d\u2019Ivoire, le meilleur journaliste de C\u00f4te d\u2019Ivoire 2016  et le congr\u00e8s \u00e9lectif de l\u2019organisation des journalistes professionnels de C\u00f4te d\u2019Ivoire. <!--more--><\/p>\n<p>Masa  \/ Daniel Kablan Duncan  a d\u00e9clar\u00e9 que les africains ont atteint  l\u2019\u00e9mergence culturelle depuis des si\u00e8cles.<br \/>\nLa 9\u00e8me  \u00e9dition du March\u00e9 des arts du spectacle africain d\u2019Abidjan(Masa) a \u00e9t\u00e9 lanc\u00e9e le samedi 05 mars 2016 \u00e0 salle de \u201c1500 places\u2019\u2019 du palais de la Culture de Treichville par Daniel Kablan Duncan, Premier ministre de C\u00f4te d\u2019Ivoire.<br \/>\n\u2018\u2019 R\u00e9inventons les arts de la sc\u00e8ne\u2019\u2019, tel a \u00e9t\u00e9 le th\u00e8me de cette \u00e9dition qui s\u2019est tenue  du 05 au 12 mars 2016. Daniel Kablan Duncan qui a d\u00e9clar\u00e9 ouvert, l\u2019\u00e9v\u00e8nement, a r\u00e9v\u00e9l\u00e9 : \u00ab Nous, les Africains, avons l\u2019\u00e9mergence culturelle depuis des si\u00e8cles et nous sommes maintenant \u00e0 la recherche de l\u2019\u00e9mergence \u00e9conomique\u00bb. Pour lui, le Masa est un march\u00e9 de dimension internationale qui vise \u00e0 promouvoir les cr\u00e9ateurs pour qu\u2019ils vivent pleinement de leur art. Le but recherch\u00e9, selon lui, est d\u2019ouvrir les march\u00e9s du Nord(Europe) aux artistes et cr\u00e9ateurs africains. C\u2019est pourquoi, se r\u00e9f\u00e9rant au th\u00e8me, il a soutenu que l\u2019invention est n\u00e9cessaire. Le Premier ministre a affirm\u00e9 que cette 9\u00e8me  \u00e9dition prouve qu\u2019apr\u00e8s celle de 2014 la C\u00f4te d\u2019Ivoire est bel et bien de retour sur la sc\u00e8ne internationale apr\u00e8s une interruption du Masa. Il a traduit toute la reconnaissance de la C\u00f4te d\u2019Ivoire \u00e0 Micha\u00eblle Jean, Secr\u00e9taire g\u00e9n\u00e9ral de l\u2019Organisation Internationale de la Francophonie (OIF) pour son soutien \u00e0 l\u2019organisation du Masa. Il a souhait\u00e9 un bon s\u00e9jour aux 2000 participants de 37 pays pr\u00e9sents en C\u00f4te d\u2019Ivoire et f\u00e9licit\u00e9 le ministre de la Culture et la Francophonie et tous les partenaires de l\u2019\u00e9v\u00e9nement.<br \/>\nAdama Ouan\u00e9, Administrateur de l\u2019OIF \u00e0 Abidjan, a dit pour sa part, que la Masa associe la culture \u00e0 l\u2019\u00e9conomie. Et d\u2019ajouter : \u00ab Nous sommes-l\u00e0 pour c\u00e9l\u00e9brer la culture. Cette 9\u00e8me \u00e9dition, la 2\u00e8me apr\u00e8s la crise est un indicateur qui prouve que la C\u00f4te d\u2019Ivoire est stable \u00bb. Il s\u2019est dit profond\u00e9ment heureux d\u2019\u00eatre \u00e0 ce Masa et a promis que l\u2019OIF continuera d\u2019accompagner l\u2019\u00e9v\u00e8nement.<br \/>\nPour Maurice Kouakou Bandaman, ministre de la Culture et la Francophonie, le Masa est un march\u00e9 d\u2019offres et d\u2019achats. C\u2019est une \u00e9conomie de march\u00e9s. En outre, il a rendu un hommage \u00e0 la Grande Chanceli\u00e8re, Henriette Dagri Diabat\u00e9 pour avoir port\u00e9 le Masa sur les fonts baptismaux en 1993 lorsqu\u2019elle \u00e9tait le ministre de la Culture avec l\u2019appui du Premier ministre de l\u2019\u00e9poque, Alassane Ouattara. Dans la foul\u00e9e, il a exprim\u00e9 toute sa gratitude \u00e0 l\u2019OIF pour avoir fait confiance \u00e0 la C\u00f4te d\u2019Ivoire pour l\u2019organisation du Masa depuis 1993.<br \/>\nC\u2019est le Professeur Yacouba Konat\u00e9, directeur g\u00e9n\u00e9ral du Masa qui avait plant\u00e9 le d\u00e9cor de l\u2019\u00e9v\u00e9nement. Pour lui, le Masa se positionne comme un outil de diversit\u00e9s culturelles. Il a r\u00e9v\u00e9l\u00e9 que personne n\u2019a encore soutenu que l\u2019Afrique est sous-d\u00e9velopp\u00e9e culturellement et artistiquement. Pour lui, le Masa est une ouverture sur les diasporas africaines. Yacouba Konat\u00e9 a traduit toute sa reconnaissance au pr\u00e9sident de la R\u00e9publique de C\u00f4te d\u2019Ivoire et \u00e0 son gouvernement pour avoir d\u00e9gag\u00e9 les moyens \u00e0 temps pour l\u2019organisation de cette 9\u00e8me \u00e9dition du Masa. Il n\u2019a pas oubli\u00e9 les diff\u00e9rents partenaires et surtout l\u2019OIF.<br \/>\nRobert Beugr\u00e9 Mamb\u00e9, gouvernement du District d\u2019Abidjan a, pour sa part, vant\u00e9 les bienfaits de la culture sous toutes ses formes. La musique, la peinture, la danse, la sculpture, a-t-il dit, modifient positivement les humeurs de l\u2019homme. C\u2019est pourquoi, il dit que le Masa est une grande et belle organisation qu\u2019il faut encourager. Et de d\u00e9clarer : \u00ab Le Masa, c\u2019est la vie ! Le Masa, c\u2019est la paix ! Le Masa, c\u2019est l\u2019esp\u00e9rance !\u00bb<\/p>\n<p><strong>Le directeur g\u00e9n\u00e9ral du Masa a fait le bilan<\/strong><br \/>\nLe si\u00e8ge du March\u00e9 des arts du spectacle africain (Masa) a servi le vendredi 18 mars 2016 de cadre pour le Professeur Konat\u00e9 Yacouba pour dresser le bilan de la 9\u00e8me \u00e9dition de cette biennale.<br \/>\nLe directeur g\u00e9n\u00e9ral du Masa, le Pr Konat\u00e9 Yacouba a expliqu\u00e9 que les concerts de la place Ficgayo de Yopougon, d\u2019Inch Allah de Koumassi et d\u2019Adopz\u00e9 ont \u00e9t\u00e9 annul\u00e9s faute de ressources financi\u00e8res. Selon lui, les communes int\u00e9ress\u00e9es par l\u2019organisation de concerts devraient autofinancer le podium et la sono. Puis, le Masa venait en appoint avec les artistes \u00e0 qui, il paye les cachets et l\u2019h\u00e9bergement. Le directeur g\u00e9n\u00e9ral a r\u00e9v\u00e9l\u00e9 que la location d\u2019une sono pour concert co\u00fbte entre 3 et 4 millions de francs\/jour, somme que la tr\u00e9sorerie du Masa n\u2019avait pas pour Yopougon, Koumassi et Adopz\u00e9. En revanche, il s\u2019est f\u00e9licit\u00e9 que Yamoussoukro, Bouak\u00e9, Port-Bou\u00ebt, Cocody et Grand-Bassam ont pu organiser leur concert comme pr\u00e9vu avec l\u2019appui des autorit\u00e9s municipales. Pour lui, l\u2019enjeu de cette 9\u00e8me  \u00e9dition \u00e9tait de montrer \u00e0 l\u2019opinion nationale et internationale que le Masa pouvait retrouver et tenir son rythme de biennale. A cela, il faut installer le Masa dans la dur\u00e9e en commen\u00e7ant par des \u00e9v\u00e9nements avant l\u2019ouverture de la biennale.<\/p>\n<p><strong>Budget<\/strong><br \/>\nAu titre du budget, le Professeur Konat\u00e9 Yacouba a r\u00e9v\u00e9l\u00e9 que le Masa a re\u00e7u la somme de 840 millions de francs contre 1,6 milliard attendus. L\u2019Etat de C\u00f4te d\u2019Ivoire a donn\u00e9 640 millions et le district d\u2019Abidjan 200 millions. Pour lui, toutes ces sommes sont en de \u00e7\u00e0 de ce qui a \u00e9t\u00e9 donn\u00e9 lors de la 8\u00e8me \u00e9dition. C\u2019est-\u00e0-dire le gouvernement avait donn\u00e9 en 2014, la somme de 800 millions et le District 300 millions. Expliquant le budget, le directeur g\u00e9n\u00e9ral a r\u00e9v\u00e9l\u00e9 que l\u2019Union \u00e9conomique et mon\u00e9taire ouest africain (Uemoa) a contribu\u00e9 spontan\u00e9ment \u00e0 hauteur de 10 millions de francs et la compagnie Orange-C\u00f4te d\u2019Ivoire s\u2019est jet\u00e9e dans le Masa \u00e0 quelques cinq jours de l\u2019ouverture sans dire combien celle-ci a donn\u00e9. Cependant, il a soulign\u00e9 que l\u2019Organisation Internationale de la Francophonie (OIF), son partenaire officiel n\u2019avait pas encore vers\u00e9 sa subvention qui est de 100 millions de francs Cfa. Somme attendue pour payer certains cachets d\u2019artistes et autres dettes. Le directeur g\u00e9n\u00e9ral a indiqu\u00e9 que les techniciens sont entr\u00e9s en gr\u00e8ve lors du Masa pour une somme de 42 millions dont 11 leur avaient \u00e9t\u00e9 vers\u00e9s la veille. Mais, tout est entr\u00e9 dans l\u2019ordre apr\u00e8s.<\/p>\n<p><strong>Satisfaction<\/strong><br \/>\nLe professeur Konat\u00e9 Yacouba s\u2019est dit satisfait parce que la 9\u00e8me \u00e9dition a permis d\u2019\u00e9largir l\u2019\u00e9ventail des partenaires du Masa et de donner plus de visibilit\u00e9 \u00e0 des disciplines comme le conte, l\u2019humour et la mode. En ce qui est du Masa-march\u00e9, il a r\u00e9v\u00e9l\u00e9 que beaucoup de contrats ont \u00e9t\u00e9 sign\u00e9s par des groupes ivoiriens notamment le groupe de la danse panth\u00e8re qui va en Tunisie pour un festival. Ce sont 43 \u00e0 47 contrats qui ont \u00e9t\u00e9 sign\u00e9s en attendant la finalisation de ceux qui sont en cours. Sur les 2500 festivaliers, il y avait 908 artistes ivoiriens. 50 techniciens \u00e9taient pr\u00e9sents au Masa. Le Professeur a soulign\u00e9 que 3 cha\u00eenes de t\u00e9l\u00e9vision camerounaises et une malienne \u00e9taient pr\u00e9sentes au Masa et elles ont sign\u00e9 des partenariats. Le directeur a martel\u00e9 que les clauses des contrats sign\u00e9s avec les artistes stipulent que leurs cachets leur seront vers\u00e9s seulement 1 mois apr\u00e8s le Masa. Ceux qui \u00e9taient d\u2019accord ont sign\u00e9. Donc, c\u2019est la subvention de l\u2019OIF qui permettra d\u2019\u00e9ponger ces ardoises. Il s\u2019est \u00e9galement r\u00e9joui qu\u2019une structure canadienne ait form\u00e9 les humoristes ivoiriens qui, d\u00e9sormais, peuvent donner un spectacle de plus d\u2019une heure. Toute chose que ceux-ci, nagu\u00e8re, ne pouvaient pas faire. Il a fait noter que ce sont plus de 3800 badges qui ont \u00e9t\u00e9 confectionn\u00e9s et de milliers de cartons d\u2019invitation. Ce sont 20 000 personnes environ qui \u00e9taient chaque jour au Masa.<\/p>\n<p><strong>Perspectives<\/strong><br \/>\nPour mieux r\u00e9ussir les prochaines \u00e9ditions du Masa, le professeur a souhait\u00e9 que le versement du budget soit annuel pour permettre de bien pr\u00e9parer l\u2019\u00e9v\u00e9nement. A terme, il souhaite que le Masa g\u00e9n\u00e8re des ressources financi\u00e8res propres tir\u00e9es de la vente des tickets d\u2019entr\u00e9e des spectacles. Il a dit voir grand. C\u2019est pourquoi, pour les \u00e9ditions futures toute l\u2019organisation du Masa doit \u00eatre revue et l\u2019aspect de sa grandeur ma\u00eetris\u00e9.<\/p>\n<p><strong>Unjci \/ Moussa Traor\u00e9 r\u00e9\u00e9lu pr\u00e9sident<\/strong><br \/>\nApr\u00e8s plusieurs reports et m\u00e9sententes, l\u2019\u00e9lection du pr\u00e9sident de l\u2019Union nationale des journalistes de C\u00f4te d\u2019Ivoire (Unjci) a eu lieu le dimanche 17 avril 2016 \u00e0 la salle des conf\u00e9rences du minist\u00e8re des Affaires \u00e9trang\u00e8res avec la victoire du candidat Traor\u00e9 Moussa.<br \/>\nSur 491 inscrits sur la liste \u00e9lectorale, 267 voix ont \u00e9t\u00e9 exprim\u00e9es pour 2 bulletins nuls, soit un taux de participation de 54, 37%. La liste Traor\u00e9 Moussa (MT) a obtenu 255 voix, soit 96, 22 % contre 8 voix soit 3,01% pour la liste du candidat Coulibaly Vamara qui a jet\u00e9 l\u2019\u00e9ponge. D\u00e9j\u00e0 \u00e0 l\u2019ouverture des travaux de ce 9\u00e8me congr\u00e8s, le samedi 16 avril 2016, les chiffres semblaient annoncer le r\u00e9sultat des \u00e9lections. Ainsi, la liste Traor\u00e9 Moussa a obtenu le quitus du congr\u00e8s par un score sovi\u00e9tique de 89 voix contre 2. Apr\u00e8s son pl\u00e9biscite, le pr\u00e9sident r\u00e9\u00e9lu a d\u00e9clar\u00e9 : \u00ab Pour \u00e9viter l\u2019humiliation de leur vie, nos adversaires se sont retir\u00e9s de la salle. Mais, personne n\u2019est dupe. Le verdict des urnes est implacable. C\u2019est cela, la d\u00e9mocratie. Ultra-minoritaires, ils devraient accepter les r\u00e9sultats pour le bonheur de notre corporation. Ils ont \u00e9t\u00e9 d\u00e9bout\u00e9s par le congr\u00e8s et c\u2019est cela le plus important. Il n\u2019y a pas d\u2019instance au-dessus du congr\u00e8s. Pour \u00eatre \u00e0 la t\u00eate de l\u2019Unjci, on passe par le verdict des urnes. Nos amis souhaitaient que le palais de justice les installe dans le fauteuil pr\u00e9sidentiel de l\u2019Unjci. Je crois que pour aller au paradis, il faut accepter de mourir, se soumettre \u00e0 une \u00e9preuve. Aujourd\u2019hui, les jeux sont faits \u00bb. Puis, d\u2019ajouter : \u00ab J\u2019assure vouloir diriger notre association avec nos adversaires \u00e0 qui, je tends la main \u00bb. Pour Traor\u00e9 Moussa, la v\u00e9rit\u00e9 des urnes a tranch\u00e9 et la grande famille de la communication a \u00e9t\u00e9 \u00e9difi\u00e9e. Pour ce qui est de l\u2019\u00e9lection du pr\u00e9sident du conseil d\u2019administration de l\u2019Unjci, J\u00e9r\u00e9mie Ahour\u00e9, seul candidat en lice, a eu l\u2019approbation de ses confr\u00e8res en obtenant 249 voix soit 93, 96%.<\/p>\n<p><strong>Nuit de la Communication \u00e0 Yamoussoukro<\/strong><br \/>\nLa 18\u00e8me Nuit de la Communication ou Nuit des Ebony a eu lieu le samedi 10 d\u00e9cembre 2016 \u00e0 l\u2019h\u00f4tel Pr\u00e9sident de Yamoussoukro sous le parrainage de Hamed Bakayoko, ministre d\u2019Etat, ministre de l\u2019Int\u00e9rieur et de la S\u00e9curit\u00e9  et sous la pr\u00e9sidence de Me Affoussiata Bamba-Lamine, ministre de la Communication. C\u2019est Paule B\u00e9n\u00e9dicte Balou de Radio-Yopougon qui a \u00e9t\u00e9 d\u00e9sign\u00e9e Super Ebony 2016 (meilleure journaliste)  par le jury pr\u00e9sid\u00e9 par Eug\u00e8ne Di\u00e9 Kakou.  Elle  a enlev\u00e9 \u00e9galement le Prix du meilleur journaliste Radio  et les Prix sectoriels  de la meilleure enqu\u00eate dot\u00e9e du Prix Di\u00e9gou Bailly et la meilleure interview dot\u00e9e du Prix Jean-Pierre Ay\u00e9. Pour chaque Prix sectoriel, elle re\u00e7oit deux cent mille francs. Pour le super Ebony, Paule B\u00e9n\u00e9dicte Balou aura un terrain viabilis\u00e9 de 13 millions de francs Cfa. Le parrain lui a promis cinq millions de francs.  Le Prix Ebony T\u00e9l\u00e9 est revenu \u00e0 Michel Digr\u00e9 de  la Rti quand le Prix Ebony presse \u00e9crite et en ligne est tomb\u00e9 dans l\u2019escarcelle de Hermann Bl\u00e9hou\u00e9 de Notre Voie qui s\u2019est arrog\u00e9 le Prix sectoriel Joseph Diomand\u00e9. Chaque Prix  sectoriel est accompagn\u00e9 de deux cent mille francs. Serges Kol\u00e9a de la Rti a enlev\u00e9 les Prix Unicef  et Unjci de la Culture. Pour chaque Prix, il re\u00e7oit deux cent mille francs et l\u2019Unicef offre 5 millions de mat\u00e9riel \u00e0 sa r\u00e9daction. Le Prix  Canal plus  est revenu \u00e0 Marie-Laure de la Rti. S\u00e9riba Kon\u00e9 de \u2018\u2019 www. lepointsur.com\u2019\u2019 s\u2019est vu attribuer le Prix  Sifca en agroalimentaire. Le Prix du Comit\u00e9 national de lutte contre la maltraitance des enfants a \u00e9t\u00e9 la r\u00e9compense de Kouadio N\u2019Guessan Armel de Radio-C\u00f4te d\u2019Ivoire. Le Prix Promotion des droits de l\u2019homme est attribu\u00e9 Ars\u00e8ne Yapi du journal de l\u2019Economie. Le Prix Agence en ligne  est l\u2019affaire de Kouassi Assouma de Fraternit\u00e9 matin et le Prix  Nady Rayess a r\u00e9compens\u00e9 les efforts de Attoungbr\u00e9 Joseph de LG Info. Tous les Prix sectoriels sont accompagn\u00e9s de deux mille francs.<br \/>\nQuatre  allocutions ont pr\u00e9c\u00e9d\u00e9 la c\u00e9r\u00e9monie de distinction. Hamed Bakayoko, ministre d\u2019Etat et ministre de la S\u00e9curit\u00e9 et de l\u2019Int\u00e9rieur,  parrain de la c\u00e9r\u00e9monie a offert la somme de cinq millions \u00e0 la Super Ebony 2016. Avant cela, il  s\u2019est dit heureux de se retrouver avec ses confr\u00e8res  parce qu\u2019\u00e9tant lui-m\u00eame journaliste et patron de presse avant de devenir homme politique.  Puis, il a demand\u00e9 aux journalistes de continuer \u00e0 \u00e9duquer le peuple avec de bons articles par le r\u00f4le  qui est le leur. Quant \u00e0 Afffoussiata Bamba-Lamine, ministre de la Communication, pr\u00e9sidente de l\u2019\u00e9v\u00e8nement, elle  a soulign\u00e9 que le Prix Ebony est le symbole de l\u2019excellence \u00e0 laquelle le pr\u00e9sident de la R\u00e9publique, Alassane Ouattara attache de l\u2019importance. Puis, elle a rappel\u00e9 que ce sont plus de 1,9 milliard de francs d\u2019aide qui ont \u00e9t\u00e9 octroy\u00e9s \u00e0 la presse en 2016.  Et de rappeler que la\t c\u00e9l\u00e9bration des noces argent (25 ans d\u2019anniversaire) de l\u2019Union dont le th\u00e8me est \u2018\u2019 Unjci 25 ans apr\u00e8s, quel d\u00e9fi est \u00e9vocateur. C\u2019est pourquoi, elle a dit  que les r\u00e9flexions doivent  permettre \u00e0 l\u2019Union de relever les d\u00e9fis nouveaux.  Puis, elle a traduit toute sa reconnaissance au parrain pour avoir accept\u00e9 d\u2019\u00eatre aux c\u00f4t\u00e9s des journalistes dans la double c\u00e9l\u00e9bration du 25\u00e8me anniversaire de l\u2019Unjci et la tenue de la 18\u00e8me  Nuit de la Communication. C\u2019est Traor\u00e9  Moussa, pr\u00e9sident de l\u2019Unjci qui avait plant\u00e9 le d\u00e9cor en disant que sa structure compte mille journalistes.   Sur sa lanc\u00e9e, il a fait un bilan rapide des 25 ans de l\u2019Unjci qui, selon lui, a gagn\u00e9 le d\u00e9fi de la confraternit\u00e9. Reste auajourd\u2019hui, celui de l\u2019am\u00e9lioration des conditions de vie et de travail du journaliste parce que dit-il, un journaliste mal r\u00e9mun\u00e9r\u00e9 est un danger pour lui-m\u00eame et pour sa nation. Puis, il a exprim\u00e9 toute sa gratitude \u00e0 tous les partenaires qui ont accept\u00e9 d\u2019accompagner l\u2019Union dans la tenue de cette 18\u00e8me Nuit de la Communication. Pour Zio Moussa, porte-parole du jury, le Prix Ebony est une marque de rigueur.  Et de d\u00e9plorer que la presse en C\u00f4te d\u2019Ivoire est anim\u00e9e que par des journalistes d\u2019opinion. <\/p>\n<p><strong>Ojpci \/ Olivier Yro \u00e9lu pr\u00e9sident<\/strong><br \/>\nLe nouveau pr\u00e9sident de l\u2019organisation des journalistes professionnels de C\u00f4te d\u2019Ivoire (Ojpci) est Olivier Yro. Il a \u00e9t\u00e9 \u00e9lu le vendredi 5 juin 2016 \u00e0 la maison de la presse, lors du 2\u00e8me Congr\u00e8s ordinaire.  Il avait en face de lui Goor\u00e9 Bi Hu\u00e9 (pr\u00e9sident sortant), L\u00e9bry L\u00e9on Francis (ancien Dg de Frat-Mat) et Ali Yoda (RTI1).  Quelques mois avant ce congr\u00e8s un bras de fer avait oppos\u00e9 le nouveau pr\u00e9sident \u00e9lu au pr\u00e9sident sortant Hu\u00e9 Goor\u00e9 Bi. Les  deux camps dont les positions \u00e9tant diam\u00e9tralement oppos\u00e9s \u00e9taient irr\u00e9conciliable, c\u2019est le minist\u00e8re de la Communication qui a fix\u00e9 la date du Congr\u00e8s et l\u2019organis\u00e9. <\/p>\n<p>M.Ouattara<\/p>\n","protected":false},"excerpt":{"rendered":"<p>La vie culturelle de l\u2019ann\u00e9e 2016 a \u00e9t\u00e9 ponctu\u00e9e par des \u00e9v\u00e9nements dont L\u2019Intelligent d\u2019Abidjan fait un r\u00e9capitulatif (Acte 2). La 9\u00e8me \u00e9dition du Masa, l\u2019\u00e9lection du pr\u00e9sident de l\u2019union nationale des journalistes de C\u00f4te d\u2019Ivoire, le meilleur journaliste de C\u00f4te d\u2019Ivoire 2016 et le congr\u00e8s \u00e9lectif de l\u2019organisation des journalistes professionnels de C\u00f4te d\u2019Ivoire.<\/p>\n","protected":false},"author":2,"featured_media":0,"comment_status":"closed","ping_status":"closed","sticky":false,"template":"","format":"standard","meta":{"_monsterinsights_skip_tracking":false,"_monsterinsights_sitenote_active":false,"_monsterinsights_sitenote_note":"","_monsterinsights_sitenote_category":0,"footnotes":""},"categories":[3],"tags":[],"class_list":["post-2163","post","type-post","status-publish","format-standard","hentry","category-societe"],"_links":{"self":[{"href":"https:\/\/www.lintelligentdabidjan.info\/news\/wp-json\/wp\/v2\/posts\/2163","targetHints":{"allow":["GET"]}}],"collection":[{"href":"https:\/\/www.lintelligentdabidjan.info\/news\/wp-json\/wp\/v2\/posts"}],"about":[{"href":"https:\/\/www.lintelligentdabidjan.info\/news\/wp-json\/wp\/v2\/types\/post"}],"author":[{"embeddable":true,"href":"https:\/\/www.lintelligentdabidjan.info\/news\/wp-json\/wp\/v2\/users\/2"}],"replies":[{"embeddable":true,"href":"https:\/\/www.lintelligentdabidjan.info\/news\/wp-json\/wp\/v2\/comments?post=2163"}],"version-history":[{"count":1,"href":"https:\/\/www.lintelligentdabidjan.info\/news\/wp-json\/wp\/v2\/posts\/2163\/revisions"}],"predecessor-version":[{"id":2164,"href":"https:\/\/www.lintelligentdabidjan.info\/news\/wp-json\/wp\/v2\/posts\/2163\/revisions\/2164"}],"wp:attachment":[{"href":"https:\/\/www.lintelligentdabidjan.info\/news\/wp-json\/wp\/v2\/media?parent=2163"}],"wp:term":[{"taxonomy":"category","embeddable":true,"href":"https:\/\/www.lintelligentdabidjan.info\/news\/wp-json\/wp\/v2\/categories?post=2163"},{"taxonomy":"post_tag","embeddable":true,"href":"https:\/\/www.lintelligentdabidjan.info\/news\/wp-json\/wp\/v2\/tags?post=2163"}],"curies":[{"name":"wp","href":"https:\/\/api.w.org\/{rel}","templated":true}]}}