{"id":21671,"date":"2020-07-05T14:07:42","date_gmt":"2020-07-05T12:07:42","guid":{"rendered":"https:\/\/www.lintelligentdabidjan.info\/news\/?p=21671"},"modified":"2020-07-05T14:11:31","modified_gmt":"2020-07-05T12:11:31","slug":"%ef%bb%bfexclusif-72-heures-a-paris-avec-ble-goude-qui-livre-ses-impressions-akossi-bendjotgv-thalys-sery-zokou-courneuve","status":"publish","type":"post","link":"https:\/\/www.lintelligentdabidjan.info\/news\/%ef%bb%bfexclusif-72-heures-a-paris-avec-ble-goude-qui-livre-ses-impressions-akossi-bendjotgv-thalys-sery-zokou-courneuve\/","title":{"rendered":"\ufeffExclusif-72 heures \u00e0 Paris avec Bl\u00e9 Goud\u00e9 qui livre ses impressions (Akossi Bendjo,TGV Thalys, Sery Zokou, Courneuve)"},"content":{"rendered":"<p><em><strong>Du jeudi 02 juillet au samedi 04 juillet 2020, Charles Bl\u00e9 Goud\u00e9 a s\u00e9journ\u00e9 dans la capitale fran\u00e7aise, \u00e0 l\u2019occasion de l\u2019inhumation de sa s\u0153ur Nathalie Monoko n\u00e9e Gn\u00e9po d\u00e9c\u00e9d\u00e9e le 9 juin 2020 dernier dans la r\u00e9gion parisienne. Chronique des 72 heures parisiennes de l\u2019ancien cod\u00e9tenu de Laurent Gbagbo.<\/strong><\/em><\/p>\n<p><strong>[ Jeudi 02 juillet 2020, un peu avant 12 heures\u2026] <\/strong><\/p>\n<p>Le TGV Thalys en provenance de Rotterdam (Pays-Bas) fait son entr\u00e9e en gare du Nord \u00e0 Paris. En descendent l\u2019avocat Ma\u00eetre Zokou S\u00e9ri et Charles Bl\u00e9 Goud\u00e9. Au sein de l\u2019immense gare parisienne, le pas press\u00e9, les deux hommes esp\u00e9raient passer inaper\u00e7us, mais au bout de quelques minutes, Charles Bl\u00e9 Goud\u00e9 se fait h\u00e9ler par deux agents de s\u00e9curit\u00e9 d\u2019origine africaine qu\u2019il salue vite fait d\u2019un geste de la main. D\u2019autres passant le d\u00e9visagent mais n\u2019osent pas. <\/p>\n<p>En raison des mesures de distanciation physiques, le temps d\u2019attente au niveau de la borne des taxis est un peu plus qu\u2019avant la pand\u00e9mie de la Covid 19. Un chauffeur d\u2019origine camerounaise l\u2019ayant rep\u00e9r\u00e9 dans le rang laisse passer son tour de sorte \u00e0 pouvoir prendre en course l\u2019ancien leader de la galaxie patriotique ivoirienne. C\u2019est dans le vieux quartier du sixi\u00e8me arrondissement parisien que Charles Bl\u00e9 Goud\u00e9 s\u2019installe.<\/p>\n<p>Dans la soir\u00e9e, c\u2019est au domicile de sa d\u00e9funte s\u0153ur \u00e0 la Courneuve (banlieue nord de Paris) qu\u2019il se rend pour participer \u00e0 la derni\u00e8re veill\u00e9e fun\u00e8bre\u2026Un moment m\u00eal\u00e9 \u00e0 la fois de pleurs et de joie de parents et proches.<br \/>\n<strong><br \/>\n[ Vendredi 03 juillet 2020, 14h30 ]<\/strong><\/p>\n<p>Charles Bl\u00e9 Goud\u00e9 est au cimeti\u00e8re de la Courneuve aux c\u00f4t\u00e9s de son avocat Zokou S\u00e9ri pour enterrer sa s\u0153ur. Apr\u00e8s l\u2019inhumation, suivra la c\u00e9r\u00e9monie de libations fun\u00e9raires qui s\u2019est faite \u00e9galement au domicile de feue Monoko. Install\u00e9 au centre des historiques b\u00e2tisses de type haussmannien, Charles Bl\u00e9 Goud\u00e9 enfile les rencontres familiales, amicales et aussi politiques. <\/p>\n<p>\u00ab La France m\u2019a autoris\u00e9 \u00e0 venir \u00e0 Paris, et la Cour p\u00e9nale internationale est au courant. J\u2019ai tout simplement demand\u00e9 aux autorit\u00e9s fran\u00e7aises \u00e0 me permettre de venir enterrer ma s\u0153ur sur leur territoire ; ce qu\u2019elles m\u2019ont simplement accord\u00e9 sans conditions. Au demeurant, la France fait partie des 123 pays dans lesquels je peux s\u00e9journer depuis la r\u00e9vocation de certaines restrictions li\u00e9es \u00e0 ma condition par la Chambre d\u2019Appel de la CPI. C\u2019est donc en homme libre que je suis \u00e0 Paris. Je suis ici en France dans un cadre strictement familial \u00bba r\u00e9pondu le pr\u00e9sident du COJEP. <\/p>\n<p><img loading=\"lazy\" decoding=\"async\" src=\"https:\/\/www.lintelligentdabidjan.info\/news\/wp-content\/uploads\/2020\/07\/seo-300x185.jpg\" alt=\"seo\" width=\"300\" height=\"185\" class=\"alignnone size-medium wp-image-21675\" srcset=\"https:\/\/www.lintelligentdabidjan.info\/news\/wp-content\/uploads\/2020\/07\/seo-300x185.jpg 300w, https:\/\/www.lintelligentdabidjan.info\/news\/wp-content\/uploads\/2020\/07\/seo-768x473.jpg 768w, https:\/\/www.lintelligentdabidjan.info\/news\/wp-content\/uploads\/2020\/07\/seo-1024x630.jpg 1024w, https:\/\/www.lintelligentdabidjan.info\/news\/wp-content\/uploads\/2020\/07\/seo-356x220.jpg 356w, https:\/\/www.lintelligentdabidjan.info\/news\/wp-content\/uploads\/2020\/07\/seo-696x428.jpg 696w, https:\/\/www.lintelligentdabidjan.info\/news\/wp-content\/uploads\/2020\/07\/seo-1068x657.jpg 1068w, https:\/\/www.lintelligentdabidjan.info\/news\/wp-content\/uploads\/2020\/07\/seo-682x420.jpg 682w, https:\/\/www.lintelligentdabidjan.info\/news\/wp-content\/uploads\/2020\/07\/seo.jpg 1600w\" sizes=\"auto, (max-width: 300px) 100vw, 300px\" \/><\/p>\n<p>Dans la nuit du vendredi 03 juillet 2020 ; entre 22 heures et minuit, Charles Bl\u00e9 Goud\u00e9 a rencontr\u00e9 No\u00ebl Akossi Bendjo \u00e0 ses appartements situ\u00e9s dans le 16\u00e8me arrondissement de la capitale fran\u00e7aise. Il s\u2019en est expliqu\u00e9 :\u00ab Il est vrai que Akossi Bendjo est une personnalit\u00e9 politique de premier plan, mais je suis all\u00e9 lui dire merci pour avoir soutenu les miens et moi lors de ce deuil. Il s\u2019est personnellement d\u00e9plac\u00e9 pour participer \u00e0 la veill\u00e9e fun\u00e8bre le samedi 27 juin 2020 dJe suis all\u00e9 lui dire merci pour son geste d\u2019humanit\u00e9 \u00bb.<\/p>\n<p><strong>[ Samedi 04 juillet 2020\u2026] <\/strong><\/p>\n<p>Le d\u00e9but d\u2019apr\u00e8s-midi de sa derni\u00e8re journ\u00e9e dans la capitale fran\u00e7aise a \u00e9t\u00e9 rempli par des rencontres avec les responsables de sa formation politique et des proches de la famille. C\u2019est aux environs de 18 heures que Charles Bl\u00e9 Goud\u00e9 toujours flanqu\u00e9 de son avocat Zokou S\u00e9ri, est apparu \u00e0 la gare du Nord, \u00e0 Paris. L\u00e0 encore, il est d\u00e9visag\u00e9, h\u00e9l\u00e9 et harcel\u00e9 par certains admirateurs pour des photos\u2026 A 18h30, les deux hommes s\u2019engouffrent dans le Thalys qui quitte la gare cinq minutes plus tard.<\/p>\n<p><strong><br \/>\nJean-Paul Oro \u00e0 Paris<\/strong><\/p>\n","protected":false},"excerpt":{"rendered":"<p>Du jeudi 02 juillet au samedi 04 juillet 2020, Charles Bl\u00e9 Goud\u00e9 a s\u00e9journ\u00e9 dans la capitale fran\u00e7aise, \u00e0 l\u2019occasion de l\u2019inhumation de sa s\u0153ur Nathalie Monoko n\u00e9e Gn\u00e9po d\u00e9c\u00e9d\u00e9e le 9 juin 2020 dernier dans la r\u00e9gion parisienne. Chronique des 72 heures parisiennes de l\u2019ancien cod\u00e9tenu de Laurent Gbagbo. [ Jeudi 02 juillet 2020, [&hellip;]<\/p>\n","protected":false},"author":3,"featured_media":21672,"comment_status":"closed","ping_status":"closed","sticky":false,"template":"","format":"standard","meta":{"_monsterinsights_skip_tracking":false,"_monsterinsights_sitenote_active":false,"_monsterinsights_sitenote_note":"","_monsterinsights_sitenote_category":0,"footnotes":""},"categories":[2,1,3],"tags":[],"class_list":["post-21671","post","type-post","status-publish","format-standard","has-post-thumbnail","hentry","category-featured","category-actualites","category-societe"],"_links":{"self":[{"href":"https:\/\/www.lintelligentdabidjan.info\/news\/wp-json\/wp\/v2\/posts\/21671","targetHints":{"allow":["GET"]}}],"collection":[{"href":"https:\/\/www.lintelligentdabidjan.info\/news\/wp-json\/wp\/v2\/posts"}],"about":[{"href":"https:\/\/www.lintelligentdabidjan.info\/news\/wp-json\/wp\/v2\/types\/post"}],"author":[{"embeddable":true,"href":"https:\/\/www.lintelligentdabidjan.info\/news\/wp-json\/wp\/v2\/users\/3"}],"replies":[{"embeddable":true,"href":"https:\/\/www.lintelligentdabidjan.info\/news\/wp-json\/wp\/v2\/comments?post=21671"}],"version-history":[{"count":3,"href":"https:\/\/www.lintelligentdabidjan.info\/news\/wp-json\/wp\/v2\/posts\/21671\/revisions"}],"predecessor-version":[{"id":21676,"href":"https:\/\/www.lintelligentdabidjan.info\/news\/wp-json\/wp\/v2\/posts\/21671\/revisions\/21676"}],"wp:featuredmedia":[{"embeddable":true,"href":"https:\/\/www.lintelligentdabidjan.info\/news\/wp-json\/wp\/v2\/media\/21672"}],"wp:attachment":[{"href":"https:\/\/www.lintelligentdabidjan.info\/news\/wp-json\/wp\/v2\/media?parent=21671"}],"wp:term":[{"taxonomy":"category","embeddable":true,"href":"https:\/\/www.lintelligentdabidjan.info\/news\/wp-json\/wp\/v2\/categories?post=21671"},{"taxonomy":"post_tag","embeddable":true,"href":"https:\/\/www.lintelligentdabidjan.info\/news\/wp-json\/wp\/v2\/tags?post=21671"}],"curies":[{"name":"wp","href":"https:\/\/api.w.org\/{rel}","templated":true}]}}