{"id":21814,"date":"2020-07-12T15:46:25","date_gmt":"2020-07-12T13:46:25","guid":{"rendered":"https:\/\/www.lintelligentdabidjan.info\/news\/?p=21814"},"modified":"2020-07-12T17:17:05","modified_gmt":"2020-07-12T15:17:05","slug":"ouattara-duncan-cest-vraiment-fini-la-cote-divoire-na-plus-de-vice-president-protocole-detat","status":"publish","type":"post","link":"https:\/\/www.lintelligentdabidjan.info\/news\/ouattara-duncan-cest-vraiment-fini-la-cote-divoire-na-plus-de-vice-president-protocole-detat\/","title":{"rendered":"Ouattara-Duncan c\u2019est vraiment fini : la C\u00f4te d\u2019Ivoire n\u2019a plus de vice-pr\u00e9sident (Protocole d\u2019\u00c9tat)"},"content":{"rendered":"<p><em><strong>Comme d\u00e9j\u00e0 r\u00e9v\u00e9l\u00e9 par notre confr\u00e8re <a href=\"https:\/\/cutt.ly\/8pQv6uW\" target=\"_blank\">Afrikipresse<\/a>, la rupture politique et m\u00eame affective est vraiment effective entre le Pr\u00e9sident de la R\u00e9publique Alassane Ouattara et le vice-pr\u00e9sident de la R\u00e9publique, Daniel Kablan Duncan.<\/strong><\/em><\/p>\n<p>La C\u00f4te d\u2019Ivoire n\u2019a plus de Premier ministre en exercice, en t\u00e9moigne un communiqu\u00e9 du Protocole d\u2019\u00c9tat que la RTI vient de lire dans le journal de 13:00, du dimanche 12 juillet 2020, relativement au programmer officiel des obs\u00e8ques du Premier ministre Amadou Gon Coulibaly.<\/p>\n<p>Comme dans le communiqu\u00e9 paru dans le quotidien Fraternit\u00e9 matin, la fonction du vice-pr\u00e9sident de la R\u00e9publique n\u2019est pas mentionn\u00e9e dans le communiqu\u00e9 sign\u00e9 pace 12 juillet 2020, par Directeur G\u00e9n\u00e9ral du Protocole d\u2019\u00c9tat, l\u2019Ambassadeur Hypolite K. Y\u00e9bou\u00e9. En clair , le Protocole d\u2018\u00c9tat n\u2019a pas invit\u00e9 Daniel Kablan Duncan en qualit\u00e9 de vice-pr\u00e9sident en exercice ou en fonction. Toutefois, le natif de Ouell\u00e9 et d\u00e9put\u00e9 de Bassam pourrait \u00eatre pr\u00e9sent \u00e0 la c\u00e9r\u00e9monie en qualit\u00e9 d\u2019ancien pr\u00e9sident d\u2019institution, dont mention a \u00e9t\u00e9 faite express\u00e9ment.<\/p>\n<p>Ainsi les Premiers ministres Diarra, Banny, Affi, l\u2019ex Pr\u00e9sident de la CEI, Youssouf Bakayoko, sans oublier l\u2019ex vice-pr\u00e9sident Daniel Kablan Duncan, et bien d\u2019autres sont invit\u00e9s \u00e0 la c\u00e9r\u00e9monie officielle et solennelle d\u2019hommage \u00e0 Son excellence Amadou Gon Coulibaly. \u00c0 noter \u00e9galement que les membres du cabinet du vice pr\u00e9sident ne sont pas convi\u00e9s. Ci dessous le communiqu\u00e9 du Protocole d\u2019\u00c9tat.<\/p>\n<p><strong>\u00ab COMMUNIQU\u00c9 DE LA DIRECTION GENERALE DU PROTOCOLE D\u2019ETAT<\/strong><\/p>\n<p>Les personnalit\u00e9s Civiles et Militaires ci-apr\u00e8s, sont convi\u00e9es \u00e0 la C\u00e9r\u00e9monie d\u2019Hommages de la Nation au Premier Ministre Amadou Gon COULIBALY, qui aura lieu le mardi 14<br \/>\njuillet 2020 \u00e0 partir de 9 heures sur l\u2019Esplanade du Palais de la Pr\u00e9sidence de la R\u00e9publique<br \/>\nCe sont :<\/p>\n<p>1- Monsieur le Pr\u00e9sident de l\u2019Assembl\u00e9e Nationale ;<br \/>\n2- Monsieur le Pr\u00e9sident du S\u00e9nat ;<br \/>\n3- Mesdames et Messieurs les Pr\u00e9sidents des Institutions ;<br \/>\n4- Messieurs les anciens Premiers Ministres et anciens Pr\u00e9sidents d\u2019Institutions ;<br \/>\n5- Monsieur le Ministre d\u2019\u00c9tat ;<br \/>\n6- Mesdames et Messieurs les Ministres ;<br \/>\n7- Monsieur le Directeur de Cabinet du Pr\u00e9sident de la R\u00e9publique ;<br \/>\n8- Monsieur le Directeur de Cabinet du Premier Ministre ;<br \/>\n9- Madame le Secr\u00e9taire G\u00e9n\u00e9ral du Gouvernement ;<br \/>\n10- Madame et Messieurs les Secr\u00e9taires d\u2019\u00c9tat ;<br \/>\n11- Mesdames et Messieurs les Ambassadeurs et Repr\u00e9sentants des Organisations Internationales ;<br \/>\n12- Mesdames et Messieurs les Conseillers Sp\u00e9ciaux \u00e0 la Pr\u00e9sidence de la R\u00e9publique ;<br \/>\n13- Madame et Messieurs les Directeurs de Cabinet des Ministres \u00e0 la Pr\u00e9sidence de la R\u00e9publique ;<br \/>\n14- Mesdames et Messieurs les Directeurs, et Conseillers \u00e0 la Pr\u00e9sidence de la R\u00e9publique ;<br \/>\n15- Monsieur le Chef de Cabinet du Pr\u00e9sident de la R\u00e9publique ;<br \/>\n16- Messieurs les Directeurs de Cabinet Adjoints du Premier Ministre ;<br \/>\n17- Monsieur le Secr\u00e9taire G\u00e9n\u00e9ral Adjoint du Gouvernement ;<br \/>\n18- Monsieur le Secr\u00e9taire G\u00e9n\u00e9ral du Minist\u00e8re des Affaires \u00c9trang\u00e8res ;<br \/>\n19- Les repr\u00e9sentants des Bureaux des Institutions de la R\u00e9publique \u00e0 raison de deux (02) repr\u00e9sentants par Institution ;<br \/>\n20- Monsieur le Pr\u00e9fet d\u2019Abidjan ;<br \/>\n21- Monsieur le Pr\u00e9sident de l\u2019Acad\u00e9mie des Sciences, des Arts et des Cultures d\u2019Afrique et des Diasporas (ASCAD) ;<br \/>\n22- Monsieur le G\u00e9n\u00e9ral de Corps d\u2019Arm\u00e9e, Chef d\u2019\u00c9tat-major G\u00e9n\u00e9ral des Arm\u00e9es ;<br \/>\n\u2022 Monsieur le G\u00e9n\u00e9ral de Division, Commandant Sup\u00e9rieur de la Gendarmerie Nationale ;<br \/>\n\u2022 Monsieur l\u2019Inspecteur G\u00e9n\u00e9ral, Directeur G\u00e9n\u00e9ral de la Police Nationale ;<br \/>\n\u2022 Monsieur le Chef d\u2019\u00c9tat-major Particulier du Pr\u00e9sident de la R\u00e9publique ;<br \/>\n\u2022 Messieurs les Directeurs G\u00e9n\u00e9raux, des Douanes et des Affaires Maritimes et Portuaires;<br \/>\n\u2022 Madame la Directrice G\u00e9n\u00e9rale des For\u00eats et de la Faune ;<br \/>\n23- Monsieur le Pr\u00e9sident de la Haute Autorit\u00e9 de la Communication Audiovisuelle ;<br \/>\n24- Madame la Pr\u00e9sidente du Conseil National des Droits de l\u2019Homme ;<br \/>\n25- Monsieur le Pr\u00e9sident de l\u2019Autorit\u00e9 Nationale de la Presse ;<br \/>\n26- Messieurs les Pr\u00e9sidents des Autorit\u00e9s de R\u00e9gulation ;<br \/>\n27- Messieurs les Maires du District d\u2019Abidjan ;<br \/>\n28- Madame et Messieurs les Pr\u00e9sidents des Universit\u00e9s Publiques ;<br \/>\n29- Messieurs les Pr\u00e9sidents des Chambres Consulaires ;<br \/>\n30- Mesdames et Messieurs les Pr\u00e9sidents des Conseils d\u2019Administration et Directeurs G\u00e9n\u00e9raux des Entreprises Publiques et Parapubliques ;<br \/>\n31- Monsieur le B\u00e2tonnier de l\u2019Ordre des Avocats ;<br \/>\n32- Mesdames et Messieurs les Pr\u00e9sidents des Ordres et Organisations professionnels ;<br \/>\n33- Mesdames et Messieurs les Pr\u00e9sidents, Secr\u00e9taires Ex\u00e9cutifs ou Secr\u00e9taires G\u00e9n\u00e9raux des Partis Politiques ;<br \/>\n34- Messieurs les Pr\u00e9sidents de la Conf\u00e9d\u00e9ration G\u00e9n\u00e9rale des Entreprises de C\u00f4te d\u2019Ivoire (CGECI) et de la F\u00e9d\u00e9ration Ivoiriennes des Petites et Moyennes Entreprises (FIPME);<br \/>\n35- Messieurs les Pr\u00e9sidents ou Secr\u00e9taires G\u00e9n\u00e9raux des Centrales Syndicales (UGTCI \u2013 DIGNITE \u2013 FESACI &#8211; UNATRCI &#8211; HUMANISME)<br \/>\n36- Messieurs les Repr\u00e9sentants du Directoire de la Chambre Nationale des Rois et Chefs Traditionnels ;<br \/>\n37- Monsieur le Pr\u00e9sident et 05 membres du Forum des Confessions Religieuses ;<br \/>\n38- Monsieur le Pr\u00e9sident et 05 membres du Conseil Sup\u00e9rieur des Imams (COSIM) ;<br \/>\n39- Dix (10) Repr\u00e9sentants des Organisations de la Soci\u00e9t\u00e9 Civile ;<br \/>\n40- La F\u00e9d\u00e9ration Nationale des Soci\u00e9t\u00e9s Coop\u00e9ratives de Vivriers de C\u00f4te d\u2019Ivoire ;<br \/>\n41- La F\u00e9d\u00e9ration Nationale des Commer\u00e7ants de C\u00f4te d\u2019Ivoire ;<br \/>\n42- Dix (10) Repr\u00e9sentants des Mouvements et Organisations de Jeunesse ;<\/p>\n<p>\u25aa Cartes d\u2019Acc\u00e8s obligatoires, \u00e0 retirer \u00e0 la Direction G\u00e9n\u00e9rale du Protocole d\u2019\u00c9tat (Minist\u00e8re des Affaires \u00c9trang\u00e8res) le lundi 13 juillet 2020 \u00e0 partir de 7H30<\/p>\n<p>\u25aa La mise en place sur l\u2019esplanade du Palais Pr\u00e9sidentiel d\u00e9butera \u00e0 7H00 et prendra fin \u00e0 08 H 30 minutes, horaires de rigueur \u00bb.<\/p>\n<p>Lire l&#8217;article sur Afrikipresse:<a href=\"https:\/\/cutt.ly\/8pQv6uW\" target=\"_blank\"> https:\/\/cutt.ly\/8pQv6uW<\/a><\/p>\n<p><strong>La r\u00e9daction <\/strong><\/p>\n","protected":false},"excerpt":{"rendered":"<p>Comme d\u00e9j\u00e0 r\u00e9v\u00e9l\u00e9 par notre confr\u00e8re Afrikipresse, la rupture politique et m\u00eame affective est vraiment effective entre le Pr\u00e9sident de la R\u00e9publique Alassane Ouattara et le vice-pr\u00e9sident de la R\u00e9publique, Daniel Kablan Duncan. La C\u00f4te d\u2019Ivoire n\u2019a plus de Premier ministre en exercice, en t\u00e9moigne un communiqu\u00e9 du Protocole d\u2019\u00c9tat que la RTI vient de [&hellip;]<\/p>\n","protected":false},"author":3,"featured_media":21801,"comment_status":"closed","ping_status":"closed","sticky":false,"template":"","format":"standard","meta":{"_monsterinsights_skip_tracking":false,"_monsterinsights_sitenote_active":false,"_monsterinsights_sitenote_note":"","_monsterinsights_sitenote_category":0,"footnotes":""},"categories":[2,17],"tags":[],"class_list":["post-21814","post","type-post","status-publish","format-standard","has-post-thumbnail","hentry","category-featured","category-politique"],"_links":{"self":[{"href":"https:\/\/www.lintelligentdabidjan.info\/news\/wp-json\/wp\/v2\/posts\/21814","targetHints":{"allow":["GET"]}}],"collection":[{"href":"https:\/\/www.lintelligentdabidjan.info\/news\/wp-json\/wp\/v2\/posts"}],"about":[{"href":"https:\/\/www.lintelligentdabidjan.info\/news\/wp-json\/wp\/v2\/types\/post"}],"author":[{"embeddable":true,"href":"https:\/\/www.lintelligentdabidjan.info\/news\/wp-json\/wp\/v2\/users\/3"}],"replies":[{"embeddable":true,"href":"https:\/\/www.lintelligentdabidjan.info\/news\/wp-json\/wp\/v2\/comments?post=21814"}],"version-history":[{"count":8,"href":"https:\/\/www.lintelligentdabidjan.info\/news\/wp-json\/wp\/v2\/posts\/21814\/revisions"}],"predecessor-version":[{"id":21824,"href":"https:\/\/www.lintelligentdabidjan.info\/news\/wp-json\/wp\/v2\/posts\/21814\/revisions\/21824"}],"wp:featuredmedia":[{"embeddable":true,"href":"https:\/\/www.lintelligentdabidjan.info\/news\/wp-json\/wp\/v2\/media\/21801"}],"wp:attachment":[{"href":"https:\/\/www.lintelligentdabidjan.info\/news\/wp-json\/wp\/v2\/media?parent=21814"}],"wp:term":[{"taxonomy":"category","embeddable":true,"href":"https:\/\/www.lintelligentdabidjan.info\/news\/wp-json\/wp\/v2\/categories?post=21814"},{"taxonomy":"post_tag","embeddable":true,"href":"https:\/\/www.lintelligentdabidjan.info\/news\/wp-json\/wp\/v2\/tags?post=21814"}],"curies":[{"name":"wp","href":"https:\/\/api.w.org\/{rel}","templated":true}]}}