{"id":21942,"date":"2020-07-23T00:03:54","date_gmt":"2020-07-22T22:03:54","guid":{"rendered":"https:\/\/www.lintelligentdabidjan.info\/news\/?p=21942"},"modified":"2020-07-23T00:35:03","modified_gmt":"2020-07-22T22:35:03","slug":"presidentielle-doctobre-2020-ce-que-les-elus-et-cadres-du-tchologo-de-la-bagoue-et-du-poro-attendent-de-ouattara","status":"publish","type":"post","link":"https:\/\/www.lintelligentdabidjan.info\/news\/presidentielle-doctobre-2020-ce-que-les-elus-et-cadres-du-tchologo-de-la-bagoue-et-du-poro-attendent-de-ouattara\/","title":{"rendered":"Pr\u00e9sidentielle d&#8217;octobre 2020: Ce que les \u00e9lus et cadres du Tchologo, de la Bagou\u00e9 et du Poro attendent de Ouattara"},"content":{"rendered":"<p><em><strong>Les \u00e9lus et cadres des r\u00e9gions du Tchologo, du Poro et de la Bagou\u00e9 ont, dans une d\u00e9claration appel\u00e9e &#8220;D\u00e9claration de Korhogo&#8221;, lue le mardi 21 juillet 2020 \u00e0 la rue Lepic, par la ministre Mariatou Kon\u00e9, demand\u00e9 au Pr\u00e9sident Alassane Ouattara d&#8217;accepter d&#8217;\u00eatre le candidat du RHDP, le 31 octobre prochain.<\/strong><\/em><\/p>\n<p>Dans la d\u00e9claration r\u00e9dig\u00e9e \u00e0 Korhogo le samedi 18 juillet dernier, Mme Mariatou Kon\u00e9 a donn\u00e9 les raisons du choix des \u00e9lus et cadres des r\u00e9gions du Tchologo, du Poro et de la Bagou\u00e9 :&#8221;Le Premier ministre Amadou Gon Coulibaly, notre fr\u00e8re, nous a quitt\u00e9s le 8 juillet 2020. Gr\u00e2ce au leadership de SEM Alassane Ouattara, Pr\u00e9sident de la R\u00e9publique, chef de l&#8217;\u00c9tat, la Nation et le monde entier ont r\u00e9serv\u00e9 \u00e0 notre fr\u00e8re des obs\u00e8ques d&#8217;un grand homme. Au terme de ces obs\u00e8ques, nous  \u00e9lus et cadres des r\u00e9gions de la Bagou\u00e9, du Poro et du Tchologo, malgr\u00e9 la profonde douleur qui nous \u00e9treints en ce moment, r\u00e9it\u00e9rons nos condol\u00e9ances attrist\u00e9es au Pr\u00e9sident Alassane Ouattara et prions le Seigneur de lui donner les ressources n\u00e9cessaires pour supporter cette terrible \u00e9preuve impos\u00e9e par le destin, marquons toutefois notre grande inqui\u00e9tude face au vide cr\u00e9\u00e9 par la subite disparition de notre fr\u00e8re et la difficult\u00e9 de pourvoir \u00e0 son remplacement, \u00e0 trois mois de l&#8217;\u00e9ch\u00e9ance \u00e9lectorale pr\u00e9sidentielle du 31 octobre 2020 ; indiquons qu&#8217;il est n\u00e9cessaire pour notre pays, la C\u00f4te d&#8217;Ivoire, de pr\u00e9server les acquis du d\u00e9veloppement r\u00e9alis\u00e9s sous la gouvernance de SEM  le Pr\u00e9sident de la R\u00e9publique, qui font de notre pays l&#8217;un des plus en progr\u00e8s dans le monde ; demandons en cons\u00e9quence \u00e0 SEM Alassane Ouattara, nonobstant son annonce solennelle du 5 mars 2020 sur l&#8217;\u00e9tat de la Nation, devant les deux Chambres du Parlement, de ne pas \u00eatre candidat \u00e0 l&#8217;\u00e9lection pr\u00e9sidentielle du 31 octobre et de transf\u00e9rer le pouvoir \u00e0 une jeune g\u00e9n\u00e9ration, de faire violence sur lui-m\u00eame et de reconsid\u00e9rer sa position, afin d&#8217;accepter d&#8217;\u00eatre le candidat du RHDP \u00e0 l&#8217;\u00e9lection pr\u00e9sidentielle du 31 octobre 2020, pour la paix, la stabilit\u00e9 et l&#8217;\u00e9mergence de la C\u00f4te d&#8217;Ivoire&#8221;. Les \u00e9lus et cadres de ces trois r\u00e9gions, dont les ministres Issa Coulibaly, Gilbert Kon\u00e9 Kafana et Kandia Camara, le directeur g\u00e9n\u00e9ral du Conseil du caf\u00e9-cacao, Yves Brahima Kon\u00e9, le doyen Kon\u00e9 Ti\u00e9moko Yad\u00e9, ont remerci\u00e9 le Pr\u00e9sident Alassane Ouattara pour son implication et sa pr\u00e9sence effective aux obs\u00e8ques de son \u00ab fils \u00bb Amadou Gon Coulibaly : &#8221; Nous exprimons  notre profonde reconnaissance \u00e0 SEM le Pr\u00e9sident de la R\u00e9publique d&#8217;avoir adopt\u00e9 notre fr\u00e8re en tant que fils, de l&#8217;avoir form\u00e9 pour en faire un grand homme d&#8217;\u00c9tat et de l&#8217;avoir accompagn\u00e9 durant toute sa vie de son affection et de son soutien, en toutes circonstances ; disons infiniment merci au chef de l&#8217;\u00c9tat pour les obs\u00e8ques nationales et internationales r\u00e9serv\u00e9es \u00e0 notre fr\u00e8re, pour son implication directe et sa participation effective \u00e0 toutes les \u00e9tapes des fun\u00e9railles ; r\u00e9it\u00e9rons nos infinis remerciements au Pr\u00e9sident de la R\u00e9publique d&#8217;avoir soutenu fermement le choix du RHDP d\u00e9signant note fr\u00e8re pour lui succ\u00e9der \u00e0 la t\u00eate de l&#8217;\u00c9tat&#8221;.<br \/>\n<strong><br \/>\nOlivier Dion<\/strong><\/p>\n","protected":false},"excerpt":{"rendered":"<p>Les \u00e9lus et cadres des r\u00e9gions du Tchologo, du Poro et de la Bagou\u00e9 ont, dans une d\u00e9claration appel\u00e9e &#8220;D\u00e9claration de Korhogo&#8221;, lue le mardi 21 juillet 2020 \u00e0 la rue Lepic, par la ministre Mariatou Kon\u00e9, demand\u00e9 au Pr\u00e9sident Alassane Ouattara d&#8217;accepter d&#8217;\u00eatre le candidat du RHDP, le 31 octobre prochain. Dans la d\u00e9claration [&hellip;]<\/p>\n","protected":false},"author":3,"featured_media":21957,"comment_status":"closed","ping_status":"closed","sticky":false,"template":"","format":"standard","meta":{"footnotes":""},"categories":[2,17],"tags":[],"class_list":["post-21942","post","type-post","status-publish","format-standard","has-post-thumbnail","hentry","category-featured","category-politique"],"_links":{"self":[{"href":"https:\/\/www.lintelligentdabidjan.info\/news\/wp-json\/wp\/v2\/posts\/21942","targetHints":{"allow":["GET"]}}],"collection":[{"href":"https:\/\/www.lintelligentdabidjan.info\/news\/wp-json\/wp\/v2\/posts"}],"about":[{"href":"https:\/\/www.lintelligentdabidjan.info\/news\/wp-json\/wp\/v2\/types\/post"}],"author":[{"embeddable":true,"href":"https:\/\/www.lintelligentdabidjan.info\/news\/wp-json\/wp\/v2\/users\/3"}],"replies":[{"embeddable":true,"href":"https:\/\/www.lintelligentdabidjan.info\/news\/wp-json\/wp\/v2\/comments?post=21942"}],"version-history":[{"count":1,"href":"https:\/\/www.lintelligentdabidjan.info\/news\/wp-json\/wp\/v2\/posts\/21942\/revisions"}],"predecessor-version":[{"id":21943,"href":"https:\/\/www.lintelligentdabidjan.info\/news\/wp-json\/wp\/v2\/posts\/21942\/revisions\/21943"}],"wp:featuredmedia":[{"embeddable":true,"href":"https:\/\/www.lintelligentdabidjan.info\/news\/wp-json\/wp\/v2\/media\/21957"}],"wp:attachment":[{"href":"https:\/\/www.lintelligentdabidjan.info\/news\/wp-json\/wp\/v2\/media?parent=21942"}],"wp:term":[{"taxonomy":"category","embeddable":true,"href":"https:\/\/www.lintelligentdabidjan.info\/news\/wp-json\/wp\/v2\/categories?post=21942"},{"taxonomy":"post_tag","embeddable":true,"href":"https:\/\/www.lintelligentdabidjan.info\/news\/wp-json\/wp\/v2\/tags?post=21942"}],"curies":[{"name":"wp","href":"https:\/\/api.w.org\/{rel}","templated":true}]}}