{"id":22068,"date":"2020-08-03T01:01:50","date_gmt":"2020-08-02T23:01:50","guid":{"rendered":"https:\/\/www.lintelligentdabidjan.info\/news\/?p=22068"},"modified":"2020-08-03T01:02:09","modified_gmt":"2020-08-02T23:02:09","slug":"levee-de-fonds-de-leglise-du-christianisme-celeste-de-cote-divoire-beugre-mambe-aux-ivoiriens-faire-en-sorte-que-tout-ce-qui-peut-nous-unir-soit-notre-preoccupation","status":"publish","type":"post","link":"https:\/\/www.lintelligentdabidjan.info\/news\/levee-de-fonds-de-leglise-du-christianisme-celeste-de-cote-divoire-beugre-mambe-aux-ivoiriens-faire-en-sorte-que-tout-ce-qui-peut-nous-unir-soit-notre-preoccupation\/","title":{"rendered":"Lev\u00e9e de fonds de l\u2019\u00c9glise du christianisme C\u00e9leste de C\u00f4te d&#8217;Ivoire &#8211; Beugr\u00e9 Mamb\u00e9 aux Ivoiriens :\u201cFaire en sorte que tout ce qui peut nous unir soit notre pr\u00e9occupation\u201d"},"content":{"rendered":"<p><em><strong>L\u2019\u00c9glise du christianisme C\u00e9leste de C\u00f4te d\u2019Ivoire a organis\u00e9 le jeudi 30 juillet 2020 au district autonome d\u2019Abidjan-Plateau, une lev\u00e9e de fonds pour le lancement de sa radio en pr\u00e9sence de Beugr\u00e9 Mamb\u00e9, gouverneur du district et parrain de la c\u00e9r\u00e9monie.<\/strong><\/em><\/p>\n<p>Cette lev\u00e9e de fonds organis\u00e9e par le R\u00e9v\u00e9rend-Pasteur Edi\u00e9mou Blin Jacob, pr\u00e9sident de l\u2019\u00c9glise du christianisme C\u00e9leste, et ses fid\u00e8les, a permis de collecter plus de 3 millions de francs  pour le lancement de la radio d\u00e9nomm\u00e9e \u2018\u2019La voix d\u2019Oshoffa\u2019\u2019. Cette radio sera bas\u00e9e \u00e0 Yamoussoukro et \u00e9mettra sur la fr\u00e9quence 100.9 Mghz.<br \/>\nS\u2019adressant au pr\u00e9sident et ses fid\u00e8les, le parrain, Robert Beugr\u00e9 Mamb\u00e9 a dit : \u00ab Quand vous voulez \u00e9couter une radio, si vous n\u2019avez pas la bonne fr\u00e9quence, vous ne pouvez pas l\u2019\u00e9couter. Quand nous voulons parler \u00e0 Dieu, si nous n\u2019avons pas la bonne fr\u00e9quence, nos pri\u00e8res ne vont nulle part. Nous avons le devoir, nous Ivoiriens, de nous aimer, de nous soutenir les uns les autres, mais surtout d\u2019\u00e9viter tout ce qui peut d\u00e9ranger les Ivoiriens. Faire en sorte que tout ce qui peut nous unir soit notre pr\u00e9occupation. Dieu nous regarde. Il attend de nous des paroles d\u2019apaisement et fortes pour donner foi dans le c\u0153ur de chacune de ses cr\u00e9atures en C\u00f4te d\u2019Ivoire. Donc, la mission est grande. C\u2019est pourquoi la radio va servir de ciment entre tous ceux qui cherchent Dieu et tous ceux qui veulent honorer son nom \u00bb. Le gouverneur a \u00e9galement invit\u00e9 la communaut\u00e9 de l\u2019\u00c9glise C\u00e9leste \u00e0 prier pour la paix en C\u00f4te d\u2019Ivoire, puis de leur r\u00e9it\u00e9rer son soutien surtout dans l\u2019acquisition enti\u00e8re de la fr\u00e9quence. Il a contribu\u00e9 \u00e0 la lev\u00e9e de fonds \u00e0 hauteur d\u2019un million de francs.<\/p>\n<p>Au terme de cette c\u00e9r\u00e9monie,  le R\u00e9v\u00e9rend-Pasteur Edi\u00e9mou Blin Jacob a d\u00e9clar\u00e9 : \u00ab Je suis tr\u00e8s heureux. Aujourd\u2019hui, on a fait la lev\u00e9e de fonds pour dire qu\u2019on a d\u00e9marr\u00e9 gr\u00e2ce \u00e0 Mamb\u00e9. C\u2019est Nanan Houphou\u00ebt Boigny qui a dit qu\u2019il donne une deuxi\u00e8me religion : la paix. Et, comme c\u2019est \u00e0 Yamoussoukro que nous avons eu la fr\u00e9quence, on a pens\u00e9 \u00e0 lui pour dire \u00e0 la C\u00f4te d\u2019Ivoire \u2018\u2019nous avons eu notre radio enfin et que le christianisme C\u00e9leste n\u2019a pas encore de subvention \u00bb. Il a traduit sa reconnaissance au parrain pour tous ses soutiens dans l\u2019acquisition de la fr\u00e9quence.  La c\u00e9r\u00e9monie a pris fin par une pri\u00e8re.<\/p>\n<p><strong>MO avec KN<\/strong><\/p>\n","protected":false},"excerpt":{"rendered":"<p>L\u2019\u00c9glise du christianisme C\u00e9leste de C\u00f4te d\u2019Ivoire a organis\u00e9 le jeudi 30 juillet 2020 au district autonome d\u2019Abidjan-Plateau, une lev\u00e9e de fonds pour le lancement de sa radio en pr\u00e9sence de Beugr\u00e9 Mamb\u00e9, gouverneur du district et parrain de la c\u00e9r\u00e9monie. Cette lev\u00e9e de fonds organis\u00e9e par le R\u00e9v\u00e9rend-Pasteur Edi\u00e9mou Blin Jacob, pr\u00e9sident de l\u2019\u00c9glise [&hellip;]<\/p>\n","protected":false},"author":3,"featured_media":22069,"comment_status":"closed","ping_status":"closed","sticky":false,"template":"","format":"standard","meta":{"_monsterinsights_skip_tracking":false,"_monsterinsights_sitenote_active":false,"_monsterinsights_sitenote_note":"","_monsterinsights_sitenote_category":0,"footnotes":""},"categories":[2,3],"tags":[],"class_list":["post-22068","post","type-post","status-publish","format-standard","has-post-thumbnail","hentry","category-featured","category-societe"],"_links":{"self":[{"href":"https:\/\/www.lintelligentdabidjan.info\/news\/wp-json\/wp\/v2\/posts\/22068","targetHints":{"allow":["GET"]}}],"collection":[{"href":"https:\/\/www.lintelligentdabidjan.info\/news\/wp-json\/wp\/v2\/posts"}],"about":[{"href":"https:\/\/www.lintelligentdabidjan.info\/news\/wp-json\/wp\/v2\/types\/post"}],"author":[{"embeddable":true,"href":"https:\/\/www.lintelligentdabidjan.info\/news\/wp-json\/wp\/v2\/users\/3"}],"replies":[{"embeddable":true,"href":"https:\/\/www.lintelligentdabidjan.info\/news\/wp-json\/wp\/v2\/comments?post=22068"}],"version-history":[{"count":1,"href":"https:\/\/www.lintelligentdabidjan.info\/news\/wp-json\/wp\/v2\/posts\/22068\/revisions"}],"predecessor-version":[{"id":22070,"href":"https:\/\/www.lintelligentdabidjan.info\/news\/wp-json\/wp\/v2\/posts\/22068\/revisions\/22070"}],"wp:featuredmedia":[{"embeddable":true,"href":"https:\/\/www.lintelligentdabidjan.info\/news\/wp-json\/wp\/v2\/media\/22069"}],"wp:attachment":[{"href":"https:\/\/www.lintelligentdabidjan.info\/news\/wp-json\/wp\/v2\/media?parent=22068"}],"wp:term":[{"taxonomy":"category","embeddable":true,"href":"https:\/\/www.lintelligentdabidjan.info\/news\/wp-json\/wp\/v2\/categories?post=22068"},{"taxonomy":"post_tag","embeddable":true,"href":"https:\/\/www.lintelligentdabidjan.info\/news\/wp-json\/wp\/v2\/tags?post=22068"}],"curies":[{"name":"wp","href":"https:\/\/api.w.org\/{rel}","templated":true}]}}