{"id":22120,"date":"2020-08-05T00:43:07","date_gmt":"2020-08-04T22:43:07","guid":{"rendered":"https:\/\/www.lintelligentdabidjan.info\/news\/?p=22120"},"modified":"2020-08-05T00:44:21","modified_gmt":"2020-08-04T22:44:21","slug":"arsene-konan-coordinateur-de-lobservation-a-long-terme-notre-action-nest-pas-une-action-darbitrage","status":"publish","type":"post","link":"https:\/\/www.lintelligentdabidjan.info\/news\/arsene-konan-coordinateur-de-lobservation-a-long-terme-notre-action-nest-pas-une-action-darbitrage\/","title":{"rendered":"Ars\u00e8ne Konan, Coordinateur de l&#8217;observation \u00e0 long terme :  \u201cNotre action n&#8217;est pas une action d&#8217;arbitrage\u201d"},"content":{"rendered":"<p><em><strong>Le groupe de plaidoyer Pti a tenu une conf\u00e9rence de presse  le mercredi 29 juillet 2020 dans un h\u00f4tel d\u2019Abidjan relative \u00e0 l&#8217;observation \u00e9lectorale long terme avec l&#8217;analyse de conflits et de la r\u00e9vision de la liste \u00e9lectorale.<\/strong><\/em><\/p>\n<p>Le Coordinateur de l&#8217;observation \u00e0 long terme, Ars\u00e8ne Konan a situ\u00e9 le but de leur organisation :\u00abNotre action n&#8217;est pas une action d&#8217;arbitrage encore moins de donneur de le\u00e7on. Nous sommes de l&#8217;organisation de la soci\u00e9t\u00e9 civile alors nous attendons avoir une contribution positive, c&#8217;est pour cela en tant que citoyen nous mettons en place cette observation qui a des r\u00e9alit\u00e9s citoyennes qui s&#8217;appuient sur des membres de la communaut\u00e9 (&#8230;)On recueille des donn\u00e9es, on essaie de les analyser, de les porter au population mais cela ne s&#8217;arr\u00eate pas l\u00e0. Pour nous, une chose est d&#8217;observer et une autre est de critiquer mais il est meilleur de pouvoir faire des recommandations. Nous voulons faire bouger, faire des choses mais dans le bons sens\u00bb.<br \/>\nIls annoncent pour bient\u00f4t une plateforme de partage d&#8217;informations pour une meilleure communication des m\u00e9canismes d&#8217;alerte pr\u00e9coce avec d&#8217;autres organisations.<br \/>\nAnge Brou, porte parole du groupe de plaidoyer, pour sa part  a dit : \u00abDans  le but de renforcer les efforts du gouvernement ivoirien et de fournir aux institutions locales et nationales la l\u00e9gitimit\u00e9 et l&#8217;inclusivit\u00e9 n\u00e9cessaires pour parvenir \u00e0 une r\u00e9conciliation durable et \u00e0 une d\u00e9mocratie participative, Indigo C\u00f4te d&#8217;Ivoire, partenaire de mise en \u0153uvre du Pti( programme transition inclusion politique) soutenu par le NDI ( Institut National D\u00e9mocratique) et financ\u00e9 par l&#8217;Usaid, a entrepris relativement au cycle \u00e9lectoral de 2020 une observation \u00e0 long terme de l&#8217;environnement sociopolitique, analyse de conflits et une observation de la r\u00e9vision de la liste \u00e9lectorale de 2020(&#8230;) l&#8217;observation \u00e0 long terme , d\u00e9but\u00e9e depuis le 8juin 2020 se poursuit dans 107 d\u00e9partements et 13communes du district d&#8217;Abidjan et mobilise 120 observateurs. Quant \u00e0 l&#8217;observation de la r\u00e9vision de la liste \u00e9lectorale,  elle s&#8217;est d\u00e9roul\u00e9e sur la quasi-totalit\u00e9 du territoire national du 10 juin au 5 juillet 2020 sur 820 centres d&#8217;enr\u00f4lement r\u00e9partis sur l&#8217;ensemble du territoire national.\u00bb<\/p>\n<p><strong>TAB avec CB<\/strong><\/p>\n","protected":false},"excerpt":{"rendered":"<p>Le groupe de plaidoyer Pti a tenu une conf\u00e9rence de presse le mercredi 29 juillet 2020 dans un h\u00f4tel d\u2019Abidjan relative \u00e0 l&#8217;observation \u00e9lectorale long terme avec l&#8217;analyse de conflits et de la r\u00e9vision de la liste \u00e9lectorale. Le Coordinateur de l&#8217;observation \u00e0 long terme, Ars\u00e8ne Konan a situ\u00e9 le but de leur organisation :\u00abNotre [&hellip;]<\/p>\n","protected":false},"author":3,"featured_media":22121,"comment_status":"closed","ping_status":"closed","sticky":false,"template":"","format":"standard","meta":{"_monsterinsights_skip_tracking":false,"_monsterinsights_sitenote_active":false,"_monsterinsights_sitenote_note":"","_monsterinsights_sitenote_category":0,"footnotes":""},"categories":[2,17],"tags":[],"class_list":["post-22120","post","type-post","status-publish","format-standard","has-post-thumbnail","hentry","category-featured","category-politique"],"_links":{"self":[{"href":"https:\/\/www.lintelligentdabidjan.info\/news\/wp-json\/wp\/v2\/posts\/22120","targetHints":{"allow":["GET"]}}],"collection":[{"href":"https:\/\/www.lintelligentdabidjan.info\/news\/wp-json\/wp\/v2\/posts"}],"about":[{"href":"https:\/\/www.lintelligentdabidjan.info\/news\/wp-json\/wp\/v2\/types\/post"}],"author":[{"embeddable":true,"href":"https:\/\/www.lintelligentdabidjan.info\/news\/wp-json\/wp\/v2\/users\/3"}],"replies":[{"embeddable":true,"href":"https:\/\/www.lintelligentdabidjan.info\/news\/wp-json\/wp\/v2\/comments?post=22120"}],"version-history":[{"count":1,"href":"https:\/\/www.lintelligentdabidjan.info\/news\/wp-json\/wp\/v2\/posts\/22120\/revisions"}],"predecessor-version":[{"id":22122,"href":"https:\/\/www.lintelligentdabidjan.info\/news\/wp-json\/wp\/v2\/posts\/22120\/revisions\/22122"}],"wp:featuredmedia":[{"embeddable":true,"href":"https:\/\/www.lintelligentdabidjan.info\/news\/wp-json\/wp\/v2\/media\/22121"}],"wp:attachment":[{"href":"https:\/\/www.lintelligentdabidjan.info\/news\/wp-json\/wp\/v2\/media?parent=22120"}],"wp:term":[{"taxonomy":"category","embeddable":true,"href":"https:\/\/www.lintelligentdabidjan.info\/news\/wp-json\/wp\/v2\/categories?post=22120"},{"taxonomy":"post_tag","embeddable":true,"href":"https:\/\/www.lintelligentdabidjan.info\/news\/wp-json\/wp\/v2\/tags?post=22120"}],"curies":[{"name":"wp","href":"https:\/\/api.w.org\/{rel}","templated":true}]}}