{"id":22123,"date":"2020-08-05T00:46:02","date_gmt":"2020-08-04T22:46:02","guid":{"rendered":"https:\/\/www.lintelligentdabidjan.info\/news\/?p=22123"},"modified":"2020-08-05T01:24:23","modified_gmt":"2020-08-04T23:24:23","slug":"toumodi-apres-10-ans-a-lupci-un-cadre-de-toumodi-revient-au-pdci-rda","status":"publish","type":"post","link":"https:\/\/www.lintelligentdabidjan.info\/news\/toumodi-apres-10-ans-a-lupci-un-cadre-de-toumodi-revient-au-pdci-rda\/","title":{"rendered":"Toumodi: Apr\u00e8s 10 ans \u00e0 l&#8217;Upci, un cadre de Toumodi revient au Pdci-Rda"},"content":{"rendered":"<p><em><strong>Kouadio Yao J\u00e9r\u00f4me, cadre de Toumodi, et professeur titulaire de traditions, litt\u00e9ratures orales et par\u00e9miologie  a d\u00e9cid\u00e9 de retourner au Pdci apr\u00e8s dix pass\u00e9s \u00e0 l\u2019Upci. <\/strong><\/em><\/p>\n<p>Il donne ici les raisons de ce qu&#8217;il consid\u00e8re comme &#8221; Le retour \u00e0 la maison &#8220;. &#8221; En 2009, attir\u00e9 par l&#8217;Union Pour la C\u00f4te d&#8217;Ivoire (Upci) que Gnamien Konan et un groupe de personnes venaient de cr\u00e9er, j&#8217;\u00e9tais parti du Pdci-Rda, le parti de ma famille pour y militer. \u00c0 cette date, j&#8217;avais \u00e9t\u00e9 nomm\u00e9 par Gnamien Konan, le premier pr\u00e9sident de l&#8217;Upci comme coordonnateur du parti dans les d\u00e9partements de Toumodi et de Dj\u00e9kanou. De 2009 \u00e0 2018, j&#8217;ai ainsi \u00e9t\u00e9 coordonnateur d\u00e9partemental et secr\u00e9taire national charg\u00e9 de la culture, du tourisme et de la communication \u00e0 l&#8217;Upci. J&#8217;ai m\u00eame \u00e9t\u00e9 candidat ind\u00e9pendant aux derni\u00e8res \u00e9lections municipales dans la commune de Toumodi pour le compte de l&#8217;Upci dont le logo a \u00e9t\u00e9 confisqu\u00e9. Mais \u00e0 la fin de 2018, ne comprenant plus grand-chose \u00e0 la gestion du parti dont le nouveau pr\u00e9sident est Ma\u00eetre Soro Ibrahima apr\u00e8s la d\u00e9mission de Gnamien Konan, j&#8217;ai compris que je devenais inutile. D\u00e8s lors, j&#8217;ai d\u00e9pos\u00e9 ma lettre de d\u00e9mission aupr\u00e8s du pr\u00e9sident Soro Ibrahima, et j&#8217;ai quitt\u00e9 l&#8217;Upci. Cependant apr\u00e8s avoir observ\u00e9 la vie politique en C\u00f4te d&#8217;Ivoire, j&#8217;ai librement pris la d\u00e9cision d&#8217;entreprendre des d\u00e9marches pour retourner au Pdci-Rda que je n&#8217;avais jamais oubli\u00e9, malgr\u00e9 que je n&#8217;y militais plus. Je suis donc heureux d&#8217;\u00eatre de retour au Pdci-Rda, un parti de paix et de progr\u00e8s, ce parti qui porte l&#8217;\u00e2me de la C\u00f4te d&#8217;Ivoire en tant   \u00c9tat, en tant que nation et pays. Je suis d\u00e9sormais \u00e0 la disposition du Pdci-Rda  et de son pr\u00e9sident, le guide \u00e9clair\u00e9 le pr\u00e9sident Henri Konan B\u00e9di\u00e9. Je dis merci aux responsables du Pdci-Rda qui ont facilit\u00e9 mon retour \u00e0 la maison et mon int\u00e9gration dans la famille que j&#8217;avais momentan\u00e9ment quitt\u00e9e, mais sans l&#8217;avoir abandonn\u00e9e.&#8221; <\/p>\n<p><strong>Sosth\u00e8ne Do<\/strong><\/p>\n","protected":false},"excerpt":{"rendered":"<p>Kouadio Yao J\u00e9r\u00f4me, cadre de Toumodi, et professeur titulaire de traditions, litt\u00e9ratures orales et par\u00e9miologie a d\u00e9cid\u00e9 de retourner au Pdci apr\u00e8s dix pass\u00e9s \u00e0 l\u2019Upci. Il donne ici les raisons de ce qu&#8217;il consid\u00e8re comme &#8221; Le retour \u00e0 la maison &#8220;. &#8221; En 2009, attir\u00e9 par l&#8217;Union Pour la C\u00f4te d&#8217;Ivoire (Upci) que [&hellip;]<\/p>\n","protected":false},"author":3,"featured_media":22144,"comment_status":"closed","ping_status":"closed","sticky":false,"template":"","format":"standard","meta":{"_monsterinsights_skip_tracking":false,"_monsterinsights_sitenote_active":false,"_monsterinsights_sitenote_note":"","_monsterinsights_sitenote_category":0,"footnotes":""},"categories":[2,17],"tags":[],"class_list":["post-22123","post","type-post","status-publish","format-standard","has-post-thumbnail","hentry","category-featured","category-politique"],"_links":{"self":[{"href":"https:\/\/www.lintelligentdabidjan.info\/news\/wp-json\/wp\/v2\/posts\/22123","targetHints":{"allow":["GET"]}}],"collection":[{"href":"https:\/\/www.lintelligentdabidjan.info\/news\/wp-json\/wp\/v2\/posts"}],"about":[{"href":"https:\/\/www.lintelligentdabidjan.info\/news\/wp-json\/wp\/v2\/types\/post"}],"author":[{"embeddable":true,"href":"https:\/\/www.lintelligentdabidjan.info\/news\/wp-json\/wp\/v2\/users\/3"}],"replies":[{"embeddable":true,"href":"https:\/\/www.lintelligentdabidjan.info\/news\/wp-json\/wp\/v2\/comments?post=22123"}],"version-history":[{"count":1,"href":"https:\/\/www.lintelligentdabidjan.info\/news\/wp-json\/wp\/v2\/posts\/22123\/revisions"}],"predecessor-version":[{"id":22124,"href":"https:\/\/www.lintelligentdabidjan.info\/news\/wp-json\/wp\/v2\/posts\/22123\/revisions\/22124"}],"wp:featuredmedia":[{"embeddable":true,"href":"https:\/\/www.lintelligentdabidjan.info\/news\/wp-json\/wp\/v2\/media\/22144"}],"wp:attachment":[{"href":"https:\/\/www.lintelligentdabidjan.info\/news\/wp-json\/wp\/v2\/media?parent=22123"}],"wp:term":[{"taxonomy":"category","embeddable":true,"href":"https:\/\/www.lintelligentdabidjan.info\/news\/wp-json\/wp\/v2\/categories?post=22123"},{"taxonomy":"post_tag","embeddable":true,"href":"https:\/\/www.lintelligentdabidjan.info\/news\/wp-json\/wp\/v2\/tags?post=22123"}],"curies":[{"name":"wp","href":"https:\/\/api.w.org\/{rel}","templated":true}]}}