{"id":22141,"date":"2020-08-05T01:15:08","date_gmt":"2020-08-04T23:15:08","guid":{"rendered":"https:\/\/www.lintelligentdabidjan.info\/news\/?p=22141"},"modified":"2020-08-05T01:15:08","modified_gmt":"2020-08-04T23:15:08","slug":"presidentielle-2020-gnamien-konan-le-temps-est-venu-de-changer-de-paradigme","status":"publish","type":"post","link":"https:\/\/www.lintelligentdabidjan.info\/news\/presidentielle-2020-gnamien-konan-le-temps-est-venu-de-changer-de-paradigme\/","title":{"rendered":"Pr\u00e9sidentielle 2020 &#8211; Gnamien Konan  : \u201cLe temps est venu de changer de paradigme\u201d"},"content":{"rendered":"<p><em><strong>Le pr\u00e9sident de la Nouvelle C\u00f4te d\u2019Ivoire (NCI) , Emmanuel Gnamien Konan et le pr\u00e9sident de la section C\u00f4te d\u2019Ivoire de l\u2019ONG Urgences panafricaines, Dr Brice B\u00e9hiri ont sign\u00e9 une convention, le dimanche 2 ao\u00fbt 2020 aux Deux-Plateaux-Vallons.<\/strong><\/em><\/p>\n<p>Le pr\u00e9sident de NCI a profit\u00e9 de cette signature de convention pour se prononcer sur les pr\u00e9paratifs de l\u2019\u00e9lection pr\u00e9sidentielle du 31 octobre 2020 en C\u00f4te d\u2019Ivoire : \u00ab Le temps est venu de changer de paradigme. Le temps est venu pour qu\u2019on emprunte le droit chemin pour le d\u00e9veloppement de la C\u00f4te d\u2019Ivoire et de l\u2019Afrique. Cela ne peut se faire que par l\u2019application de nos textes fondamentaux. Je suis contre la non-application de la Constitution. En C\u00f4te d\u2019Ivoire, ils ont modifi\u00e9 la Constitution, maintenant ils viennent encore nous parler de 3\u00e8me  mandat, pourtant nous savons tous que notre loi fondamentale l\u2019interdit. Respectez la dur\u00e9e de vos mandats. Le 3\u00e8me mandat est un viol de la Constitution et celui qui viole la Constitution ne peut respecter le r\u00e9sultat des urnes \u00bb. Aux membres de l\u2019ONG Urgences panafricanistes, Gnamien Konan, qui s\u2019est d\u00e9clar\u00e9 candidat \u00e0 l\u2019\u00e9lection pr\u00e9sidentielle du 31 octobre 2020, alors qu\u2019il \u00e9tait le pr\u00e9sident de l\u2019Union pour la C\u00f4te d\u2019Ivoire (UPCI) en 2019, a dit : \u00ab C\u2019est vous que j\u2019attendais pour mener le combat \u00bb. Dr Brice B\u00e9hiri, pr\u00e9sident de la section C\u00f4te d\u2019Ivoire de Urgences panafricanistes a expliqu\u00e9 les raisons de la signature d\u2019une convention avec la Nouvelle C\u00f4te d\u2019Ivoire : \u00ab C\u2019est le d\u00e9but d\u2019une collaboration que nous voulons p\u00e9renne pour les prochaines \u00e9ch\u00e9ances \u00e9lectorales (pr\u00e9sidentielle, l\u00e9gislatives et municipales). Nous nous engageons aussi \u00e0 soutenir le pr\u00e9sident de la Nouvelle C\u00f4te d\u2019Ivoire pour l\u2019\u00e9radication de la corruption, lutter contre l\u2019impunit\u00e9 et la paup\u00e9risation d\u2019une grande frange de la population ivoirienne. Il s\u2019est engag\u00e9 \u00e0 travailler avec les diff\u00e9rentes repr\u00e9sentations de son ONG pour la victoire de son nouvel alli\u00e9 au soir de l\u2019\u00e9lection pr\u00e9sidentielle du 31 octobre 2020.<\/p>\n<p><strong>OD<\/strong><\/p>\n","protected":false},"excerpt":{"rendered":"<p>Le pr\u00e9sident de la Nouvelle C\u00f4te d\u2019Ivoire (NCI) , Emmanuel Gnamien Konan et le pr\u00e9sident de la section C\u00f4te d\u2019Ivoire de l\u2019ONG Urgences panafricaines, Dr Brice B\u00e9hiri ont sign\u00e9 une convention, le dimanche 2 ao\u00fbt 2020 aux Deux-Plateaux-Vallons. Le pr\u00e9sident de NCI a profit\u00e9 de cette signature de convention pour se prononcer sur les pr\u00e9paratifs [&hellip;]<\/p>\n","protected":false},"author":3,"featured_media":22142,"comment_status":"closed","ping_status":"closed","sticky":false,"template":"","format":"standard","meta":{"footnotes":""},"categories":[2,17],"tags":[],"class_list":["post-22141","post","type-post","status-publish","format-standard","has-post-thumbnail","hentry","category-featured","category-politique"],"_links":{"self":[{"href":"https:\/\/www.lintelligentdabidjan.info\/news\/wp-json\/wp\/v2\/posts\/22141","targetHints":{"allow":["GET"]}}],"collection":[{"href":"https:\/\/www.lintelligentdabidjan.info\/news\/wp-json\/wp\/v2\/posts"}],"about":[{"href":"https:\/\/www.lintelligentdabidjan.info\/news\/wp-json\/wp\/v2\/types\/post"}],"author":[{"embeddable":true,"href":"https:\/\/www.lintelligentdabidjan.info\/news\/wp-json\/wp\/v2\/users\/3"}],"replies":[{"embeddable":true,"href":"https:\/\/www.lintelligentdabidjan.info\/news\/wp-json\/wp\/v2\/comments?post=22141"}],"version-history":[{"count":1,"href":"https:\/\/www.lintelligentdabidjan.info\/news\/wp-json\/wp\/v2\/posts\/22141\/revisions"}],"predecessor-version":[{"id":22143,"href":"https:\/\/www.lintelligentdabidjan.info\/news\/wp-json\/wp\/v2\/posts\/22141\/revisions\/22143"}],"wp:featuredmedia":[{"embeddable":true,"href":"https:\/\/www.lintelligentdabidjan.info\/news\/wp-json\/wp\/v2\/media\/22142"}],"wp:attachment":[{"href":"https:\/\/www.lintelligentdabidjan.info\/news\/wp-json\/wp\/v2\/media?parent=22141"}],"wp:term":[{"taxonomy":"category","embeddable":true,"href":"https:\/\/www.lintelligentdabidjan.info\/news\/wp-json\/wp\/v2\/categories?post=22141"},{"taxonomy":"post_tag","embeddable":true,"href":"https:\/\/www.lintelligentdabidjan.info\/news\/wp-json\/wp\/v2\/tags?post=22141"}],"curies":[{"name":"wp","href":"https:\/\/api.w.org\/{rel}","templated":true}]}}