{"id":22178,"date":"2020-08-07T14:29:00","date_gmt":"2020-08-07T12:29:00","guid":{"rendered":"https:\/\/www.lintelligentdabidjan.info\/news\/?p=22178"},"modified":"2020-08-07T14:29:47","modified_gmt":"2020-08-07T12:29:47","slug":"le-fpi-pro-affi-appelle-a-sanctionner-dans-les-urnes-la-candidature-de-ouattara-issiaka-sangare","status":"publish","type":"post","link":"https:\/\/www.lintelligentdabidjan.info\/news\/le-fpi-pro-affi-appelle-a-sanctionner-dans-les-urnes-la-candidature-de-ouattara-issiaka-sangare\/","title":{"rendered":"Le Fpi pro Affi appelle \u00e0 sanctionner dans les urnes la candidature de Ouattara (Issiaka Sangar\u00e9)"},"content":{"rendered":"<p><em><strong>Joint au t\u00e9l\u00e9phone par l\u2019IA vendredi 7 ao\u00fbt 2020, au lendemain de l\u2019adresse \u00e0 la nation du pr\u00e9sident Alassane Ouattara qui a fait savoir sa d\u00e9cision d\u2019\u00eatre candidat \u00e0 l\u2019\u00e9lection pr\u00e9sidentielle du 31 octobre 2020,  Issiaka Sangar\u00e9, Secr\u00e9taire g\u00e9n\u00e9ral du FPI pro-Affi N\u2019Guessan, a condamn\u00e9 la d\u00e9cision du Chef de l\u2019Etat et appel\u00e9 les Ivoiriens \u00e0 la sanctionner dans les urnes.<\/strong><\/em><\/p>\n<p>\u00ab Le FPI n\u2019est pas surpris de cette d\u00e9claration du pr\u00e9sident Ouattara. Mais en m\u00eame temps, nous estimons que c\u2019est un mauvais message pour la d\u00e9mocratie dans notre pays. C\u2019est un message qui entache la personnalit\u00e9 du pr\u00e9sident lui-m\u00eame. Parce que, renier des engagements qu\u2019on a pris soi-m\u00eame dans un environnement pr\u00e9cis (le 5 mars 2020, devant le Congr\u00e8s), n\u2019est pas de nature de cr\u00e9er la confiance. <\/p>\n<p>Au niveau sous-r\u00e9gional et au-del\u00e0, c\u2019est malheureusement une sorte d\u2019antith\u00e8se qui va encore ouvrir l\u2019aventure des 3e mandat, alors que la qu\u00eate des populations pour la d\u00e9mocratie, s\u2019intensifie de jours en jours, devant le d\u00e9sastre de la mal gouvernance. (\u2026)<\/p>\n<p>Les justifications, en notre sens, ne sont pas solides. Parce que le jeu de la gouvernance avec une nouvelle g\u00e9n\u00e9ration n\u2019exclut pas qu\u2019il y ait des comp\u00e9tences capables de relever les d\u00e9fis dans un appareil politique. Quand on fait une telle lecture, c\u2019est que quelque part, on a \u00e9chou\u00e9 \u00e0 mettre en \u00e9vidence la formation des g\u00e9n\u00e9rations \u00e0 venir.<\/p>\n<p>Le FPI condamne cette violation flagrante de notre Constitution qui interdit les 3e mandat. (\u2026) Nous prenons acte de cette d\u00e9claration et nous la condamnons. Il est clair que le Conseil constitutionnel, en l\u2019\u00e9tat actuel des choses, validera certainement cette candidature au temps opportun.<\/p>\n<p>Il faut que les Ivoiriens sanctionnent dans les urnes, cette candidature qui va contre la d\u00e9mocratie. Il faut la condamner et exprimer son refus dans les urnes par un vote sanction\u00bb.<\/p>\n<p><strong>J-H Koffo<\/strong><\/p>\n","protected":false},"excerpt":{"rendered":"<p>Joint au t\u00e9l\u00e9phone par l\u2019IA vendredi 7 ao\u00fbt 2020, au lendemain de l\u2019adresse \u00e0 la nation du pr\u00e9sident Alassane Ouattara qui a fait savoir sa d\u00e9cision d\u2019\u00eatre candidat \u00e0 l\u2019\u00e9lection pr\u00e9sidentielle du 31 octobre 2020, Issiaka Sangar\u00e9, Secr\u00e9taire g\u00e9n\u00e9ral du FPI pro-Affi N\u2019Guessan, a condamn\u00e9 la d\u00e9cision du Chef de l\u2019Etat et appel\u00e9 les Ivoiriens [&hellip;]<\/p>\n","protected":false},"author":3,"featured_media":22179,"comment_status":"closed","ping_status":"closed","sticky":false,"template":"","format":"standard","meta":{"_monsterinsights_skip_tracking":false,"_monsterinsights_sitenote_active":false,"_monsterinsights_sitenote_note":"","_monsterinsights_sitenote_category":0,"footnotes":""},"categories":[2,17],"tags":[],"class_list":["post-22178","post","type-post","status-publish","format-standard","has-post-thumbnail","hentry","category-featured","category-politique"],"_links":{"self":[{"href":"https:\/\/www.lintelligentdabidjan.info\/news\/wp-json\/wp\/v2\/posts\/22178","targetHints":{"allow":["GET"]}}],"collection":[{"href":"https:\/\/www.lintelligentdabidjan.info\/news\/wp-json\/wp\/v2\/posts"}],"about":[{"href":"https:\/\/www.lintelligentdabidjan.info\/news\/wp-json\/wp\/v2\/types\/post"}],"author":[{"embeddable":true,"href":"https:\/\/www.lintelligentdabidjan.info\/news\/wp-json\/wp\/v2\/users\/3"}],"replies":[{"embeddable":true,"href":"https:\/\/www.lintelligentdabidjan.info\/news\/wp-json\/wp\/v2\/comments?post=22178"}],"version-history":[{"count":2,"href":"https:\/\/www.lintelligentdabidjan.info\/news\/wp-json\/wp\/v2\/posts\/22178\/revisions"}],"predecessor-version":[{"id":22181,"href":"https:\/\/www.lintelligentdabidjan.info\/news\/wp-json\/wp\/v2\/posts\/22178\/revisions\/22181"}],"wp:featuredmedia":[{"embeddable":true,"href":"https:\/\/www.lintelligentdabidjan.info\/news\/wp-json\/wp\/v2\/media\/22179"}],"wp:attachment":[{"href":"https:\/\/www.lintelligentdabidjan.info\/news\/wp-json\/wp\/v2\/media?parent=22178"}],"wp:term":[{"taxonomy":"category","embeddable":true,"href":"https:\/\/www.lintelligentdabidjan.info\/news\/wp-json\/wp\/v2\/categories?post=22178"},{"taxonomy":"post_tag","embeddable":true,"href":"https:\/\/www.lintelligentdabidjan.info\/news\/wp-json\/wp\/v2\/tags?post=22178"}],"curies":[{"name":"wp","href":"https:\/\/api.w.org\/{rel}","templated":true}]}}