{"id":22313,"date":"2020-08-14T12:07:08","date_gmt":"2020-08-14T10:07:08","guid":{"rendered":"https:\/\/www.lintelligentdabidjan.info\/news\/?p=22313"},"modified":"2020-08-14T12:12:31","modified_gmt":"2020-08-14T10:12:31","slug":"image-seth-koko-propose-une-transition-de-6-mois-et-annonce-son-retrait-de-la-presidentielle-2020-dans-une-semaine-si","status":"publish","type":"post","link":"https:\/\/www.lintelligentdabidjan.info\/news\/image-seth-koko-propose-une-transition-de-6-mois-et-annonce-son-retrait-de-la-presidentielle-2020-dans-une-semaine-si\/","title":{"rendered":"Seth Koko propose une transition de 6 mois et annonce son retrait de la pr\u00e9sidentielle 2020 dans une semaine si"},"content":{"rendered":"<p><em><strong>Dans son adresse \u00e0 la nation \u00e0 la veille de la f\u00eate nationale,  le Pr\u00e9sident de la R\u00e9publique de C\u00f4te d&#8217;Ivoire a d\u00e9clar\u00e9 sa candidature \u00e0 l&#8217;\u00e9lection pr\u00e9sidentielle du 31 octobre 2020. Le Chef de l&#8217;\u00c9tat a ainsi choisi cette tribune sp\u00e9ciale de ce jour consacr\u00e9 \u00e0 la nation pour r\u00e9pondre \u00e0 &#8220;un appel de son parti politique le RHDP&#8221;.<\/strong><\/em><\/p>\n<p>Foulant ainsi aux pieds les dispositions constitutionnelles sur la limitation du nombre de mandats, mais aussi de la non confusion de la volont\u00e9 des partis politiques avec celle de la nation.<\/p>\n<p>Le Pr\u00e9sident Alassane Ouattara est \u00e0 la fin de ses deux mandats autoris\u00e9s par la constitution de la 2e R\u00e9publique en son article 35 et retranscrit dans la constitution de la 3e R\u00e9publique en son article 55 et 183 limitant le nombre de mandats pr\u00e9sidentiels \u00e0 deux.<\/p>\n<p>En vue de respecter ces dispositions constitutionnelles, le Pr\u00e9sident de la R\u00e9publique a solennellement, le 5 Mars 2020 devant les deux chambres parlementaires de la R\u00e9publique, annonc\u00e9 sa d\u00e9cision de ne pas briguer un 3e mandat.<\/p>\n<p>Il avait aussi invoqu\u00e9 le poids de son \u00e2ge (78 ans), qui selon lui ne lui permettrait pas de supporter \u00e0 nouveau la charge de la fonction pr\u00e9sidentielle.<\/p>\n<p>Pour rappel, le Chef de l&#8217;\u00c9tat a \u00e9t\u00e9 \u00e9lu en 2010 puis r\u00e9\u00e9lu en 2015, sous la constitution de la 2e R\u00e9publique. Il a donc effectivement exerc\u00e9 ses deux mandats de la 2e R\u00e9publique qui prennent fin le 31 octobre 2020.<br \/>\nApr\u00e8s son \u00e9lection en 2015 pour son 2e et dernier mandat, il a organis\u00e9 un referendum constitutionnel le 30 octobre 2016. C&#8217;est le r\u00e9sultat de ce scrutin qui lui a permis de promulguer le 08 novembre 2016 la nouvelle constitution de la 3\u00e8 R\u00e9publique.<\/p>\n<p>Il n&#8217;est donc pas concern\u00e9 par la constitution de la 3e R\u00e9publique. Ce qui avait d&#8217;ailleurs \u00e9t\u00e9 d\u00e9fendu en son temps par les r\u00e9dacteurs de cette constitution, par le Chef de l&#8217;\u00c9tat lui-m\u00eame et ses proches collaborateurs \u00e9galement.<\/p>\n<p>Il ne peut donc pas apr\u00e8s avoir termin\u00e9 ses deux mandats de la 2e R\u00e9publique, se retrouver candidat de la 3e R\u00e9publique dans laquelle la constitution en ses articles 55 et 183 lui interdisent d&#8217;\u00eatre candidat pour un 3\u00e8 mandat.<\/p>\n<p>Nous le r\u00e9p\u00e9tions, le Pr\u00e9sident sortant n&#8217;est pas concern\u00e9 par la constitution de la 3e R\u00e9publique.   <\/p>\n<p>\u00c0 partir de ce constat, nous consid\u00e9rons que le Pr\u00e9sident de la R\u00e9publique vient de se rendre coupable de Parjure et de Haute Trahison.<\/p>\n<p>Face \u00e0 cette situation qui est aujourd&#8217;hui source d&#8217;instabilit\u00e9 pouvant engendrer des troubles graves \u00e0 travers tout le pays dans les jours et mois \u00e0 venir,<\/p>\n<p>Le Mouvement politique et citoyen L&#8217;ALTERNATIVE-CI avec son Leader Monsieur Seth KOKO, candidat \u00e0 l&#8217;\u00e9lection pr\u00e9sidentielle d&#8217;octobre 2020, d\u00e9clare d\u00e8s \u00e0 pr\u00e9sent ce qui suit :<\/p>\n<p>1- Demande aux juridictions sup\u00e9rieures de la R\u00e9publique de C\u00f4te d&#8217;Ivoire que sont, le Conseil Constitutionnel et la Haute Cour de Justice de s&#8217;auto-saisir en urgence de ce dossier d&#8217;Etat afin de ramener le Chef de l&#8217;\u00c9tat \u00e0 respecter la loi fondamentale dont-il est le garant.<\/p>\n<p>2- Demande le report du scrutin pr\u00e9sidentiel de six mois afin d&#8217;appliquer les recommandations de la Cours Africaine des Droits l&#8217;Homme et des Peuples, et organiser une \u00e9lection apais\u00e9e, cr\u00e9dible et \u00e9quitable.<\/p>\n<p>3- De recommander au parti au pouvoir de designer un candidat \u00e9ligible conform\u00e9ment \u00e0 la constitution, en remplacement du Pr\u00e9sident sortant qui termine son 2e et dernier mandat.<\/p>\n<p>4- Indique aux juridictions sup\u00e9rieures de l&#8217;\u00c9tat que si un Chef d&#8217;Etat, du haut de son \u00e9minence, d\u00e9tenteur de pouvoirs sur l&#8217;arm\u00e9e, le l\u00e9gislatif, le judiciaire et la &#8220;Commission \u00c9lectorale Ind\u00e9pendante&#8221; a viol\u00e9 la constitution et n&#8217;a pas respect\u00e9 sa parole donn\u00e9e du 5 mars 2020 ainsi que celle donn\u00e9e \u00e0 ses paires de la communaut\u00e9 internationale, si ce dernier venait \u00e0 \u00eatre candidat, ce n&#8217;est ni la Commission \u00c9lectorale, ni la Conseil Constitutionnel qui pourront lui faire accepter le r\u00e9sultat de sa d\u00e9faite \u00e9lectorale le 31 octobre prochain.<\/p>\n<p>PAR CONS\u00c9QUENT<\/p>\n<p>5- Demande \u00e0 son Leader d&#8217;ordonner sous huit jours une d\u00e9cision de suspension de sa participation au scrutin du 31 octobre 2020, au cas o\u00f9 les juridictions sup\u00e9rieures de la nation s&#8217;av\u00e9raient passives sur la question de la candidature d\u00e9clar\u00e9e du Pr\u00e9sident sortant.<\/p>\n<p>6- Envoi son Leader en mission aupr\u00e8s de la CEDEAO ( Communaut\u00e9 \u00c9conomique  des \u00c9tats de l&#8217;Afrique de l&#8217;Ouest), des Leaders politiques ivoiriens en exil, puis de la Communaut\u00e9 Internationale afin de chercher des solutions \u00e0 cette \u00e9ni\u00e8me crise que le Pr\u00e9sident Alassane Ouattara impose \u00e0 la C\u00f4te d&#8217;Ivoire.<\/p>\n<p>Notre entr\u00e9e en politique \u00e9tant pour mettre un terme \u00e0 ces 30 ann\u00e9es de conflits &#8220;pr\u00e9-et-post \u00e9lectoraux&#8221; par notre accession \u00e0 la magistrature supr\u00eame, nous travaillons \u00e0 ce que cette \u00e9lection-ci ne soit pas une nouvelle occasion d&#8217;endeuiller la C\u00f4te d&#8217;Ivoire.<\/p>\n<p>Le Pr\u00e9sident de la R\u00e9publique doit respecter les lois afin que le peuple puisse les respecter \u00e0 son tour.<\/p>\n<p>La pr\u00e9sente d\u00e9cision sera envoy\u00e9e par voies d&#8217;huissier aux institutions ci-apr\u00e8s indiqu\u00e9es :<br \/>\n&#8211; Conseil Constitutionnel<br \/>\n&#8211; La Haute Cour de Justice<br \/>\n&#8211; Commission \u00c9lectorale Ind\u00e9pendante<br \/>\n&#8211; Pr\u00e9sidence de la R\u00e9publique de C\u00f4te d&#8217;Ivoire<br \/>\n&#8211; CEDEAO<br \/>\n&#8211; ONU<br \/>\n&#8211; UA<br \/>\n&#8211; UE<br \/>\n&#8211; France<br \/>\n&#8211; USA<br \/>\n&#8211; Nigeria<br \/>\n&#8211; Grande Bretagne<br \/>\n&#8211; Les plateformes, EDS, CDRP<br \/>\n&#8211; Les organisations de la soci\u00e9t\u00e9 civile<\/p>\n<p><strong>Fait \u00e0 Abidjan le 14 ao\u00fbt 2020<br \/>\nMr. Seth KOKO,<br \/>\nPr\u00e9sident de L&#8217;ALTERNATIVE-CI<br \/>\nCandidat \u00e0 l&#8217;\u00e9lection pr\u00e9sidentielle de 2020<br \/>\nwww.lalternativeci.org<\/strong><\/p>\n","protected":false},"excerpt":{"rendered":"<p>Dans son adresse \u00e0 la nation \u00e0 la veille de la f\u00eate nationale, le Pr\u00e9sident de la R\u00e9publique de C\u00f4te d&#8217;Ivoire a d\u00e9clar\u00e9 sa candidature \u00e0 l&#8217;\u00e9lection pr\u00e9sidentielle du 31 octobre 2020. Le Chef de l&#8217;\u00c9tat a ainsi choisi cette tribune sp\u00e9ciale de ce jour consacr\u00e9 \u00e0 la nation pour r\u00e9pondre \u00e0 &#8220;un appel de [&hellip;]<\/p>\n","protected":false},"author":3,"featured_media":22314,"comment_status":"closed","ping_status":"closed","sticky":false,"template":"","format":"standard","meta":{"_monsterinsights_skip_tracking":false,"_monsterinsights_sitenote_active":false,"_monsterinsights_sitenote_note":"","_monsterinsights_sitenote_category":0,"footnotes":""},"categories":[2,17],"tags":[],"class_list":["post-22313","post","type-post","status-publish","format-standard","has-post-thumbnail","hentry","category-featured","category-politique"],"_links":{"self":[{"href":"https:\/\/www.lintelligentdabidjan.info\/news\/wp-json\/wp\/v2\/posts\/22313","targetHints":{"allow":["GET"]}}],"collection":[{"href":"https:\/\/www.lintelligentdabidjan.info\/news\/wp-json\/wp\/v2\/posts"}],"about":[{"href":"https:\/\/www.lintelligentdabidjan.info\/news\/wp-json\/wp\/v2\/types\/post"}],"author":[{"embeddable":true,"href":"https:\/\/www.lintelligentdabidjan.info\/news\/wp-json\/wp\/v2\/users\/3"}],"replies":[{"embeddable":true,"href":"https:\/\/www.lintelligentdabidjan.info\/news\/wp-json\/wp\/v2\/comments?post=22313"}],"version-history":[{"count":2,"href":"https:\/\/www.lintelligentdabidjan.info\/news\/wp-json\/wp\/v2\/posts\/22313\/revisions"}],"predecessor-version":[{"id":22316,"href":"https:\/\/www.lintelligentdabidjan.info\/news\/wp-json\/wp\/v2\/posts\/22313\/revisions\/22316"}],"wp:featuredmedia":[{"embeddable":true,"href":"https:\/\/www.lintelligentdabidjan.info\/news\/wp-json\/wp\/v2\/media\/22314"}],"wp:attachment":[{"href":"https:\/\/www.lintelligentdabidjan.info\/news\/wp-json\/wp\/v2\/media?parent=22313"}],"wp:term":[{"taxonomy":"category","embeddable":true,"href":"https:\/\/www.lintelligentdabidjan.info\/news\/wp-json\/wp\/v2\/categories?post=22313"},{"taxonomy":"post_tag","embeddable":true,"href":"https:\/\/www.lintelligentdabidjan.info\/news\/wp-json\/wp\/v2\/tags?post=22313"}],"curies":[{"name":"wp","href":"https:\/\/api.w.org\/{rel}","templated":true}]}}