{"id":22403,"date":"2020-08-20T00:55:36","date_gmt":"2020-08-19T22:55:36","guid":{"rendered":"https:\/\/www.lintelligentdabidjan.info\/news\/?p=22403"},"modified":"2020-08-20T01:17:39","modified_gmt":"2020-08-19T23:17:39","slug":"presidentielle-2020-kone-abou-imam-a-dabou-moi-etre-contre-la-candidature-du-president-ouattara","status":"publish","type":"post","link":"https:\/\/www.lintelligentdabidjan.info\/news\/presidentielle-2020-kone-abou-imam-a-dabou-moi-etre-contre-la-candidature-du-president-ouattara\/","title":{"rendered":"Pr\u00e9sidentielle 2020 &#8211; Kon\u00e9 Abou, Imam \u00e0 Dabou : \u201cMoi \u00eatre contre la candidature du Pr\u00e9sident Ouattara ?\u201d"},"content":{"rendered":"<p><em><strong>Oustaz Kon\u00e9 Abou est th\u00e9ologien, conf\u00e9rencier et guide religieux. Dans cet entretien accord\u00e9 au quotidien L&#8217;Intelligent d&#8217;Abidjan   , il r\u00e9pond aux all\u00e9gations des m\u00e9dias Pdci 24 et Op\u00e9ra news, faisant \u00e9tat de ce qu&#8217;il serait en d\u00e9saccord avec la candidature d&#8217;Alassane Ouattara \u00e0 l&#8217;\u00e9lection pr\u00e9sidentielle du 31 octobre 2020.<\/strong><\/em><\/p>\n<p><strong>Des m\u00e9dias comme PDCI 24 et Op\u00e9ra news vous ont attribu\u00e9 des propos selon lesquels vous \u00eates en d\u00e9saccord  avec la candidature du Pr\u00e9sident Alassane Ouattara \u00e0 la pr\u00e9sidentielle du 31 octobre 2020. Que r\u00e9pondez-vous ?<\/strong><\/p>\n<p>J&#8217;ai \u00e9t\u00e9 appel\u00e9 pendant la nuit par quelqu&#8217;un qui est tomb\u00e9 sur ces informations. Je me lavais , j&#8217;ai d\u00fb \u00e9viter de m&#8217;essuyer \u00e0 la serviette parce que c&#8217;\u00e9tait tellement contraire \u00e0 mes habitudes de prise de parole. Je ne connais pas Pdci 24, je les vois \u00e9crire, je ne suis jamais rentr\u00e9 sur leur page pour voir ce que c&#8217;est. J&#8217;\u00e9tais tr\u00e8s surpris de voir qu&#8217;on \u00e9crit que je suis contre le troisi\u00e8me mandat. Cela n&#8217;a jamais effleur\u00e9 mon esprit parce que c&#8217;est une affaire des politiques et des juridictions. Nous, nous appelons \u00e0 l&#8217;amour de Dieu et \u00e0 la fraternit\u00e9 entre les hommes, \u00e0 la foi, \u00e0 l&#8217;\u00e9thique et au comportement. Nous devons parler \u00e0 chacun selon une constitution qui est divine, que ce soit l&#8217;\u00c9vangile, le Coran, la Thora, les psaumes. Je me suis toujours efforc\u00e9 de ne pas seulement pr\u00eacher musulman, mais d&#8217;utiliser tous les verbes de Dieu pour parler aux hommes. Je me rends compte qu&#8217;on m\u00eale mon nom et mon image \u00e0 c\u00f4t\u00e9 de l&#8217;imam Aguib Tour\u00e9. De tous les temps, quel que soit le pouvoir qui a \u00e9t\u00e9 l\u00e0, j&#8217;ai tenu des propos pour encourager ce qu&#8217;ils font de bien, d\u00e9crier ce qui est fait de mal et je le fais poliment. Parce que tout doit \u00eatre dit avec sagesse jusqu&#8217;\u00e0 ce qu&#8217;eux-m\u00eames acceptent ce qui a \u00e9t\u00e9 dit. J&#8217;\u00e9tais surpris. J&#8217;ai r\u00e9agi sur mon compte Facebook, sur des groupes cr\u00e9\u00e9s par des amis. J&#8217;ai \u00e9crit sur Pdci 24 et Op\u00e9ra news. Dieu merci, les r\u00e9actions, en tout cas, n&#8217;ont pas \u00e9t\u00e9 seulement que par les musulmans, mais de tous les Ivoiriens. J&#8217;ai saisi le commissaire Soro de Dabou, je l&#8217;ai appel\u00e9, j&#8217;ai appel\u00e9 madame le procureur de la R\u00e9publique, le matin.  Je me suis rendu au commissariat, j&#8217;ai \u00e9t\u00e9 re\u00e7u par l&#8217;officier de service, il m&#8217;a dit  d&#8217;aller \u00e0 Cocody Danga o\u00f9 il y a la police scientifique. J&#8217;ai pris le contact, j&#8217;ai \u00e9t\u00e9 bien accueilli au t\u00e9l\u00e9phone par un lieutenant qui me demandait de m&#8217;y rendre avant 17h. Et comme \u00e9tant parall\u00e8lement le pr\u00e9sident de la cellule civilo militaire du d\u00e9partement, une structure rattach\u00e9e au minist\u00e8re de l&#8217;int\u00e9rieur, mais d\u00e9pendant du conseil national de s\u00e9curit\u00e9, tous les mouvements vous int\u00e9ressent pour ramener la paix, la coh\u00e9sion sociale, prot\u00e9ger les hommes et leurs biens. La s\u00e9curit\u00e9 environnementale, \u00e9ducative, sanitaire. Je n&#8217;ai pas pu m&#8217;y rendre, heureusement pour moi d&#8217;ailleurs. Parce qu&#8217;apr\u00e8s la pri\u00e8re de 16h, j&#8217;ai \u00e9t\u00e9 appel\u00e9 par monsieur Alex Yao de PDCI 24 pour pr\u00e9senter leurs excuses. Ils ont dit que c&#8217;est la source qui les avait mal inform\u00e9s. Et je leur ai dit, dans ce cas, qu&#8217;ils retirent ma photo dans l&#8217;imm\u00e9diat. Les propos qu&#8217;ils ont mis sont des propos bibliques et coraniques appelant \u00e0 la fraternit\u00e9. Je ne vois pas ce qui est dedans qui parle de politique ou d&#8217;\u00e9lection.<br \/>\n<strong><br \/>\nDe quoi s&#8217;agissait-il exactement ?<\/strong><\/p>\n<p>Je disais par exemple, celui qui veut faire une offrande \u00e0 l&#8217;autel et qui ne s&#8217;entend pas avec son fr\u00e8re, qu&#8217;il suspende l&#8217;offrande et qu&#8217;il aille d&#8217;abord se r\u00e9concilier avec son fr\u00e8re, parole de J\u00e9sus. Et je disais que le Proph\u00e8te Mohammed (Paix et Salut d&#8217;Allah sur lui) disait &#8221;si on est en train de faire des invocations, des pri\u00e8res pour Dieu et qu&#8217;il y a un seul qui a rompu les liens de sang, de fraternit\u00e9 avec ceux que Dieu a li\u00e9s avec lui en fr\u00e8re, m\u00eame p\u00e8re, m\u00eame m\u00e8re, aucun ange de mis\u00e9ricorde de Dieu ne descend l\u00e0 \u00bb. De l\u00e0 \u00e0 dire qu&#8217;on est contre un troisi\u00e8me mandat, je ne vois pas de rapport. Et l\u00e0 encore, c&#8217;\u00e9tait une conf\u00e9rence. Je ne les connais ni de pr\u00e8s ni de loin, ils ont pr\u00e9sent\u00e9 leurs excuses, j&#8217;ai accept\u00e9. Mais j&#8217;ai dit qu&#8217;ils aillent retirer ma photo et qu&#8217;ils \u00e9crivent parce qu&#8217;on ne peut pas incriminer publiquement quelqu&#8217;un et s&#8217;excuser en catimini. <\/p>\n<p><strong>Donc vous n&#8217;\u00eates pas auteur des propos qui vous sont attribu\u00e9s.<\/strong><\/p>\n<p>Pas du tout ! Je ne sais m\u00eame pas qui a eu l&#8217;id\u00e9e de mettre mon nom. Au contraire, je m&#8217;interroge. Pourquoi moi ! Il y a des milliers de guides religieux tant dans les mosqu\u00e9es que dans les \u00e9glises, pourquoi ma personne? Je n&#8217;ai jamais dormi avec \u00e7a, je ne me suis jamais r\u00e9veill\u00e9 avec une telle id\u00e9e. Je ne sais m\u00eame pas. Je m&#8217;inqui\u00e8te. Pourquoi c&#8217;est moi le choix ! Je n&#8217;ai jamais tenu de tels propos. Mes dires m\u00eame qu&#8217;ils ont mis, n&#8217;ont rien \u00e0 voir avec ce contexte. Sinc\u00e8rement, je m&#8217;inqui\u00e8te. Pourquoi moi ? Peut-\u00eatre qu&#8217;ils se dit que je suis quelqu&#8217;un qui dit la v\u00e9rit\u00e9.<\/p>\n<p><strong>\u00c0 votre avis, cela r\u00e9pond \u00e0 quoi ?<\/strong><\/p>\n<p>Je me dis que j&#8217;ai toujours pris le contre-pied de tout ce que chacun \u00e9tait en train de dire. Je me suis toujours battu contre la vestimentarisation de la foi quelle que soit cette foi. Je me suis toujours battu contre la coutumisation de la foi. Je me suis toujours battu contre l&#8217;arabisation de la foi m\u00eame devant les tenants de la foi. \u00catre musulman, ne veut pas dire \u00eatre arabe. Je me suis toujours battu contre celui qui dit toujours le texte sans tenir compte du contexte. Un juge qui dit la loi sans tenir compte du contexte est un juge dangereux. Je me suis toujours battu contre le silence coupable des guides religieux et des gouvernants vis-\u00e0-vis des jumeaux qu&#8217;on expose aux alentours des mosqu\u00e9es et des lieux publics, des enfants qui souffrent et qui n&#8217;ont pas demand\u00e9 \u00e0 \u00eatre l\u00e0. Donner quelque chose \u00e0 la maman, c&#8217;est encourager \u00e0 continuer \u00e0 faire perdurer la souffrance des enfants. Je me suis toujours battu contre le ramassage des infirmes ou des estropi\u00e9s des pays pour venir cl\u00f4turer les mosqu\u00e9es comme si l&#8217;Islam \u00e9tait la religion de la mendicit\u00e9 ou encourageant la mendicit\u00e9. Je me suis toujours battu contre les brouteurs spirituels que sont les marabouts et les charlatans. Je me suis toujours battu contre la dioula\u00efsation de la religion, l&#8217;abandon de l&#8217;\u00e9ducation de nos enfants. Aujourd&#8217;hui, nous avons le r\u00e9sultat. Les parents nationaux ont peur des enfants nationaux parce le Proph\u00e8te Mohammed (Paix et Salut d&#8217;Allah sur lui) a dit qu&#8217;un jour viendra o\u00f9 les parents auront peur de leurs enfants. Je me suis toujours battu contre les gens qui adorent les g\u00e9nies dans la for\u00eat du banco et apr\u00e8s ils vont s&#8217;accroupir dans les mosqu\u00e9es. Donc j&#8217;ai une position. Le procureur de la R\u00e9publique avait fait \u00e9couter des audios  qui disaient qu&#8217;il y avait des caches d&#8217;armes, \u00e0 un moment. J&#8217;ai demand\u00e9 publiquement qu&#8217;on laisse ce pays en paix pour que les infirmes d&#8217;Att\u00e9coub\u00e9 tomb\u00e9s morts, continuent de glisser sur leurs fesses pour aller demander la pitance, pour que nous les pauvres de Dabou dioulabougou qui n&#8217;avons que pour pommade notre pauvret\u00e9, puissions sortir pour envoyer message \u00e0 quelqu&#8217;un et lui demander de nous envoyer un sac de riz. On y gagne rien. Il suffit d&#8217;un seul mouvement et nous sommes d\u00e9j\u00e0 dans le chaos. Vraiment je demande qu&#8217;on laisse ce pays en paix. Notre denr\u00e9e pour aller \u00e0 l&#8217;\u00e9glise, \u00e0 la mosqu\u00e9e, c&#8217;est la paix.<\/p>\n<p><strong>Est-ce un complot ourdi contre votre personne ?<\/strong><\/p>\n<p>Je me pose la question qui est derri\u00e8re. Il y a obligatoirement quelqu&#8217;un derri\u00e8re. Il y a quelqu&#8217;un qui est au d\u00e9part et qui choisit ma photo, qui se dit &#8221;lui l\u00e0, il parle, pas comme Aguib. C&#8217;est quelqu&#8217;un, cela fait 26 ans, de 1994 \u00e0 aujourd&#8217;hui, il a toujours pris le contre-pied de tous les Imams, il a toujours pris le contre-pied de tous les guides religieux, il a amen\u00e9 les hommes \u00e0 respecter la foi des autres, \u00e0 ne pas croire que le musulman soit sup\u00e9rieur aux chr\u00e9tiens parce que la pintade \u00e9tant la volaille aussi, n&#8217;a jamais dit qu&#8217;elle \u00e9tait sup\u00e9rieure au coq. Ils sont unis dans un poulailler sans faire du bruit. Dire que c&#8217;est un complot, ce serait trop dire. Parce que le pouvoir en place ne m&#8217;a jamais montr\u00e9 d&#8217;un mauvais c\u00f4t\u00e9. Au contraire, on m&#8217;a souvent sollicit\u00e9 pour aller donner des conf\u00e9rences. M\u00eame au d\u00e9c\u00e8s d&#8217;Aboudramane Sangar\u00e9, j&#8217;ai \u00e9t\u00e9 invit\u00e9 \u00e0 la salle des ambassadeurs au minist\u00e8re des affaires \u00e9trang\u00e8res pour parler pendant 25 minutes de coh\u00e9sion sociale, o\u00f9 j&#8217;ai fait parler madame Simone Gbagbo qui a r\u00e9cit\u00e9 le &#8221;Notre p\u00e8re qui est aux cieux&#8221; avec moi. J&#8217;ai appel\u00e9 les gens \u00e0 la paix en leur disant que le vent qui souffle nous fait peur parce qu&#8217;il y a un r\u00e9troviseur en chacun de nous. 2011 n&#8217;est pas loin. J&#8217;ai toujours tir\u00e9 sur la sonnette  d&#8217;alarme. Donc parler de complot, je ne sais pas d&#8217;o\u00f9 cela viendrait parce qu&#8217;aucun parti de l&#8217;opposition n&#8217;a eu maille \u00e0 partir avec moi. J&#8217;ai mon fr\u00e8re qui est au Pdci, mon fils \u00e0 l&#8217;Udpci. Sinc\u00e8rement je ne peux pas dire que c&#8217;est un complot. Mais c&#8217;est un individu en manque de publicit\u00e9 qui souhaiterait utiliser cela. Je dirai plut\u00f4t que c&#8217;est l&#8217;opposition qui a envie de marquer des points, de marquer un grand coup. Le grand coup se fait avec de grandes personnes, pas avec de petites personnes comme moi.<\/p>\n<p><strong>Pour terminer, quel est le message que vous voulez lancer ?<\/strong><\/p>\n<p>Pour terminer, je dirai aux Ivoiriens, ce qui se passe n&#8217;a rien \u00e0 voir avec le contexte de 2011 qui \u00e9tait la suite logique de la guerre latente de 2002 o\u00f9 chacun \u00e9tait arm\u00e9 pendant pr\u00e8s de 10 ans pour attendre que d&#8217;autres r\u00e9agissent. Effectivement les arbitrages, les n\u00e9gociations ayant \u00e9chou\u00e9, on devait aboutir \u00e0 cela. Mais chacun doit penser le pays, chacun doit avoir dans le c\u0153ur l&#8217;amour de sauver un bout de p\u00e9rim\u00e8tre carr\u00e9 de son pays. L\u00e0, nous sommes maintenant dans un cadre de la l\u00e9galit\u00e9 ou de la non l\u00e9galit\u00e9 des juridictions. Nous devons laisser parler les partis politiques et nous qui suivons derri\u00e8re ne devons pas servir de moutons de sacrifice. Et que nos enfants ne doivent pas \u00eatre manipul\u00e9s, utilis\u00e9s de quelque bord que ce soit. Qu&#8217;on aille aux \u00e9lections et que celui qui gagne travaille pour la C\u00f4te d&#8217;Ivoire. Dans d&#8217;autres pays, je ne sais pas si on les appelle les avanc\u00e9s ou civilis\u00e9s, ils ont plus de probl\u00e8mes que nous, ils sont plus intellectuels que nous, mais le d\u00e9bat est plut\u00f4t dans les m\u00e9dias, le peuple \u00e9coute et apr\u00e8s on choisit. Souvent m\u00eame aux \u00c9tats-Unis, il y a un probl\u00e8me pour choisir le vainqueur, cela n&#8217;am\u00e8ne pas \u00e0 se tirer l\u00e0-dessus. Je demande qu&#8217;on d\u00e9passionne les d\u00e9bats. La passion et la radicalit\u00e9 n&#8217;ont jamais servi ni dans la foi ni dans la politique ni dans le sport. Les passions m\u00e8nent toujours \u00e0 l&#8217;extr\u00e9misme et aucun extr\u00e9misme n&#8217;est profitable pour structurer notre Nation, veiller sur nos enfants. Les enfants sont \u00e0 85% \u00e0 90% l&#8217;avenir du pays, il ne faudrait pas que 10% de vieux, de vieilles personnes p\u00e9rim\u00e9es proches de la tombe que de la vie am\u00e8nent \u00e0 tuer ceux qui sont l&#8217;avenir.<\/p>\n<p><strong>TAB avec IBK<\/strong><\/p>\n","protected":false},"excerpt":{"rendered":"<p>Oustaz Kon\u00e9 Abou est th\u00e9ologien, conf\u00e9rencier et guide religieux. Dans cet entretien accord\u00e9 au quotidien L&#8217;Intelligent d&#8217;Abidjan , il r\u00e9pond aux all\u00e9gations des m\u00e9dias Pdci 24 et Op\u00e9ra news, faisant \u00e9tat de ce qu&#8217;il serait en d\u00e9saccord avec la candidature d&#8217;Alassane Ouattara \u00e0 l&#8217;\u00e9lection pr\u00e9sidentielle du 31 octobre 2020. Des m\u00e9dias comme PDCI 24 et [&hellip;]<\/p>\n","protected":false},"author":3,"featured_media":22418,"comment_status":"closed","ping_status":"closed","sticky":false,"template":"","format":"standard","meta":{"_monsterinsights_skip_tracking":false,"_monsterinsights_sitenote_active":false,"_monsterinsights_sitenote_note":"","_monsterinsights_sitenote_category":0,"footnotes":""},"categories":[2,17,3],"tags":[],"class_list":["post-22403","post","type-post","status-publish","format-standard","has-post-thumbnail","hentry","category-featured","category-politique","category-societe"],"_links":{"self":[{"href":"https:\/\/www.lintelligentdabidjan.info\/news\/wp-json\/wp\/v2\/posts\/22403","targetHints":{"allow":["GET"]}}],"collection":[{"href":"https:\/\/www.lintelligentdabidjan.info\/news\/wp-json\/wp\/v2\/posts"}],"about":[{"href":"https:\/\/www.lintelligentdabidjan.info\/news\/wp-json\/wp\/v2\/types\/post"}],"author":[{"embeddable":true,"href":"https:\/\/www.lintelligentdabidjan.info\/news\/wp-json\/wp\/v2\/users\/3"}],"replies":[{"embeddable":true,"href":"https:\/\/www.lintelligentdabidjan.info\/news\/wp-json\/wp\/v2\/comments?post=22403"}],"version-history":[{"count":1,"href":"https:\/\/www.lintelligentdabidjan.info\/news\/wp-json\/wp\/v2\/posts\/22403\/revisions"}],"predecessor-version":[{"id":22405,"href":"https:\/\/www.lintelligentdabidjan.info\/news\/wp-json\/wp\/v2\/posts\/22403\/revisions\/22405"}],"wp:featuredmedia":[{"embeddable":true,"href":"https:\/\/www.lintelligentdabidjan.info\/news\/wp-json\/wp\/v2\/media\/22418"}],"wp:attachment":[{"href":"https:\/\/www.lintelligentdabidjan.info\/news\/wp-json\/wp\/v2\/media?parent=22403"}],"wp:term":[{"taxonomy":"category","embeddable":true,"href":"https:\/\/www.lintelligentdabidjan.info\/news\/wp-json\/wp\/v2\/categories?post=22403"},{"taxonomy":"post_tag","embeddable":true,"href":"https:\/\/www.lintelligentdabidjan.info\/news\/wp-json\/wp\/v2\/tags?post=22403"}],"curies":[{"name":"wp","href":"https:\/\/api.w.org\/{rel}","templated":true}]}}