{"id":22406,"date":"2020-08-20T01:01:32","date_gmt":"2020-08-19T23:01:32","guid":{"rendered":"https:\/\/www.lintelligentdabidjan.info\/news\/?p=22406"},"modified":"2020-08-20T01:16:21","modified_gmt":"2020-08-19T23:16:21","slug":"adoption-de-lagenda-du-senat-sara-sako-denonce-des-absences-et-demande-des-prieres-pour-jeannot-ahoussou-kouadio","status":"publish","type":"post","link":"https:\/\/www.lintelligentdabidjan.info\/news\/adoption-de-lagenda-du-senat-sara-sako-denonce-des-absences-et-demande-des-prieres-pour-jeannot-ahoussou-kouadio\/","title":{"rendered":"Adoption de l&#8217;agenda du S\u00e9nat: Sara Sako d\u00e9nonce des absences et demande des pri\u00e8res pour Jeannot Ahoussou Kouadio"},"content":{"rendered":"<p><em><strong>Le mardi 18 ao\u00fbt 2020, \u00e0 la Fondation F\u00e9lix Houphou\u00ebt-Boigny qui sert d&#8217;h\u00e9micycle  au S\u00e9nat, au cours d&#8217;une rencontre pr\u00e9sid\u00e9e par la premi\u00e8re vice-pr\u00e9sidente du S\u00e9nat, le calendrier des travaux de cette institution allant du 24 ao\u00fbt au 8 septembre 2020 a \u00e9t\u00e9 adopt\u00e9 .<\/strong><\/em><\/p>\n<p>Ce programme d&#8217;activit\u00e9s pr\u00e9voit  l&#8217;examen  d&#8217;un ensemble de 15 projets de lois. Ces textes sont essentiellement des projets de lois dont le S\u00e9nat a \u00e9t\u00e9 saisi par l&#8217;Assembl\u00e9e nationale apr\u00e8s leurs examens en premi\u00e8re lecture. Il s&#8217;agit entre autres des projets de lois , portant ratification de l&#8217;ordonnance portant cr\u00e9ation du Fonds de soutien aux PME d\u00e9nomm\u00e9 ,Fspme ; du Fonds d&#8217;appui aux acteurs du secteur informel ; du Fonds de soutien aux  Grandes Entreprises d\u00e9nomm\u00e9 Fsge Covid-19 ; modifiant l&#8217;article 169 de la loi n\u00b02014-138 du 24 mars portant code minier ; portant r\u00e9pression de la commercialisation et de l&#8217;exportation illicite des produits agricoles soumises \u00e0 agr\u00e9ment ; portant exon\u00e9ration des droits et taxes de douanes sur les \u00e9quipements de sant\u00e9, mat\u00e9riels et autres intrants sanitaires entrant dans le cadre de la lutte contre la maladie \u00e0 coronavirus ( Covid-19); portant code des investissements ; portant suspension des d\u00e9lais en mati\u00e8re de proc\u00e9dure judiciaire et administrative ; organisation du syst\u00e8me statistiques national &#8230;&#8230; Dans son adresse de cl\u00f4ture, la vice -pr\u00e9sidente,  Sara Fadika Sako a relev\u00e9 la grande absence  de certains s\u00e9nateurs aux travaux en commission. \u00c0 cet \u00e9gard, elle a invit\u00e9  ces parlementaires  \u00e0 \u00eatre assidus  \u00e0 ces s\u00e9ances. Par ailleurs, elle a ,au nom du pr\u00e9sident du S\u00e9nat Jeannot Ahoussou Kouadio, remerci\u00e9 le pr\u00e9sident de la R\u00e9publique Alassane Ouattara  pour son soutien constant au S\u00e9nat. Pour le reste, elle  a invit\u00e9 les s\u00e9nateurs \u00e0 accompagner sans cesse de leurs pri\u00e8res ferventes le pr\u00e9sident du S\u00e9nat afin qu&#8217;il revienne au plus vite prendre toute sa place dans la construction de la d\u00e9mocratie en C\u00f4te d&#8217;Ivoire.<\/p>\n<p><strong>Harry Diallo \u00e0 Yamoussoukro<\/strong><\/p>\n","protected":false},"excerpt":{"rendered":"<p>Le mardi 18 ao\u00fbt 2020, \u00e0 la Fondation F\u00e9lix Houphou\u00ebt-Boigny qui sert d&#8217;h\u00e9micycle au S\u00e9nat, au cours d&#8217;une rencontre pr\u00e9sid\u00e9e par la premi\u00e8re vice-pr\u00e9sidente du S\u00e9nat, le calendrier des travaux de cette institution allant du 24 ao\u00fbt au 8 septembre 2020 a \u00e9t\u00e9 adopt\u00e9 . Ce programme d&#8217;activit\u00e9s pr\u00e9voit l&#8217;examen d&#8217;un ensemble de 15 projets [&hellip;]<\/p>\n","protected":false},"author":3,"featured_media":22417,"comment_status":"closed","ping_status":"closed","sticky":false,"template":"","format":"standard","meta":{"_monsterinsights_skip_tracking":false,"_monsterinsights_sitenote_active":false,"_monsterinsights_sitenote_note":"","_monsterinsights_sitenote_category":0,"footnotes":""},"categories":[2,17],"tags":[],"class_list":["post-22406","post","type-post","status-publish","format-standard","has-post-thumbnail","hentry","category-featured","category-politique"],"_links":{"self":[{"href":"https:\/\/www.lintelligentdabidjan.info\/news\/wp-json\/wp\/v2\/posts\/22406","targetHints":{"allow":["GET"]}}],"collection":[{"href":"https:\/\/www.lintelligentdabidjan.info\/news\/wp-json\/wp\/v2\/posts"}],"about":[{"href":"https:\/\/www.lintelligentdabidjan.info\/news\/wp-json\/wp\/v2\/types\/post"}],"author":[{"embeddable":true,"href":"https:\/\/www.lintelligentdabidjan.info\/news\/wp-json\/wp\/v2\/users\/3"}],"replies":[{"embeddable":true,"href":"https:\/\/www.lintelligentdabidjan.info\/news\/wp-json\/wp\/v2\/comments?post=22406"}],"version-history":[{"count":1,"href":"https:\/\/www.lintelligentdabidjan.info\/news\/wp-json\/wp\/v2\/posts\/22406\/revisions"}],"predecessor-version":[{"id":22407,"href":"https:\/\/www.lintelligentdabidjan.info\/news\/wp-json\/wp\/v2\/posts\/22406\/revisions\/22407"}],"wp:featuredmedia":[{"embeddable":true,"href":"https:\/\/www.lintelligentdabidjan.info\/news\/wp-json\/wp\/v2\/media\/22417"}],"wp:attachment":[{"href":"https:\/\/www.lintelligentdabidjan.info\/news\/wp-json\/wp\/v2\/media?parent=22406"}],"wp:term":[{"taxonomy":"category","embeddable":true,"href":"https:\/\/www.lintelligentdabidjan.info\/news\/wp-json\/wp\/v2\/categories?post=22406"},{"taxonomy":"post_tag","embeddable":true,"href":"https:\/\/www.lintelligentdabidjan.info\/news\/wp-json\/wp\/v2\/tags?post=22406"}],"curies":[{"name":"wp","href":"https:\/\/api.w.org\/{rel}","templated":true}]}}