{"id":22414,"date":"2020-08-20T01:13:40","date_gmt":"2020-08-19T23:13:40","guid":{"rendered":"https:\/\/www.lintelligentdabidjan.info\/news\/?p=22414"},"modified":"2020-08-20T01:13:40","modified_gmt":"2020-08-19T23:13:40","slug":"presidentielle-2020-controle-et-etablissement-de-la-liste-des-candidats-validation-du-choix-des-citoyens-le-conseil-constitutionnel-renforce-ses-capacites","status":"publish","type":"post","link":"https:\/\/www.lintelligentdabidjan.info\/news\/presidentielle-2020-controle-et-etablissement-de-la-liste-des-candidats-validation-du-choix-des-citoyens-le-conseil-constitutionnel-renforce-ses-capacites\/","title":{"rendered":"Pr\u00e9sidentielle 2020 &#8211; Contr\u00f4le et \u00e9tablissement de  la liste des candidats, validation du choix des citoyens: Le Conseil constitutionnel renforce ses capacit\u00e9s"},"content":{"rendered":"<p><em>Le Conseil constitutionnel en collaboration avec le Programme des Nations-Unies pour le d\u00e9veloppement (Pnud)  organise  du mercredi 19 au jeudi 20 ao\u00fbt 2020 dans un h\u00f4tel de Grand-Bassam, un s\u00e9minaire de pr\u00e9paration de l\u2019\u00e9lection du pr\u00e9sident de la R\u00e9publique du 31 octobre 2020.<\/em><\/p>\n<p>Proc\u00e9dant \u00e0  l\u2019ouverture de ce s\u00e9minaire, en pr\u00e9sence de Coulibaly-Kuibiert Ibrahime,  le  premier responsable   de la Commission \u00e9lectorale ind\u00e9pendante(Cei),  le pr\u00e9sident du Conseil constitutionnel, Mamadou Kon\u00e9, a dit : \u00ab  La Constitution ivoirienne, en son article 126 in fine, fait du Conseil constitutionnel, le \u2018\u2019juge du contr\u00f4le de l\u2019\u00e9lection pr\u00e9sidentielle et des \u00e9lections parlementaires\u2019\u2019. Pour mener \u00e0 bien cette mission, et s\u2019agissant particuli\u00e8rement de l\u2019\u00e9lection du pr\u00e9sident de la R\u00e9publique, pr\u00e9vue le 31 octobre prochain, le Conseil constitutionnel a d\u00e9cid\u00e9 de renforcer ses capacit\u00e9s pour, comme le prescrit la loi, contr\u00f4ler et \u00e9tablir la liste des candidats d\u2019une part, et valider le choix des citoyens \u00e0 travers la proclamation d\u00e9finitive du vote, d\u2019autre part. Dans cette optique, les modalit\u00e9s d\u2019exercice de ces pr\u00e9rogatives sont d\u00e9crites dans un mode op\u00e9ratoire con\u00e7u par le Conseil constitutionnel. Ainsi, le mode op\u00e9ratoire, objet du pr\u00e9sent s\u00e9minaire, identifie d\u2019abord les t\u00e2ches \u00e0 ex\u00e9cuter ; d\u00e9cline ensuite le proc\u00e9d\u00e9, la mani\u00e8re ou le d\u00e9roulement de son ex\u00e9cution et enfin, d\u00e9termine les acteurs charg\u00e9s de l\u2019ex\u00e9cution desdites t\u00e2ches(\u2026) Dans la perspective de l\u2019\u00e9lection pr\u00e9sidentielle \u00e0 venir, le mode op\u00e9ratoire a pour objet de mettre en place un outil simplifi\u00e9 permettant au Conseil constitutionnel d\u2019ex\u00e9cuter ses t\u00e2ches avec plus de c\u00e9l\u00e9rit\u00e9 et d\u2019efficacit\u00e9 \u00bb. Poursuivant, le  pr\u00e9sident du conseil constitutionnel   a indiqu\u00e9 que ce s\u00e9minaire sur le mode op\u00e9ratoire permettra aux acteurs institutionnels du processus \u00e9lectoral, de \u2018\u2019Avoir la m\u00eame compr\u00e9hension de la mission\u2019\u2019, \u2018\u2019Faciliter l\u2019organisation pratique en harmonisant la mani\u00e8re de faire\u2019\u2019, \u2018\u2019Simplifier l\u2019ex\u00e9cution des t\u00e2ches\u2019\u2019, \u2018\u2019Capitaliser les efforts d\u00e9ploy\u00e9s et les \u00e9nergies fournies pour ex\u00e9cuter la mission\u2019\u2019.<\/p>\n<p>\u00c0 en croire Jacqueline Lohoues-Oble, pr\u00e9sidente du Comit\u00e9 scientifique, les s\u00e9minaristes seront outill\u00e9s sur plusieurs th\u00e9matiques entre autre \u2018\u2019Le cadre juridique  de la mission du Conseil constitutionnel en mati\u00e8re d\u2019\u00e9lection du pr\u00e9sident de la R\u00e9publique\u2019\u2019, \u2018\u2019Le parrainage des candidatures\u2019\u2019, \u2018\u2019L\u2019investiture des candidats pr\u00e9sent\u00e9s par les partis ou groupements politiques\u2019\u2019. Ce s\u00e9minaire de deux jours prendra fin avec l\u2019examen et l\u2019adoption de l\u2019avant-projet du mode op\u00e9ratoire de l\u2019institution en mati\u00e8re d\u2019\u00e9lection pr\u00e9sidentielle. Cette activit\u00e9 a \u00e9t\u00e9 organis\u00e9e avec la participation du minist\u00e8re de l\u2019Administration du territoire et de la D\u00e9centralisation, et celui aupr\u00e8s du Pr\u00e9sident de la R\u00e9publique charg\u00e9 des relations avec les Institutions.<\/p>\n<p><strong>MO avec KN<\/strong><\/p>\n","protected":false},"excerpt":{"rendered":"<p>Le Conseil constitutionnel en collaboration avec le Programme des Nations-Unies pour le d\u00e9veloppement (Pnud) organise du mercredi 19 au jeudi 20 ao\u00fbt 2020 dans un h\u00f4tel de Grand-Bassam, un s\u00e9minaire de pr\u00e9paration de l\u2019\u00e9lection du pr\u00e9sident de la R\u00e9publique du 31 octobre 2020. Proc\u00e9dant \u00e0 l\u2019ouverture de ce s\u00e9minaire, en pr\u00e9sence de Coulibaly-Kuibiert Ibrahime, le [&hellip;]<\/p>\n","protected":false},"author":3,"featured_media":22415,"comment_status":"closed","ping_status":"closed","sticky":false,"template":"","format":"standard","meta":{"_monsterinsights_skip_tracking":false,"_monsterinsights_sitenote_active":false,"_monsterinsights_sitenote_note":"","_monsterinsights_sitenote_category":0,"footnotes":""},"categories":[2,17],"tags":[],"class_list":["post-22414","post","type-post","status-publish","format-standard","has-post-thumbnail","hentry","category-featured","category-politique"],"_links":{"self":[{"href":"https:\/\/www.lintelligentdabidjan.info\/news\/wp-json\/wp\/v2\/posts\/22414","targetHints":{"allow":["GET"]}}],"collection":[{"href":"https:\/\/www.lintelligentdabidjan.info\/news\/wp-json\/wp\/v2\/posts"}],"about":[{"href":"https:\/\/www.lintelligentdabidjan.info\/news\/wp-json\/wp\/v2\/types\/post"}],"author":[{"embeddable":true,"href":"https:\/\/www.lintelligentdabidjan.info\/news\/wp-json\/wp\/v2\/users\/3"}],"replies":[{"embeddable":true,"href":"https:\/\/www.lintelligentdabidjan.info\/news\/wp-json\/wp\/v2\/comments?post=22414"}],"version-history":[{"count":1,"href":"https:\/\/www.lintelligentdabidjan.info\/news\/wp-json\/wp\/v2\/posts\/22414\/revisions"}],"predecessor-version":[{"id":22416,"href":"https:\/\/www.lintelligentdabidjan.info\/news\/wp-json\/wp\/v2\/posts\/22414\/revisions\/22416"}],"wp:featuredmedia":[{"embeddable":true,"href":"https:\/\/www.lintelligentdabidjan.info\/news\/wp-json\/wp\/v2\/media\/22415"}],"wp:attachment":[{"href":"https:\/\/www.lintelligentdabidjan.info\/news\/wp-json\/wp\/v2\/media?parent=22414"}],"wp:term":[{"taxonomy":"category","embeddable":true,"href":"https:\/\/www.lintelligentdabidjan.info\/news\/wp-json\/wp\/v2\/categories?post=22414"},{"taxonomy":"post_tag","embeddable":true,"href":"https:\/\/www.lintelligentdabidjan.info\/news\/wp-json\/wp\/v2\/tags?post=22414"}],"curies":[{"name":"wp","href":"https:\/\/api.w.org\/{rel}","templated":true}]}}