{"id":22548,"date":"2020-08-27T00:51:41","date_gmt":"2020-08-26T22:51:41","guid":{"rendered":"https:\/\/www.lintelligentdabidjan.info\/news\/?p=22548"},"modified":"2020-08-27T00:52:05","modified_gmt":"2020-08-26T22:52:05","slug":"cote-divoire-danane-la-cedeao-elabore-un-programme-post-2020-pour-le-bien-etre-de-ses-populations","status":"publish","type":"post","link":"https:\/\/www.lintelligentdabidjan.info\/news\/cote-divoire-danane-la-cedeao-elabore-un-programme-post-2020-pour-le-bien-etre-de-ses-populations\/","title":{"rendered":"C\u00f4te d\u2019Ivoire &#8211; Danan\u00e9: La CEDEAO \u00e9labore un programme post-2020 pour le bien-\u00eatre de ses populations"},"content":{"rendered":"<p><em><strong>Le bureau national de la CEDEAO a organis\u00e9 le jeudi 20 ao\u00fbt 2020, \u00e0 la pr\u00e9fecture de Danan\u00e9, un atelier qui a r\u00e9uni plusieurs couches socioprofessionnelles de diverses nationalit\u00e9s de la r\u00e9gion.<\/strong><\/em><\/p>\n<p>L\u2019objectif \u00e9tait de cr\u00e9er une r\u00e9gion sans fronti\u00e8re, pacifique, prosp\u00e8re et coh\u00e9rente, reposant sur la bonne gouvernance, o\u00f9 la population peut acc\u00e9der \u00e0 ses \u00e9normes ressources et les exploiter \u00e0 travers la cr\u00e9ation d&#8217;opportunit\u00e9s pour le d\u00e9veloppement durable\u2026 Le chef de cabinet du ministre de l&#8217;Int\u00e9gration et des Ivoiriens de l&#8217;\u00e9tranger, F\u00e9licien Gbato, a indiqu\u00e9 que la CEDEAO se souciait de garantir le bien-\u00eatre des populations de la sous-r\u00e9gion. Il a ajout\u00e9 que le ministre Albert Flind\u00e9 \u00e9tait fortement impliqu\u00e9 dans la construction du port sec de Ferk\u00e9 et que d\u2019autres projets similaires \u00e9taient en vue \u00e0 Abengourou et Danan\u00e9, apr\u00e8s toutes ses consultations. Il a r\u00e9v\u00e9l\u00e9 que les villes de Ferk\u00e9 et d&#8217;Abengourou avaient abrit\u00e9 un atelier du m\u00eame th\u00e8me organis\u00e9 quelques jours plus t\u00f4t.<\/p>\n<p>La directrice du bureau national de la CEDEAO a pr\u00e9cis\u00e9 qu\u2019apr\u00e8s les consultations de Ferk\u00e9, Abengourou, et Danan\u00e9 la restitution se fera \u00e0 Yamoussoukro. \u00ab Ensuite elles s\u2019\u00e9tendront \u00e0 l&#8217;\u00e9chelle sous r\u00e9gionale. Parce que la CEDEAO se veut d\u00e9sormais plus rapproch\u00e9e des populations afin de recueillir leurs aspirations en fonction desquelles elle s&#8217;\u00e9vertuera \u00e0 travers des projets de proximit\u00e9 \u00e0 r\u00e9pondre \u00e0 leurs besoins \u00bb,  a d\u00e9clar\u00e9 madame Folquet Sandra. Le secr\u00e9taire g\u00e9n\u00e9ral de la pr\u00e9fecture de Danan\u00e9, Beni\u00e9 Kouakou Jean Louis, s&#8217;est r\u00e9joui du choix du d\u00e9partement qui, comme les autres villes touch\u00e9es, a une position strat\u00e9gique aux fronti\u00e8res.<\/p>\n<p><strong>Coulibaly Serge<\/strong><\/p>\n","protected":false},"excerpt":{"rendered":"<p>Le bureau national de la CEDEAO a organis\u00e9 le jeudi 20 ao\u00fbt 2020, \u00e0 la pr\u00e9fecture de Danan\u00e9, un atelier qui a r\u00e9uni plusieurs couches socioprofessionnelles de diverses nationalit\u00e9s de la r\u00e9gion. L\u2019objectif \u00e9tait de cr\u00e9er une r\u00e9gion sans fronti\u00e8re, pacifique, prosp\u00e8re et coh\u00e9rente, reposant sur la bonne gouvernance, o\u00f9 la population peut acc\u00e9der \u00e0 [&hellip;]<\/p>\n","protected":false},"author":3,"featured_media":22549,"comment_status":"closed","ping_status":"closed","sticky":false,"template":"","format":"standard","meta":{"_monsterinsights_skip_tracking":false,"_monsterinsights_sitenote_active":false,"_monsterinsights_sitenote_note":"","_monsterinsights_sitenote_category":0,"footnotes":""},"categories":[2,1,3],"tags":[],"class_list":["post-22548","post","type-post","status-publish","format-standard","has-post-thumbnail","hentry","category-featured","category-actualites","category-societe"],"_links":{"self":[{"href":"https:\/\/www.lintelligentdabidjan.info\/news\/wp-json\/wp\/v2\/posts\/22548","targetHints":{"allow":["GET"]}}],"collection":[{"href":"https:\/\/www.lintelligentdabidjan.info\/news\/wp-json\/wp\/v2\/posts"}],"about":[{"href":"https:\/\/www.lintelligentdabidjan.info\/news\/wp-json\/wp\/v2\/types\/post"}],"author":[{"embeddable":true,"href":"https:\/\/www.lintelligentdabidjan.info\/news\/wp-json\/wp\/v2\/users\/3"}],"replies":[{"embeddable":true,"href":"https:\/\/www.lintelligentdabidjan.info\/news\/wp-json\/wp\/v2\/comments?post=22548"}],"version-history":[{"count":1,"href":"https:\/\/www.lintelligentdabidjan.info\/news\/wp-json\/wp\/v2\/posts\/22548\/revisions"}],"predecessor-version":[{"id":22550,"href":"https:\/\/www.lintelligentdabidjan.info\/news\/wp-json\/wp\/v2\/posts\/22548\/revisions\/22550"}],"wp:featuredmedia":[{"embeddable":true,"href":"https:\/\/www.lintelligentdabidjan.info\/news\/wp-json\/wp\/v2\/media\/22549"}],"wp:attachment":[{"href":"https:\/\/www.lintelligentdabidjan.info\/news\/wp-json\/wp\/v2\/media?parent=22548"}],"wp:term":[{"taxonomy":"category","embeddable":true,"href":"https:\/\/www.lintelligentdabidjan.info\/news\/wp-json\/wp\/v2\/categories?post=22548"},{"taxonomy":"post_tag","embeddable":true,"href":"https:\/\/www.lintelligentdabidjan.info\/news\/wp-json\/wp\/v2\/tags?post=22548"}],"curies":[{"name":"wp","href":"https:\/\/api.w.org\/{rel}","templated":true}]}}