{"id":22732,"date":"2020-09-09T12:58:38","date_gmt":"2020-09-09T10:58:38","guid":{"rendered":"https:\/\/www.lintelligentdabidjan.info\/news\/?p=22732"},"modified":"2020-09-09T14:03:17","modified_gmt":"2020-09-09T12:03:17","slug":"emballo-buhari-eligibilite-elections-en-cote-divoire-ou-coulisses-du-sommet-de-la-cedeao-au-niger","status":"publish","type":"post","link":"https:\/\/www.lintelligentdabidjan.info\/news\/emballo-buhari-eligibilite-elections-en-cote-divoire-ou-coulisses-du-sommet-de-la-cedeao-au-niger\/","title":{"rendered":"Emballo, Buhari, \u00e9ligibilit\u00e9, \u00e9lections en C\u00f4te d\u2019Ivoire ou coulisses du sommet de la Cedeao au Niger"},"content":{"rendered":"<p><em><strong>Le lundi 7 septembre 2020, a eu lieu \u00e0 Niamey, le sommet des chefs d\u2019\u00c9tat de la Cedeao ( Communaut\u00e9 \u00e9conomique des \u00c9tats de l\u2019Afrique de l\u2019Ouest). \u00c0 cette occasion, le chef de l\u2019\u00c9tat ghan\u00e9en, a \u00e9t\u00e9 \u00e9lu pr\u00e9sident de la conf\u00e9rence des Chefs d\u2019\u00c9tat. <\/strong><\/em><\/p>\n<p>Parmi les d\u00e9cisions du sommet, les chef d\u2019\u00c9tat ou de gouvernement des pays membres de la Cedeao ont approuv\u00e9 \u00e0 l\u2019unanimit\u00e9 apr\u00e8s des \u00e9changes, le rapport du Conseil de Mediation et de S\u00e9curit\u00e9 qui recommande :<\/p>\n<p>-1- La poursuite des pr\u00e9paratifs de l\u2019\u00e9lection pr\u00e9sidentielle du 31 octobre 2020 en C\u00f4te d\u2019Ivoire afin qu&#8217;elles se tiennent \u00e0 \u00e9ch\u00e9ance constitutionnelle ;<\/p>\n<p>&#8211; Un appel aux partis politiques et aux acteurs du processus \u00e9lectoral en vue de se conformer \u00e0 la d\u00e9cision du Conseil constitutionnel, seule institution habilit\u00e9e \u00e0 valider les candidatures pour l\u2019\u00e9lection du Pr\u00e9sident de la R\u00e9publique. <\/p>\n<p>Selon nos informations, le Pr\u00e9sident Buhari du Nig\u00e9ria n&#8217;a pas \u00e9voqu\u00e9 la question du 3eme mandat lors du Sommet de Niamey. Sa seule intervention pendant le Sommet a eu lieu lors de la br\u00e8ve presentation de son rapport sur le point de la Pandemie de la Covid-19 dans la r\u00e9gion. Les propos qui lui ont ensuite \u00e9t\u00e9 attribu\u00e9s sur les mandats des pr\u00e9sidents n\u2019ont pas \u00e9t\u00e9 tenus devant ses homologues.<\/p>\n<p>Durant le sommet, le Pr\u00e9sident de la Guin\u00e9e Bissau Embalo a dit au pr\u00e9sident Issoufou du Nig\u00e9ria , qu&#8217;il est dispos\u00e9  \u00e0 lui preter ses lunettes pour qu&#8217;il puisse mieux voir. Le pr\u00e9sident Emballo a profit\u00e9 pour  <\/p>\n<p>r\u00e9clamer qu&#8217;un pays lusophone pr\u00e9side la Cedeao apr\u00e8s le Ghana,  ou encore pour que la conf\u00e9rence soutienne le candidat du Niger pour la direction de l&#8217;ASECNA. <\/p>\n<p>Dans la salle, en pr\u00e9sence du Pr\u00e9sident ivoirien Alassane Ouattara, Emballo est rest\u00e9 muet. Le d\u00e9bat qu&#8217;il aurait eu avec le chef de l\u2019\u00c9tat ivoirien sur la question du 3\u00e8me  mandat n&#8217;a jamais exist\u00e9, selon nos sources.<\/p>\n<p><strong><br \/>\nCharles K<\/strong><\/p>\n","protected":false},"excerpt":{"rendered":"<p>Le lundi 7 septembre 2020, a eu lieu \u00e0 Niamey, le sommet des chefs d\u2019\u00c9tat de la Cedeao ( Communaut\u00e9 \u00e9conomique des \u00c9tats de l\u2019Afrique de l\u2019Ouest). \u00c0 cette occasion, le chef de l\u2019\u00c9tat ghan\u00e9en, a \u00e9t\u00e9 \u00e9lu pr\u00e9sident de la conf\u00e9rence des Chefs d\u2019\u00c9tat. Parmi les d\u00e9cisions du sommet, les chef d\u2019\u00c9tat ou de [&hellip;]<\/p>\n","protected":false},"author":3,"featured_media":22733,"comment_status":"closed","ping_status":"closed","sticky":false,"template":"","format":"standard","meta":{"_monsterinsights_skip_tracking":false,"_monsterinsights_sitenote_active":false,"_monsterinsights_sitenote_note":"","_monsterinsights_sitenote_category":0,"footnotes":""},"categories":[2,1],"tags":[],"class_list":["post-22732","post","type-post","status-publish","format-standard","has-post-thumbnail","hentry","category-featured","category-actualites"],"_links":{"self":[{"href":"https:\/\/www.lintelligentdabidjan.info\/news\/wp-json\/wp\/v2\/posts\/22732","targetHints":{"allow":["GET"]}}],"collection":[{"href":"https:\/\/www.lintelligentdabidjan.info\/news\/wp-json\/wp\/v2\/posts"}],"about":[{"href":"https:\/\/www.lintelligentdabidjan.info\/news\/wp-json\/wp\/v2\/types\/post"}],"author":[{"embeddable":true,"href":"https:\/\/www.lintelligentdabidjan.info\/news\/wp-json\/wp\/v2\/users\/3"}],"replies":[{"embeddable":true,"href":"https:\/\/www.lintelligentdabidjan.info\/news\/wp-json\/wp\/v2\/comments?post=22732"}],"version-history":[{"count":3,"href":"https:\/\/www.lintelligentdabidjan.info\/news\/wp-json\/wp\/v2\/posts\/22732\/revisions"}],"predecessor-version":[{"id":22736,"href":"https:\/\/www.lintelligentdabidjan.info\/news\/wp-json\/wp\/v2\/posts\/22732\/revisions\/22736"}],"wp:featuredmedia":[{"embeddable":true,"href":"https:\/\/www.lintelligentdabidjan.info\/news\/wp-json\/wp\/v2\/media\/22733"}],"wp:attachment":[{"href":"https:\/\/www.lintelligentdabidjan.info\/news\/wp-json\/wp\/v2\/media?parent=22732"}],"wp:term":[{"taxonomy":"category","embeddable":true,"href":"https:\/\/www.lintelligentdabidjan.info\/news\/wp-json\/wp\/v2\/categories?post=22732"},{"taxonomy":"post_tag","embeddable":true,"href":"https:\/\/www.lintelligentdabidjan.info\/news\/wp-json\/wp\/v2\/tags?post=22732"}],"curies":[{"name":"wp","href":"https:\/\/api.w.org\/{rel}","templated":true}]}}