{"id":228,"date":"2016-10-01T11:50:27","date_gmt":"2016-10-01T09:50:27","guid":{"rendered":"http:\/\/www.lintelligentdabidjan.info\/news\/?p=228"},"modified":"2016-10-01T11:50:27","modified_gmt":"2016-10-01T09:50:27","slug":"lutte-contre-la-traite-des-enfants-six-ivoiriens-en-provenance-du-niger-ont-regagne-la-cote-divoire","status":"publish","type":"post","link":"https:\/\/www.lintelligentdabidjan.info\/news\/lutte-contre-la-traite-des-enfants-six-ivoiriens-en-provenance-du-niger-ont-regagne-la-cote-divoire\/","title":{"rendered":"Lutte contre la traite des enfants  Six Ivoiriens, en provenance du Niger ont regagn\u00e9 la C\u00f4te d\u2019Ivoire"},"content":{"rendered":"<p>Le minist\u00e8re de la Promotion, de la Femme, de la Famille et de l\u2019Enfant, en partenariat avec l\u2019Organisation internationale pour les migrations (Oim) a organis\u00e9 le retour de six enfants ivoiriens, victimes de traite au Niger. Ils ont regagn\u00e9 Abidjan  le mardi 27 septembre 2016 \u00e0 18h.<br \/>\nLes enfants ont \u00e9t\u00e9 accueillis \u00e0 leur arriv\u00e9e au salon d\u2019honneur de l\u2019a\u00e9roport international F\u00e9lix Houphou\u00ebt-Boigny par Kouakou Magel, directeur de cabinet de la ministre de la Femme, de la Famille et de l\u2019Enfant, Euphrasie Yao Kouassi.<br \/>\nLe directeur de cabinet, a,  au nom de la ministre, de la 1\u00e8re Dame Dominique Ouattara et   du Gouvernement, exprim\u00e9 sa compassion aux enfants pour les douloureuses \u00e9preuves qu\u2019ils ont subies par la faute de personnes, qu\u2019il a qualifi\u00e9es de \u2018\u2019malveillantes et sans scrupules\u2019\u2019. Poursuivant, il a encourag\u00e9 et f\u00e9licit\u00e9 les autorit\u00e9s du Niger, qui dans la dynamique de l\u2019esprit de cordialit\u00e9 et de collaboration, ont tout mis en \u0153uvre pour que les enfants puissent retrouver leur pays natal. Profitant de l\u2019occasion, Kouakou Magel a r\u00e9it\u00e9r\u00e9 l\u2019appel du gouvernement aux familles, aux populations urbaines et rurales, et \u00e0 l\u2019ensemble de la communaut\u00e9 nationale et internationale concernant la vigilance et l\u2019implication dans la lutte  contre le ph\u00e9nom\u00e8ne criminel de la traite des enfants.<br \/>\n\u00ab La place de nos enfants, nous ne cesserons de le dire, est \u00e0 l\u2019\u00e9cole ou en formation et non au travail ni sur les routes, dans des circonstances qui les exposent \u00e0 divers abus et autres formes d\u2019exploitation \u00bb, a-t-il rappel\u00e9. Avant d\u2019ajouter que les deux convoyeurs trafiquants sont pr\u00e9sentement aux arr\u00eats au Niger. \u00ab Les enfants seront conduits dans des centres d\u2019accueil pour continuer le suivi psycho-social (\u2026) Cependant, des enqu\u00eates se poursuivront au fin de mettre la main sur tous les acteurs impliqu\u00e9s dans ce trafic (\u2026) M\u00eame les parents, s\u2019il est prouv\u00e9 leur complicit\u00e9, seront punis conform\u00e9ment par la loi \u00bb, a-t-il menac\u00e9.<\/p>\n<p>Une piste suivie depuis juillet<br \/>\nQuant \u00e0 Guittey Laurent, charg\u00e9 des programmes \u00e0 l\u2019Oim, il a expliqu\u00e9 que c\u2019est depuis le mois de juillet 2016 que les autorit\u00e9s nig\u00e9riennes ont contact\u00e9 Abidjan, suite \u00e0 la d\u00e9couverte des enfants ivoiriens dans des zones \u00e0 risques. \u00ab Nous avons \u00e9t\u00e9 contact\u00e9 parce que les enfants se trouvaient dans une zone o\u00f9 ils ne devraient pas \u00eatre, en compagnie de certaines personnes (\u2026) C\u2019est d\u00e8s cet instant qu\u2019ils ont \u00e9t\u00e9 recueillis par les autorit\u00e9s nig\u00e9riennes dans un centre d\u2019accueil \u00bb, a-t-il expliqu\u00e9, sans toutefois donner des d\u00e9tails sur le reste de la proc\u00e9dure.<br \/>\nROK<\/p>\n","protected":false},"excerpt":{"rendered":"<p>Le minist\u00e8re de la Promotion, de la Femme, de la Famille et de l\u2019Enfant, en partenariat avec l\u2019Organisation internationale pour les migrations (Oim) a organis\u00e9 le retour de six enfants ivoiriens, victimes de traite au Niger. Ils ont regagn\u00e9 Abidjan le mardi 27 septembre 2016 \u00e0 18h. Les enfants ont \u00e9t\u00e9 accueillis \u00e0 leur arriv\u00e9e [&hellip;]<\/p>\n","protected":false},"author":1,"featured_media":0,"comment_status":"closed","ping_status":"closed","sticky":false,"template":"","format":"standard","meta":{"_monsterinsights_skip_tracking":false,"_monsterinsights_sitenote_active":false,"_monsterinsights_sitenote_note":"","_monsterinsights_sitenote_category":0,"footnotes":""},"categories":[3],"tags":[],"class_list":["post-228","post","type-post","status-publish","format-standard","hentry","category-societe"],"_links":{"self":[{"href":"https:\/\/www.lintelligentdabidjan.info\/news\/wp-json\/wp\/v2\/posts\/228","targetHints":{"allow":["GET"]}}],"collection":[{"href":"https:\/\/www.lintelligentdabidjan.info\/news\/wp-json\/wp\/v2\/posts"}],"about":[{"href":"https:\/\/www.lintelligentdabidjan.info\/news\/wp-json\/wp\/v2\/types\/post"}],"author":[{"embeddable":true,"href":"https:\/\/www.lintelligentdabidjan.info\/news\/wp-json\/wp\/v2\/users\/1"}],"replies":[{"embeddable":true,"href":"https:\/\/www.lintelligentdabidjan.info\/news\/wp-json\/wp\/v2\/comments?post=228"}],"version-history":[{"count":1,"href":"https:\/\/www.lintelligentdabidjan.info\/news\/wp-json\/wp\/v2\/posts\/228\/revisions"}],"predecessor-version":[{"id":229,"href":"https:\/\/www.lintelligentdabidjan.info\/news\/wp-json\/wp\/v2\/posts\/228\/revisions\/229"}],"wp:attachment":[{"href":"https:\/\/www.lintelligentdabidjan.info\/news\/wp-json\/wp\/v2\/media?parent=228"}],"wp:term":[{"taxonomy":"category","embeddable":true,"href":"https:\/\/www.lintelligentdabidjan.info\/news\/wp-json\/wp\/v2\/categories?post=228"},{"taxonomy":"post_tag","embeddable":true,"href":"https:\/\/www.lintelligentdabidjan.info\/news\/wp-json\/wp\/v2\/tags?post=228"}],"curies":[{"name":"wp","href":"https:\/\/api.w.org\/{rel}","templated":true}]}}