{"id":22812,"date":"2020-09-11T01:26:09","date_gmt":"2020-09-10T23:26:09","guid":{"rendered":"https:\/\/www.lintelligentdabidjan.info\/news\/?p=22812"},"modified":"2020-09-11T01:26:09","modified_gmt":"2020-09-10T23:26:09","slug":"presidentielle-2020-une-organisation-veut-saisir-lunion-africaine-pour-le-report-du-scrutin","status":"publish","type":"post","link":"https:\/\/www.lintelligentdabidjan.info\/news\/presidentielle-2020-une-organisation-veut-saisir-lunion-africaine-pour-le-report-du-scrutin\/","title":{"rendered":"Pr\u00e9sidentielle 2020 &#8211;  Une organisation veut saisir l\u2019Union africaine pour le report du scrutin"},"content":{"rendered":"<p><em><strong>Le pr\u00e9sident Afrique de l\u2019Union de la jeunesse africaine (Uja), Zadi Dago Andr\u00e9 Guythaud, dans une d\u00e9claration dont l\u2019IA a eu copie le mardi 8 septembre 2020, souhaite saisir l\u2019Union africaine pour recommander le report de l\u2019\u00e9lection pr\u00e9sidentielle du 31 octobre 2020.<\/strong><\/em><\/p>\n<p>\u00ab Je conduis une grande d\u00e9l\u00e9gation de la jeunesse africaine le jeudi 17 septembre 2020 pour saisir les instances de l\u2019Union Africaine pour des dispositions n\u00e9cessaires et suffisantes quant \u00e0 la cr\u00e9dibilit\u00e9 et la transparence des \u00e9lections pr\u00e9sidentielles du 31 octobre 2020 en C\u00f4te d\u2019Ivoire qui passent forc\u00e9ment par la reprise de la Commission Electorale Ind\u00e9pendante (C.E.I) comme l\u2019a demand\u00e9 l\u2019Union Africaine par la Cour Africaine de Justice et des Droits de l\u2019Homme des Peuples (CAJDHP), et l\u2019observation du scrutin par l\u2019Union Africaine sur tout le territoire, surtout que nous avons d\u00e9j\u00e0 un peu plus de 10 morts dans les violences du 3\u00e8me mandat du Chef de l\u2019Etat Alassane Ouattara \u00bb, a indiqu\u00e9 Zadi Dago Andr\u00e9 Guythaud. Selon lui, les raisons de cette d\u00e9marche sont entre autres  li\u00e9es au  bilan alarmant de la crise post-\u00e9lectorale de 2010, les 10 morts enregistr\u00e9s lors des manifestations \u00ab anti 3\u00e8me mandat du pr\u00e9sident Alassane Ouattara \u00bb. Dans cette m\u00eame optique, une d\u00e9l\u00e9gation de l\u2019Uja va rencontrer dans les prochains jours, Ciril Ramaphosa, pr\u00e9sident de la R\u00e9publique d\u2019Afrique du Sud et Pr\u00e9sident en Exercice de l\u2019Union Africaine, ainsi que d\u2019autres institutions continentales africaines pour solliciter le report d\u2019au moins 6 mois de la pr\u00e9sidentielle en C\u00f4te d\u2019Ivoire .<\/p>\n<p><strong>MO avec KN(Sercom)<\/strong><\/p>\n","protected":false},"excerpt":{"rendered":"<p>Le pr\u00e9sident Afrique de l\u2019Union de la jeunesse africaine (Uja), Zadi Dago Andr\u00e9 Guythaud, dans une d\u00e9claration dont l\u2019IA a eu copie le mardi 8 septembre 2020, souhaite saisir l\u2019Union africaine pour recommander le report de l\u2019\u00e9lection pr\u00e9sidentielle du 31 octobre 2020. \u00ab Je conduis une grande d\u00e9l\u00e9gation de la jeunesse africaine le jeudi 17 [&hellip;]<\/p>\n","protected":false},"author":3,"featured_media":22813,"comment_status":"closed","ping_status":"closed","sticky":false,"template":"","format":"standard","meta":{"_monsterinsights_skip_tracking":false,"_monsterinsights_sitenote_active":false,"_monsterinsights_sitenote_note":"","_monsterinsights_sitenote_category":0,"footnotes":""},"categories":[2,17],"tags":[],"class_list":["post-22812","post","type-post","status-publish","format-standard","has-post-thumbnail","hentry","category-featured","category-politique"],"_links":{"self":[{"href":"https:\/\/www.lintelligentdabidjan.info\/news\/wp-json\/wp\/v2\/posts\/22812","targetHints":{"allow":["GET"]}}],"collection":[{"href":"https:\/\/www.lintelligentdabidjan.info\/news\/wp-json\/wp\/v2\/posts"}],"about":[{"href":"https:\/\/www.lintelligentdabidjan.info\/news\/wp-json\/wp\/v2\/types\/post"}],"author":[{"embeddable":true,"href":"https:\/\/www.lintelligentdabidjan.info\/news\/wp-json\/wp\/v2\/users\/3"}],"replies":[{"embeddable":true,"href":"https:\/\/www.lintelligentdabidjan.info\/news\/wp-json\/wp\/v2\/comments?post=22812"}],"version-history":[{"count":1,"href":"https:\/\/www.lintelligentdabidjan.info\/news\/wp-json\/wp\/v2\/posts\/22812\/revisions"}],"predecessor-version":[{"id":22814,"href":"https:\/\/www.lintelligentdabidjan.info\/news\/wp-json\/wp\/v2\/posts\/22812\/revisions\/22814"}],"wp:featuredmedia":[{"embeddable":true,"href":"https:\/\/www.lintelligentdabidjan.info\/news\/wp-json\/wp\/v2\/media\/22813"}],"wp:attachment":[{"href":"https:\/\/www.lintelligentdabidjan.info\/news\/wp-json\/wp\/v2\/media?parent=22812"}],"wp:term":[{"taxonomy":"category","embeddable":true,"href":"https:\/\/www.lintelligentdabidjan.info\/news\/wp-json\/wp\/v2\/categories?post=22812"},{"taxonomy":"post_tag","embeddable":true,"href":"https:\/\/www.lintelligentdabidjan.info\/news\/wp-json\/wp\/v2\/tags?post=22812"}],"curies":[{"name":"wp","href":"https:\/\/api.w.org\/{rel}","templated":true}]}}