{"id":22848,"date":"2020-09-14T01:04:55","date_gmt":"2020-09-13T23:04:55","guid":{"rendered":"https:\/\/www.lintelligentdabidjan.info\/news\/?p=22848"},"modified":"2020-09-14T01:04:55","modified_gmt":"2020-09-13T23:04:55","slug":"liberation-de-lhonorable-soumaila-cisse-au-mali-haidara-mourlaye-aboubacrin-yoro-traore-et-les-militants-de-urd-cote-divoire-interpellentle-cnsp-lalgerie-la-france-la-cedeao-et-l","status":"publish","type":"post","link":"https:\/\/www.lintelligentdabidjan.info\/news\/liberation-de-lhonorable-soumaila-cisse-au-mali-haidara-mourlaye-aboubacrin-yoro-traore-et-les-militants-de-urd-cote-divoire-interpellentle-cnsp-lalgerie-la-france-la-cedeao-et-l\/","title":{"rendered":"Lib\u00e9ration de l&#8217;honorable Souma\u00efla Ciss\u00e9 au Mali:  Ha\u00efdara Mourlaye, Aboubacrin Yoro Traor\u00e9 et les militants de Urd-C\u00f4te d&#8217;Ivoire interpellentle Cnsp , l\u2019Alg\u00e9rie, la France, la Cedeao et l\u2019Onu"},"content":{"rendered":"<p><em><strong>Le bureau de la section Union pour la R\u00e9publique et la d\u00e9mocratie (Urd) de C\u00f4te d&#8217;Ivoire, a anim\u00e9 un point de presse le samedi 12 septembre 2020 \u00e0 l&#8217;\u00e9cole r\u00e9gional d&#8217;Abidjan-Treichville, pour r\u00e9clamer la lib\u00e9ration du pr\u00e9sident fondateur du parti l&#8217;honorable Souma\u00efla Ciss\u00e9,  chef de file de l&#8217;opposition malienne, enlev\u00e9 depuis le 25 mars 2020 en pleine campagne \u00e9lectorale pour les \u00e9lections l\u00e9gislatives.<\/strong><\/em><\/p>\n<p>Toutes les instances de l&#8217;Urd de la section C\u00f4te d&#8217;Ivoire (femmes, jeunes, sympathisants et militants venus de toutes les villes environnantes d&#8217;Abidjan) \u00e9taient pr\u00e9sentes pour exiger la lib\u00e9ration de leur pr\u00e9sident Souma\u00efla Ciss\u00e9, qui a successivement \u00e9t\u00e9 ministre des Finances en 1993, ministre des Finances et du Commerce en 1994, puis ministre de l\u2019\u00c9quipement, de l\u2019Am\u00e9nagement du territoire, de l\u2019Environnement et de l\u2019Urbanisme en 2000.<br \/>\n\u00ab Depuis le 25 mars 2020, l&#8217;honorable monsieur Ciss\u00e9 a \u00e9t\u00e9 enlev\u00e9 alors qu&#8217;il \u00e9tait en campagne pour les d\u00e9putations dans sa circonscription \u00e9lectorale de Niafunk\u00e9. Cet enl\u00e8vement, jusqu&#8217;\u00e0 ce jour, n&#8217;a pas \u00e9t\u00e9 revendiqu\u00e9. N\u00e9anmoins, l&#8217;ex pr\u00e9sident Ibk, pendant son discours \u00e0 la nation, a d\u00e9clar\u00e9 qu&#8217;il \u00e9tait en n\u00e9gociation avec ses ravisseurs et qu&#8217;il serait tr\u00e8s bient\u00f4t lib\u00e9r\u00e9. En outre,il a pu faire parvenir \u00e0 sa famille des courriers par l&#8217;entremise du Comit\u00e9 international de la Croix rouge et croissant rouge (Cicr). Tous ces \u00e9l\u00e9ments, constituent des lueurs d&#8217;espoir dans cette nuit noire de son enl\u00e8vement, et fondent notre combat pour sa lib\u00e9ration. En effet, \u00e0 un moment o\u00f9 le Mali est \u00e0 la crois\u00e9e des chemins, la place de l&#8217;honorable monsieur Souma\u00efla Ciss\u00e9 est aupr\u00e8s des siens, aupr\u00e8s du peuple malien, afin de prendre toute la place qui est la sienne dans cette entreprise de reconstruction d&#8217;un Mali r\u00e9ellement d\u00e9mocratique, en paix \u00e0 l&#8217;int\u00e9rieur de ses fronti\u00e8res\u00bb, a indiqu\u00e9, Aboubacrin Yoro Traor\u00e9, secr\u00e9taire g\u00e9n\u00e9ral de l&#8217;Urd-C\u00f4te d&#8217;Ivoire, dans sa d\u00e9claration, lue en pr\u00e9sence de Ha\u00efdara Mourlaye, pr\u00e9sident d&#8217;honneur du parti. Pour la lib\u00e9ration de son mentor, l&#8217;Urd appelle la communaut\u00e9 nationale et internationale \u00e0 faire pression sur ses ravisseurs. \u00ab C&#8217;est pourquoi, cette conf\u00e9rence de presse n&#8217;a qu&#8217;un seul but : demander la lib\u00e9ration de l&#8217;honorable Souma\u00efla Ciss\u00e9. Demander \u00e0 la Cedeao de faire pression sur ses ravisseurs, demander \u00e0 l&#8217;Alg\u00e9rie, parrain de l&#8217;accord de paix \u00e9ponyme de faire pression sur ses ravisseurs. Demander \u00e0 la France, ancienne puissance tut\u00e9laire, pr\u00e9sente sur le terrain \u00e0 travers la force Barkhane de faire pression sur ses ravisseurs, demander \u00e0 l&#8217;Onu, pr\u00e9sente \u00e0 travers la force Minusma pour le maintien de la paix, de faire pression sur ses ravisseurs. Demander \u00e0 l&#8217;Arabie Saoudite et au Qatar de faire pression sur ses ravisseurs. Demander au Cnsp de tout faire pour obtenir la lib\u00e9ration de l&#8217;honorable Souma\u00efla Ciss\u00e9, car il est du devoir de l&#8217;\u00c9tat malien de tout faire pour obtenir la lib\u00e9ration d&#8217;un de ses nationaux , surtout lorsqu&#8217;il est de l&#8217;envergure de l&#8217;honorable Souma\u00efla Ciss\u00e9\u00bb, a conclu le secr\u00e9taire g\u00e9n\u00e9ral. Cette d\u00e9claration a \u00e9t\u00e9 entrecoup\u00e9e par le refrain &#8220;Lib\u00e9rez Souma\u00efla&#8221; que les militants et sympathisants du parti chantaient \u00e0 ch\u0153ur.<br \/>\n<strong><br \/>\nMO avec KN<\/strong><\/p>\n","protected":false},"excerpt":{"rendered":"<p>Le bureau de la section Union pour la R\u00e9publique et la d\u00e9mocratie (Urd) de C\u00f4te d&#8217;Ivoire, a anim\u00e9 un point de presse le samedi 12 septembre 2020 \u00e0 l&#8217;\u00e9cole r\u00e9gional d&#8217;Abidjan-Treichville, pour r\u00e9clamer la lib\u00e9ration du pr\u00e9sident fondateur du parti l&#8217;honorable Souma\u00efla Ciss\u00e9, chef de file de l&#8217;opposition malienne, enlev\u00e9 depuis le 25 mars 2020 [&hellip;]<\/p>\n","protected":false},"author":3,"featured_media":22849,"comment_status":"closed","ping_status":"closed","sticky":false,"template":"","format":"standard","meta":{"_monsterinsights_skip_tracking":false,"_monsterinsights_sitenote_active":false,"_monsterinsights_sitenote_note":"","_monsterinsights_sitenote_category":0,"footnotes":""},"categories":[2,1,17],"tags":[],"class_list":["post-22848","post","type-post","status-publish","format-standard","has-post-thumbnail","hentry","category-featured","category-actualites","category-politique"],"_links":{"self":[{"href":"https:\/\/www.lintelligentdabidjan.info\/news\/wp-json\/wp\/v2\/posts\/22848","targetHints":{"allow":["GET"]}}],"collection":[{"href":"https:\/\/www.lintelligentdabidjan.info\/news\/wp-json\/wp\/v2\/posts"}],"about":[{"href":"https:\/\/www.lintelligentdabidjan.info\/news\/wp-json\/wp\/v2\/types\/post"}],"author":[{"embeddable":true,"href":"https:\/\/www.lintelligentdabidjan.info\/news\/wp-json\/wp\/v2\/users\/3"}],"replies":[{"embeddable":true,"href":"https:\/\/www.lintelligentdabidjan.info\/news\/wp-json\/wp\/v2\/comments?post=22848"}],"version-history":[{"count":1,"href":"https:\/\/www.lintelligentdabidjan.info\/news\/wp-json\/wp\/v2\/posts\/22848\/revisions"}],"predecessor-version":[{"id":22850,"href":"https:\/\/www.lintelligentdabidjan.info\/news\/wp-json\/wp\/v2\/posts\/22848\/revisions\/22850"}],"wp:featuredmedia":[{"embeddable":true,"href":"https:\/\/www.lintelligentdabidjan.info\/news\/wp-json\/wp\/v2\/media\/22849"}],"wp:attachment":[{"href":"https:\/\/www.lintelligentdabidjan.info\/news\/wp-json\/wp\/v2\/media?parent=22848"}],"wp:term":[{"taxonomy":"category","embeddable":true,"href":"https:\/\/www.lintelligentdabidjan.info\/news\/wp-json\/wp\/v2\/categories?post=22848"},{"taxonomy":"post_tag","embeddable":true,"href":"https:\/\/www.lintelligentdabidjan.info\/news\/wp-json\/wp\/v2\/tags?post=22848"}],"curies":[{"name":"wp","href":"https:\/\/api.w.org\/{rel}","templated":true}]}}