{"id":22889,"date":"2020-09-17T00:00:23","date_gmt":"2020-09-16T22:00:23","guid":{"rendered":"https:\/\/www.lintelligentdabidjan.info\/news\/?p=22889"},"modified":"2020-09-17T00:00:40","modified_gmt":"2020-09-16T22:00:40","slug":"situation-sociopolitique-declaration-des-anciens-du-meeci","status":"publish","type":"post","link":"https:\/\/www.lintelligentdabidjan.info\/news\/situation-sociopolitique-declaration-des-anciens-du-meeci\/","title":{"rendered":"Situation sociopolitique-  D\u00e9claration des anciens du MEECI"},"content":{"rendered":"<p><em><strong>Dans une d\u00e9claration dont nous avons re\u00e7u copie, les anciens du Mouvement des \u00e9tudiants et \u00e9l\u00e8ves de C\u00f4te d\u2019Ivoire (Meeci) se sont prononc\u00e9s sur la situation sociopolitique<\/strong><\/em><br \/>\n<strong><br \/>\nDe la nomination du Premier Ministre<\/strong><\/p>\n<p>Les MEECISTES se f\u00e9licitent de la nomination de Monsieur Hamed BAKAYOKO en qualit\u00e9 de Premier Ministre, Chef du Gouvernement ;<\/p>\n<p>Tout en marquant leur gratitude \u00e0 l\u2019endroit du Pr\u00e9sident de la R\u00e9publique, SEM Alassane OUATTARA, ils apportent \u00e0 cette occasion leur soutien et leur encouragement au Premier Ministre et prient le Tout Puissant pour l\u2019\u00e9clairer dans la conduite des hautes missions de l\u2019action gouvernementale.<\/p>\n<p><strong>De l\u2019analyse de situation socio-politique \u00e0 l\u2019appel \u00e0 la paix<\/strong><\/p>\n<p>A l\u2019approche des \u00e9lections pr\u00e9sidentielles d\u2019octobre 2020, un climat de crispation, de tension et d\u2019escalade verbale a vu le jour.<\/p>\n<p>Au niveau des couches sociales les plus vuln\u00e9rables, une psychose g\u00e9n\u00e9ralis\u00e9e s\u2019est install\u00e9e au niveau de la population qui redoute un environnement de crise semblable aux crises pr\u00e9c\u00e9dentes.<\/p>\n<p>Cette situation pr\u00e9occupante tant au niveau national, qu\u2019international, interpelle les anciens MEECISTES regroup\u00e9s au sein du Comit\u00e9 de r\u00e9flexion.<\/p>\n<p>Dans un souci permanent de recherche de paix, de coh\u00e9sion sociale pr\u00e9alable \u00e0 un d\u00e9veloppement \u00e9conomique harmonieux, les MEECISTES invitent les acteurs politiques et la soci\u00e9t\u00e9 civile \u00e0 user des valeurs pr\u00f4n\u00e9es par le p\u00e8re fondateur le Pr\u00e9sident F\u00e9lix Houphou\u00ebt-Boigny.<\/p>\n<p>Il s\u2019agit entre autres de la tol\u00e9rance, du droit \u00e0 la diff\u00e9rence, du pardon, de la recherche constante de solutions par l\u2019\u00e9coute mutuelle et de la capacit\u00e9 \u00e0 faire des concessions.<\/p>\n<p>Les MEECISTES exhortent les acteurs politiques au dialogue en s\u2019investissant davantage dans la consolidation de la d\u00e9mocratie et dans la promotion d\u2019un Etat de droit pour une paix, une stabilit\u00e9 et un d\u00e9veloppement qui s\u2019inscrivent dans la dur\u00e9e ;<\/p>\n<p>Les MEECISTES invitent \u00e9galement la population \u00e0 faire le pari de la sagesse et de la responsabilit\u00e9<\/p>\n<p><strong><br \/>\nComit\u00e9 de r\u00e9flexion.<\/strong><\/p>\n<p>Pour :<\/p>\n<p><strong>\u00b7le Secr\u00e9tariat \u00e0 la formation et \u00e0 la mobilisation : Bakary Ali SANOGO<\/p>\n<p>\u00b7le Secr\u00e9tariat charg\u00e9 des projets et de la communication : Fran\u00e7ois DEZA<\/p>\n<p>\u00b7le Secr\u00e9tariat aux affaires juridiques : OULA\u00cf CREPIN<\/strong><\/p>\n","protected":false},"excerpt":{"rendered":"<p>Dans une d\u00e9claration dont nous avons re\u00e7u copie, les anciens du Mouvement des \u00e9tudiants et \u00e9l\u00e8ves de C\u00f4te d\u2019Ivoire (Meeci) se sont prononc\u00e9s sur la situation sociopolitique De la nomination du Premier Ministre Les MEECISTES se f\u00e9licitent de la nomination de Monsieur Hamed BAKAYOKO en qualit\u00e9 de Premier Ministre, Chef du Gouvernement ; Tout en [&hellip;]<\/p>\n","protected":false},"author":3,"featured_media":22890,"comment_status":"closed","ping_status":"closed","sticky":false,"template":"","format":"standard","meta":{"_monsterinsights_skip_tracking":false,"_monsterinsights_sitenote_active":false,"_monsterinsights_sitenote_note":"","_monsterinsights_sitenote_category":0,"footnotes":""},"categories":[2,17,3],"tags":[],"class_list":["post-22889","post","type-post","status-publish","format-standard","has-post-thumbnail","hentry","category-featured","category-politique","category-societe"],"_links":{"self":[{"href":"https:\/\/www.lintelligentdabidjan.info\/news\/wp-json\/wp\/v2\/posts\/22889","targetHints":{"allow":["GET"]}}],"collection":[{"href":"https:\/\/www.lintelligentdabidjan.info\/news\/wp-json\/wp\/v2\/posts"}],"about":[{"href":"https:\/\/www.lintelligentdabidjan.info\/news\/wp-json\/wp\/v2\/types\/post"}],"author":[{"embeddable":true,"href":"https:\/\/www.lintelligentdabidjan.info\/news\/wp-json\/wp\/v2\/users\/3"}],"replies":[{"embeddable":true,"href":"https:\/\/www.lintelligentdabidjan.info\/news\/wp-json\/wp\/v2\/comments?post=22889"}],"version-history":[{"count":1,"href":"https:\/\/www.lintelligentdabidjan.info\/news\/wp-json\/wp\/v2\/posts\/22889\/revisions"}],"predecessor-version":[{"id":22891,"href":"https:\/\/www.lintelligentdabidjan.info\/news\/wp-json\/wp\/v2\/posts\/22889\/revisions\/22891"}],"wp:featuredmedia":[{"embeddable":true,"href":"https:\/\/www.lintelligentdabidjan.info\/news\/wp-json\/wp\/v2\/media\/22890"}],"wp:attachment":[{"href":"https:\/\/www.lintelligentdabidjan.info\/news\/wp-json\/wp\/v2\/media?parent=22889"}],"wp:term":[{"taxonomy":"category","embeddable":true,"href":"https:\/\/www.lintelligentdabidjan.info\/news\/wp-json\/wp\/v2\/categories?post=22889"},{"taxonomy":"post_tag","embeddable":true,"href":"https:\/\/www.lintelligentdabidjan.info\/news\/wp-json\/wp\/v2\/tags?post=22889"}],"curies":[{"name":"wp","href":"https:\/\/api.w.org\/{rel}","templated":true}]}}