{"id":22915,"date":"2020-09-18T02:19:11","date_gmt":"2020-09-18T00:19:11","guid":{"rendered":"https:\/\/www.lintelligentdabidjan.info\/news\/?p=22915"},"modified":"2020-09-18T02:19:20","modified_gmt":"2020-09-18T00:19:20","slug":"lutte-contre-la-poliomyelite-une-campagne-de-vaccination-annoncee-pour-le-18-septembre","status":"publish","type":"post","link":"https:\/\/www.lintelligentdabidjan.info\/news\/lutte-contre-la-poliomyelite-une-campagne-de-vaccination-annoncee-pour-le-18-septembre\/","title":{"rendered":"Lutte contre la Poliomy\u00e9lite-  Une campagne de vaccination annonc\u00e9e pour le 18 septembre"},"content":{"rendered":"<p><em><strong>Le  lundi 15 septembre 2020 \u00e0 la direction de coordination du programme \u00e9largi de vaccination ( DC-PEV), une formation a \u00e9t\u00e9  dispens\u00e9e  sur la campagne de vaccination contre la poliomy\u00e9lite.<\/strong><\/em><\/p>\n<p> Au cours de cette formation, le Docteur Aka Lefri a dit : \u00abLa C\u00f4te d&#8217;Ivoire a, certes vaincu le Poliovirus sauvage mais malheureusement un nouveau type de polio a \u00e9t\u00e9 d\u00e9tect\u00e9 dans l&#8217;environnement le 04 novembre 2019, et depuis lors, le pays a enregistr\u00e9 37 cas chez des enfants sur toute l&#8217;\u00e9tendue du territoire. La circulation de ce nouveau Poliovirus risque de r\u00e9duire \u00e0 n\u00e9ant tous les efforts consentis depuis des ann\u00e9es. Il est donc imp\u00e9ratif d&#8217;y apporter une r\u00e9ponse ad\u00e9quate afin de pr\u00e9server les acquis en mati\u00e8re de lutte contre la poliomy\u00e9lite, et c&#8217;est bien pour cela qu&#8217;il aura une campagne de vaccination contre la poliomy\u00e9lite du 18 au 21septembre 2020 sur toute l&#8217;\u00e9tendue du territoire. Tous les enfants sont concern\u00e9s car cela peut tous les toucher. Il est bien d&#8217;indiquer que c&#8217;est un nouveau vaccin sp\u00e9cifique au mal qui sera administr\u00e9\u00bb .<\/p>\n<p>Le Docteur Yeboua Amoikou a indiqu\u00e9 qu&#8217;il y aura une nouvelle technique d&#8217;approche de la population afin de les sensibiliser sur la r\u00e9alit\u00e9 de ce mal. \u00ab Pour \u00e9viter toute sorte de pol\u00e9mique ou de refus alors que le mal est s\u00e9rieux et se multiplie,  nous avons chang\u00e9 totalement nos m\u00e9thodes. Dor\u00e9navant, il y&#8217;aura des mobilisateurs qui visiteront les m\u00e9nages afin de sensibiliser les familles, recenser les enfants de 0 \u00e0 5 ans, puis \u00e7a sera autour des vaccinateurs de vacciner les enfants recens\u00e9s. Alors chers  Parents, accueillez \u00e0 bras ouverts les mobilisateurs, les vaccinateurs et accepter de faire vacciner tous les enfants dont l&#8217;\u00e2ge varie entre 0 \u00e0 5ans. \u00c0 vous agents vaccinateurs, vous ne devez pas laisser pour compte un seul enfant vivant sur le territoire ivoirien.\u00bb , a-t-il soulign\u00e9.<\/p>\n<p>Les journ\u00e9es nationales de vaccination contre la poliomy\u00e9lite se tiendront du 18 au 21 septembre.<\/p>\n<p><strong>MO avec CB<\/strong><\/p>\n","protected":false},"excerpt":{"rendered":"<p>Le lundi 15 septembre 2020 \u00e0 la direction de coordination du programme \u00e9largi de vaccination ( DC-PEV), une formation a \u00e9t\u00e9 dispens\u00e9e sur la campagne de vaccination contre la poliomy\u00e9lite. Au cours de cette formation, le Docteur Aka Lefri a dit : \u00abLa C\u00f4te d&#8217;Ivoire a, certes vaincu le Poliovirus sauvage mais malheureusement un nouveau [&hellip;]<\/p>\n","protected":false},"author":3,"featured_media":22916,"comment_status":"closed","ping_status":"closed","sticky":false,"template":"","format":"standard","meta":{"_monsterinsights_skip_tracking":false,"_monsterinsights_sitenote_active":false,"_monsterinsights_sitenote_note":"","_monsterinsights_sitenote_category":0,"footnotes":""},"categories":[2,3],"tags":[],"class_list":["post-22915","post","type-post","status-publish","format-standard","has-post-thumbnail","hentry","category-featured","category-societe"],"_links":{"self":[{"href":"https:\/\/www.lintelligentdabidjan.info\/news\/wp-json\/wp\/v2\/posts\/22915","targetHints":{"allow":["GET"]}}],"collection":[{"href":"https:\/\/www.lintelligentdabidjan.info\/news\/wp-json\/wp\/v2\/posts"}],"about":[{"href":"https:\/\/www.lintelligentdabidjan.info\/news\/wp-json\/wp\/v2\/types\/post"}],"author":[{"embeddable":true,"href":"https:\/\/www.lintelligentdabidjan.info\/news\/wp-json\/wp\/v2\/users\/3"}],"replies":[{"embeddable":true,"href":"https:\/\/www.lintelligentdabidjan.info\/news\/wp-json\/wp\/v2\/comments?post=22915"}],"version-history":[{"count":1,"href":"https:\/\/www.lintelligentdabidjan.info\/news\/wp-json\/wp\/v2\/posts\/22915\/revisions"}],"predecessor-version":[{"id":22917,"href":"https:\/\/www.lintelligentdabidjan.info\/news\/wp-json\/wp\/v2\/posts\/22915\/revisions\/22917"}],"wp:featuredmedia":[{"embeddable":true,"href":"https:\/\/www.lintelligentdabidjan.info\/news\/wp-json\/wp\/v2\/media\/22916"}],"wp:attachment":[{"href":"https:\/\/www.lintelligentdabidjan.info\/news\/wp-json\/wp\/v2\/media?parent=22915"}],"wp:term":[{"taxonomy":"category","embeddable":true,"href":"https:\/\/www.lintelligentdabidjan.info\/news\/wp-json\/wp\/v2\/categories?post=22915"},{"taxonomy":"post_tag","embeddable":true,"href":"https:\/\/www.lintelligentdabidjan.info\/news\/wp-json\/wp\/v2\/tags?post=22915"}],"curies":[{"name":"wp","href":"https:\/\/api.w.org\/{rel}","templated":true}]}}