{"id":22934,"date":"2020-09-18T13:24:39","date_gmt":"2020-09-18T11:24:39","guid":{"rendered":"https:\/\/www.lintelligentdabidjan.info\/news\/?p=22934"},"modified":"2020-09-18T13:24:59","modified_gmt":"2020-09-18T11:24:59","slug":"seth-koko-recu-par-olusegun-obasanjo-ex-president-du-nigeria","status":"publish","type":"post","link":"https:\/\/www.lintelligentdabidjan.info\/news\/seth-koko-recu-par-olusegun-obasanjo-ex-president-du-nigeria\/","title":{"rendered":"Seth KOKO re\u00e7u par Olusegun Obasanjo ex Pr\u00e9sident du Nig\u00e9ria"},"content":{"rendered":"<p><em><strong>Arriv\u00e9 au Nigeria dans le cadre de sa mission de consultation des organes de d\u00e9cision de la CEDEAO, le leader du Mouvement L&#8217;ALTERNATIVE-CI a pr\u00e9alablement \u00e9t\u00e9 re\u00e7u \u00e0 Lagos par le Ministre de l&#8217;Int\u00e9rieur du Nigeria, Monsieur Rauf Aregbesola avant d&#8217;\u00eatre re\u00e7u pour la 5\u00e8me fois cons\u00e9cutive par l&#8217;homme le plus influent du Nigeria, le Pr\u00e9sident Obasanjo, en sa r\u00e9sidence priv\u00e9e d&#8217;Abeokuta, dans l&#8217;\u00c9tat d&#8217;Ogun State.<\/strong><\/em><\/p>\n<p>Seth KOKO avait suspendu sa candidature \u00e0 la pr\u00e9sidentielle du 31 Octobre 2020 en contestation de la candidature &#8220;ill\u00e9gale&#8221; du Pr\u00e9sident sortant Alassane Ouattara, avant de s&#8217;assigner la mission le 29 ao\u00fbt dernier de porter la voix de l&#8217;opposition aupr\u00e8s des Organisations sous-r\u00e9gionales et internationales.<\/p>\n<p>Cette approche remarquable a pour but, d&#8217;obtenir le respect de la Constitution ivoirienne par le Pr\u00e9sident sortant qui est \u00e0 la fin de son 2\u00e8me et dernier mandat, le report du scrutin, la recomposition des CEI locales et l&#8217;organisation d&#8217;une \u00e9lection cr\u00e9dible, apais\u00e9e et inclusive.<\/p>\n<p>Dans ce cadre, le leader de L&#8217;ALTERNATIVE-CI sera \u00e9galement re\u00e7u au si\u00e8ge de la CEDEAO, de l&#8217;ONU, de l&#8217;UA, de l&#8217;UE et de bien d&#8217;autres chancelleries africaines locales, puis au Ghana, avant de se rendre en Europe o\u00f9 il rencontrera les leaders politiques ivoiriens en exil.<\/p>\n<p>&#8221; La C\u00f4te d&#8217;ivoire a assez souffert. Nous n&#8217;avons pas le droit de lui imposer une \u00e9ni\u00e8me crise post \u00e9lectorale en contribuant \u00e0 la violation flagrante de sa Constitution. La politique est un m\u00e9tier o\u00f9 l&#8217;on fait la promotion de la d\u00e9mocratie avec un point d&#8217;honneur sur le respect du droit. Nous sommes convaincus que sous peu, le cas de la C\u00f4te d&#8217;Ivoire sera analys\u00e9 par les constitutionnalistes de la  Communaut\u00e9 Internationale dans le but de faire respecter la constitution ivoirienne. <\/p>\n<p>Pour y parvenir, l&#8217;opposition doit rest\u00e9 solidaire. \u00c0 cet effet, des \u00e9changes ont \u00e9t\u00e9 initi\u00e9s avec la plus part des responsables de partis politiques recal\u00e9s ou valid\u00e9s par le Conseil Constitutionnel . Nous sommes convaincus de ce que le coup d&#8217;Etat civil du Pr\u00e9sident Ouattara ne passera pas si nous parlons d&#8217;une seule voix. &#8221; \u00e0 dit le leader du Mouvement L&#8217;ALTERNATIVE-CI.<\/p>\n<p><strong>SerCom<br \/>\nwww.lalternativeci.org<\/strong><\/p>\n","protected":false},"excerpt":{"rendered":"<p>Arriv\u00e9 au Nigeria dans le cadre de sa mission de consultation des organes de d\u00e9cision de la CEDEAO, le leader du Mouvement L&#8217;ALTERNATIVE-CI a pr\u00e9alablement \u00e9t\u00e9 re\u00e7u \u00e0 Lagos par le Ministre de l&#8217;Int\u00e9rieur du Nigeria, Monsieur Rauf Aregbesola avant d&#8217;\u00eatre re\u00e7u pour la 5\u00e8me fois cons\u00e9cutive par l&#8217;homme le plus influent du Nigeria, le [&hellip;]<\/p>\n","protected":false},"author":3,"featured_media":22935,"comment_status":"closed","ping_status":"closed","sticky":false,"template":"","format":"standard","meta":{"_monsterinsights_skip_tracking":false,"_monsterinsights_sitenote_active":false,"_monsterinsights_sitenote_note":"","_monsterinsights_sitenote_category":0,"footnotes":""},"categories":[2,1,3],"tags":[],"class_list":["post-22934","post","type-post","status-publish","format-standard","has-post-thumbnail","hentry","category-featured","category-actualites","category-societe"],"_links":{"self":[{"href":"https:\/\/www.lintelligentdabidjan.info\/news\/wp-json\/wp\/v2\/posts\/22934","targetHints":{"allow":["GET"]}}],"collection":[{"href":"https:\/\/www.lintelligentdabidjan.info\/news\/wp-json\/wp\/v2\/posts"}],"about":[{"href":"https:\/\/www.lintelligentdabidjan.info\/news\/wp-json\/wp\/v2\/types\/post"}],"author":[{"embeddable":true,"href":"https:\/\/www.lintelligentdabidjan.info\/news\/wp-json\/wp\/v2\/users\/3"}],"replies":[{"embeddable":true,"href":"https:\/\/www.lintelligentdabidjan.info\/news\/wp-json\/wp\/v2\/comments?post=22934"}],"version-history":[{"count":1,"href":"https:\/\/www.lintelligentdabidjan.info\/news\/wp-json\/wp\/v2\/posts\/22934\/revisions"}],"predecessor-version":[{"id":22936,"href":"https:\/\/www.lintelligentdabidjan.info\/news\/wp-json\/wp\/v2\/posts\/22934\/revisions\/22936"}],"wp:featuredmedia":[{"embeddable":true,"href":"https:\/\/www.lintelligentdabidjan.info\/news\/wp-json\/wp\/v2\/media\/22935"}],"wp:attachment":[{"href":"https:\/\/www.lintelligentdabidjan.info\/news\/wp-json\/wp\/v2\/media?parent=22934"}],"wp:term":[{"taxonomy":"category","embeddable":true,"href":"https:\/\/www.lintelligentdabidjan.info\/news\/wp-json\/wp\/v2\/categories?post=22934"},{"taxonomy":"post_tag","embeddable":true,"href":"https:\/\/www.lintelligentdabidjan.info\/news\/wp-json\/wp\/v2\/tags?post=22934"}],"curies":[{"name":"wp","href":"https:\/\/api.w.org\/{rel}","templated":true}]}}