{"id":22985,"date":"2020-09-21T00:33:51","date_gmt":"2020-09-20T22:33:51","guid":{"rendered":"https:\/\/www.lintelligentdabidjan.info\/news\/?p=22985"},"modified":"2020-09-21T00:35:08","modified_gmt":"2020-09-20T22:35:08","slug":"presidentielle-2020-les-africains-vivant-en-europe-appellent-a-lapaisement","status":"publish","type":"post","link":"https:\/\/www.lintelligentdabidjan.info\/news\/presidentielle-2020-les-africains-vivant-en-europe-appellent-a-lapaisement\/","title":{"rendered":"Pr\u00e9sidentielle 2020-  Les Africains vivant en Europe appellent \u00e0 l\u2019apaisement"},"content":{"rendered":"<p><em><strong>La mission conjointe d\u2019apaisement de la diaspora africaine en Europe et de la soci\u00e9t\u00e9 civile africaine, a appel\u00e9 le lundi 14 septembre 2020, \u00e0 Abidjan-Plateau, la classe politique \u00e0 l\u2019apaisement.<\/strong><\/em><\/p>\n<p>\u00abLa mission conjointe d\u2019apaisement de la diaspora africaine en Europe et de la soci\u00e9t\u00e9 civile africaine, souhaite vivement que les \u00e9lections pr\u00e9sidentielles \u00e0 venir se passent dans la paix et la non-violence, en \u00e9tant inclusive et permettant la participation de toutes les filles et tous les fils de ce pays \u00bb, a d\u00e9clar\u00e9 Dongui Mariama, secr\u00e9taire permanente de la mission.  \u00ab La C\u00f4te d\u2019Ivoire \u00e9tant un pays d\u00e9mocratique et de libert\u00e9s, il est normal que naissent des d\u00e9bats contradictoires d\u2019id\u00e9es et que chaque camp, voire chaque ivoirien ait sa position sur la question \u00bb, a-t-elle expliqu\u00e9. Elle a, par ailleurs, invit\u00e9 les guides et les leaders religieux \u00e0 tout mettre en \u0153uvre, par leurs actes, leurs paroles et leurs pri\u00e8res, pour \u00e9viter que la C\u00f4te d\u2019Ivoire replonge dans une nouvelle crise li\u00e9e aux \u00e9lections, apr\u00e8s celle de 2011. Aussi, a-t-elle condamn\u00e9 les violences intervenues lors des r\u00e9centes manifestations contre la candidature d\u2019Alassane Ouattara jug\u00e9e anticonstitutionnelle par l\u2019opposition. \u00ab La mission conjointe d\u2019apaisement de la diaspora africaine en Europe et de la soci\u00e9t\u00e9 civile africaine voudraient aussi exhorter les Ivoiriens, qu\u2019ils soient de l\u2019opposition ou du parti au pouvoir, sur le respect des institutions de leur pays \u00bb. La mission compte contribuer \u00e0 l\u2019apaisement de la situation sociopolitique en C\u00f4te d\u2019Ivoire \u00e0 travers des \u00e9changes avec les acteurs de la classe politique ivoirienne, des rencontres avec la soci\u00e9t\u00e9 civile et la sensibilisation du peuple ivoirien par des tourn\u00e9es et des actions de proximit\u00e9 sur la non-violence, la confiance dans les structures charg\u00e9es d\u2019organiser les \u00e9lections et le respect des institutions de la R\u00e9publique. Elle a  par ailleurs d\u00e9p\u00each\u00e9 en C\u00f4te d\u2019Ivoire une d\u00e9l\u00e9gation de 5 personnes venues de diff\u00e9rents pays depuis le 15 ao\u00fbt 2020.<\/p>\n<p><strong> M.O  avec Sercom<\/strong><\/p>\n","protected":false},"excerpt":{"rendered":"<p>La mission conjointe d\u2019apaisement de la diaspora africaine en Europe et de la soci\u00e9t\u00e9 civile africaine, a appel\u00e9 le lundi 14 septembre 2020, \u00e0 Abidjan-Plateau, la classe politique \u00e0 l\u2019apaisement. \u00abLa mission conjointe d\u2019apaisement de la diaspora africaine en Europe et de la soci\u00e9t\u00e9 civile africaine, souhaite vivement que les \u00e9lections pr\u00e9sidentielles \u00e0 venir se [&hellip;]<\/p>\n","protected":false},"author":3,"featured_media":22986,"comment_status":"closed","ping_status":"closed","sticky":false,"template":"","format":"standard","meta":{"footnotes":""},"categories":[2,17],"tags":[],"class_list":["post-22985","post","type-post","status-publish","format-standard","has-post-thumbnail","hentry","category-featured","category-politique"],"_links":{"self":[{"href":"https:\/\/www.lintelligentdabidjan.info\/news\/wp-json\/wp\/v2\/posts\/22985","targetHints":{"allow":["GET"]}}],"collection":[{"href":"https:\/\/www.lintelligentdabidjan.info\/news\/wp-json\/wp\/v2\/posts"}],"about":[{"href":"https:\/\/www.lintelligentdabidjan.info\/news\/wp-json\/wp\/v2\/types\/post"}],"author":[{"embeddable":true,"href":"https:\/\/www.lintelligentdabidjan.info\/news\/wp-json\/wp\/v2\/users\/3"}],"replies":[{"embeddable":true,"href":"https:\/\/www.lintelligentdabidjan.info\/news\/wp-json\/wp\/v2\/comments?post=22985"}],"version-history":[{"count":1,"href":"https:\/\/www.lintelligentdabidjan.info\/news\/wp-json\/wp\/v2\/posts\/22985\/revisions"}],"predecessor-version":[{"id":22987,"href":"https:\/\/www.lintelligentdabidjan.info\/news\/wp-json\/wp\/v2\/posts\/22985\/revisions\/22987"}],"wp:featuredmedia":[{"embeddable":true,"href":"https:\/\/www.lintelligentdabidjan.info\/news\/wp-json\/wp\/v2\/media\/22986"}],"wp:attachment":[{"href":"https:\/\/www.lintelligentdabidjan.info\/news\/wp-json\/wp\/v2\/media?parent=22985"}],"wp:term":[{"taxonomy":"category","embeddable":true,"href":"https:\/\/www.lintelligentdabidjan.info\/news\/wp-json\/wp\/v2\/categories?post=22985"},{"taxonomy":"post_tag","embeddable":true,"href":"https:\/\/www.lintelligentdabidjan.info\/news\/wp-json\/wp\/v2\/tags?post=22985"}],"curies":[{"name":"wp","href":"https:\/\/api.w.org\/{rel}","templated":true}]}}