{"id":2352,"date":"2017-01-16T13:56:55","date_gmt":"2017-01-16T12:56:55","guid":{"rendered":"http:\/\/www.lintelligentdabidjan.info\/news\/?p=2352"},"modified":"2017-01-16T13:56:55","modified_gmt":"2017-01-16T12:56:55","slug":"inhumation-marie-louise-asseu-repose-a-affery","status":"publish","type":"post","link":"https:\/\/www.lintelligentdabidjan.info\/news\/inhumation-marie-louise-asseu-repose-a-affery\/","title":{"rendered":"Inhumation : Marie-Louise Asseu repose \u00e0 Affery"},"content":{"rendered":"<p>Marie-Louise Asseu repose au cimeti\u00e8re protestant d\u2019Aff\u00e9ry depuis le samedi 14 janvier 2017.  Avant cela, son corps a \u00e9t\u00e9 port\u00e9 \u00e0 l\u2019\u00e9glise M\u00e9thodiste Unie B\u00e9thel pour la messe de requiem.<!--more--><\/p>\n<p> Avant cette c\u00e9r\u00e9monie, Patrick Achi, Secr\u00e9taire g\u00e9n\u00e9ral de la Pr\u00e9sidence  a d\u00e9clar\u00e9 : \u00ab aucun incident n\u2019a \u00e9t\u00e9 observ\u00e9 durant toutes les \u00e9tapes des obs\u00e8ques. Puis, il s\u2019est dit porteur d\u2019un message du couple  pr\u00e9sidentiel lequel message  a \u00e9t\u00e9 bien per\u00e7u par les populations d\u2019Aff\u00e9ry, d\u2019Adzop\u00e9 et de toute la r\u00e9gion.  Car, dit-il \u00ab  la grande inqui\u00e9tude de la Premi\u00e8re dame et des populations, apr\u00e8s le rappel de sa fille,  \u00e9tait d\u2019assurer \u00e0 Marie-Louise Asseu  des fun\u00e9railles dignes. Cela au regard de la dimension internationale de l\u2019artiste. C\u2019est pourquoi, au nom de tous mes parents, j\u2019aimerais t\u00e9moigner notre gratitude au pr\u00e9sident de la R\u00e9publique et \u00e0 son \u00e9pouse, au gouvernement et \u00e0 l\u2019ensemble des donateurs\u00bb.  A Abidjan,  le vendredi 13 janvier,   la d\u00e9funte a \u00e9t\u00e9 faite Chevalier dans l\u2019Ordre du M\u00e9rite \u00e0 titre Posthume et le cort\u00e8ge fun\u00e8bre s\u2019est \u00e9branl\u00e9 pour Affery  o\u00f9 un arr\u00eat a \u00e9t\u00e9 marqu\u00e9 \u00e0 Adzop\u00e9 pour un lancement symbolique de ce qui devait \u00eatre la Cinqui\u00e8me \u00e9dition du Festival Lay\u00e9 de Marie-Louise Asseu.  Une  veill\u00e9e traditionnelle et artistique \u00e0 Affery a pr\u00e9c\u00e9d\u00e9e l\u2019ultime s\u00e9paration.  La population d\u2019Aff\u00e9ry, rassembl\u00e9e autour de leur chef Nanan Beda Assi, a remis le couvert  le samedi pour un ultime au revoir \u00e0  Marie-Louise Asseu.  Le chef a  r\u00e9v\u00e9l\u00e9 : \u00abLes com\u00e9diennes Dan Love et Dent De Man m\u2019ont avou\u00e9 que Malou s\u2019\u00e9tait manifest\u00e9 \u00e0 elle. Elles en souffrent. Elles m\u2019ont donc sollicit\u00e9 afin de faire cette pri\u00e8re pour le repos de l\u2019\u00e2me de Marie-Louise\u00bb. La  s\u00e9paration a \u00e9t\u00e9 douloureuse et d\u00e9chirante.  <\/p>\n<p>MO<\/p>\n","protected":false},"excerpt":{"rendered":"<p>Marie-Louise Asseu repose au cimeti\u00e8re protestant d\u2019Aff\u00e9ry depuis le samedi 14 janvier 2017. Avant cela, son corps a \u00e9t\u00e9 port\u00e9 \u00e0 l\u2019\u00e9glise M\u00e9thodiste Unie B\u00e9thel pour la messe de requiem.<\/p>\n","protected":false},"author":2,"featured_media":2353,"comment_status":"closed","ping_status":"closed","sticky":false,"template":"","format":"standard","meta":{"_monsterinsights_skip_tracking":false,"_monsterinsights_sitenote_active":false,"_monsterinsights_sitenote_note":"","_monsterinsights_sitenote_category":0,"footnotes":""},"categories":[3],"tags":[],"class_list":["post-2352","post","type-post","status-publish","format-standard","has-post-thumbnail","hentry","category-societe"],"_links":{"self":[{"href":"https:\/\/www.lintelligentdabidjan.info\/news\/wp-json\/wp\/v2\/posts\/2352","targetHints":{"allow":["GET"]}}],"collection":[{"href":"https:\/\/www.lintelligentdabidjan.info\/news\/wp-json\/wp\/v2\/posts"}],"about":[{"href":"https:\/\/www.lintelligentdabidjan.info\/news\/wp-json\/wp\/v2\/types\/post"}],"author":[{"embeddable":true,"href":"https:\/\/www.lintelligentdabidjan.info\/news\/wp-json\/wp\/v2\/users\/2"}],"replies":[{"embeddable":true,"href":"https:\/\/www.lintelligentdabidjan.info\/news\/wp-json\/wp\/v2\/comments?post=2352"}],"version-history":[{"count":1,"href":"https:\/\/www.lintelligentdabidjan.info\/news\/wp-json\/wp\/v2\/posts\/2352\/revisions"}],"predecessor-version":[{"id":2354,"href":"https:\/\/www.lintelligentdabidjan.info\/news\/wp-json\/wp\/v2\/posts\/2352\/revisions\/2354"}],"wp:featuredmedia":[{"embeddable":true,"href":"https:\/\/www.lintelligentdabidjan.info\/news\/wp-json\/wp\/v2\/media\/2353"}],"wp:attachment":[{"href":"https:\/\/www.lintelligentdabidjan.info\/news\/wp-json\/wp\/v2\/media?parent=2352"}],"wp:term":[{"taxonomy":"category","embeddable":true,"href":"https:\/\/www.lintelligentdabidjan.info\/news\/wp-json\/wp\/v2\/categories?post=2352"},{"taxonomy":"post_tag","embeddable":true,"href":"https:\/\/www.lintelligentdabidjan.info\/news\/wp-json\/wp\/v2\/tags?post=2352"}],"curies":[{"name":"wp","href":"https:\/\/api.w.org\/{rel}","templated":true}]}}